{"id":23654,"date":"2015-11-27T07:05:11","date_gmt":"2015-11-27T06:05:11","guid":{"rendered":"http:\/\/www.invarena.cz\/?p=23654"},"modified":"2015-11-27T07:05:11","modified_gmt":"2015-11-27T06:05:11","slug":"na-cvut-vyvinuli-pokrocily-navigacni-system-pro-nevidome","status":"publish","type":"post","link":"https:\/\/www.invarena.cz\/?p=23654","title":{"rendered":"Na \u010cVUT vyvinuli pokro\u010dil\u00fd naviga\u010dn\u00ed syst\u00e9m pro nevidom\u00e9"},"content":{"rendered":"<p><strong>Nen\u00e1padn\u00e9 za\u0159\u00edzen\u00ed na slepeck\u00e9 holi v kombinaci s chytr\u00fdm telefonem uleh\u010duje nevidom\u00fdm orientaci v prostoru. Na Fakult\u011b elektrotechnick\u00e9 \u010cesk\u00e9ho vysok\u00e9ho u\u010den\u00ed technick\u00e9ho v Praze vyvinuli syst\u00e9m pokro\u010dil\u00e9 navigace. <\/strong><!--more--><\/p>\n<p>Prost\u0159ednictv\u00edm hlasov\u00e9 komunikace se mohou nevidom\u00ed spojit s naviga\u010dn\u00edm centrem a d\u00edky obrazu z kamery mohou dost\u00e1vat p\u0159esn\u00e9 instrukce. Novinku na dne\u0161n\u00ed tiskov\u00e9 konferenci p\u0159edstavil \u0159e\u0161itel projektu Ji\u0159\u00ed Chod.<\/p>\n<p>Jedn\u00e1 se o nejnov\u011bj\u0161\u00ed z \u0159ady projekt\u016f \u010cVUT zam\u011b\u0159en\u00fdch na vyu\u017eit\u00ed modern\u00edch technologi\u00ed na pomoc nevidom\u00fdm. U\u017eivatel za\u0159\u00edzen\u00ed ovl\u00e1d\u00e1 prost\u0159ednictv\u00edm p\u011bti tla\u010d\u00edtek, jejich\u017e z\u00e1kladn\u00edmi funkcemi je p\u0159ihl\u00e1\u0161en\u00ed do naviga\u010dn\u00edho st\u0159ediska, aktivace kamery, p\u0159e\u010dten\u00ed stavu, hlasov\u00e1 komunikace a potvrzen\u00ed volby. Na jedno nabit\u00ed vydr\u017e\u00ed toto za\u0159\u00edzen\u00ed fungovat asi \u0161estn\u00e1ct hodin.<\/p>\n<p>Po\u010d\u00edt\u00e1 se se dv\u011bma typy naviga\u010dn\u00edch st\u0159edisek, uvedl Chod. Na b\u011b\u017en\u00fdch tras\u00e1ch by nevidom\u00e9ho mohli po za\u0161kolen\u00ed navigovat jeho rodinn\u00ed p\u0159\u00edslu\u0161n\u00edci. U slo\u017eit\u011bj\u0161\u00edch by pak m\u011bla p\u0159evz\u00edt tuto roli profesion\u00e1ln\u00ed st\u0159ediska. &#8222;Nyn\u00ed je vid\u00edme v Praze, Brn\u011b a Karlov\u00fdch Varech,&#8220; doplnil \u0159e\u0161itel projektu.<\/p>\n<p>Spojen\u00ed prost\u0159ednictv\u00edm kamery umo\u017e\u0148uje pomoc nevidom\u00fdm v b\u011b\u017en\u00fdch situac\u00edch, nap\u0159\u00edklad p\u0159i v\u00fdb\u011bru zbo\u017e\u00ed z reg\u00e1lu v obchod\u011b nebo nalezen\u00ed t\u00e9 spr\u00e1vn\u00e9 ordinace na poliklinice. Michal Rada z \u00da\u0159adu vl\u00e1dy, kter\u00fd se jako nevidom\u00fd pod\u00edlel na v\u00fdvoji nov\u00e9 pom\u016fcky, ocenil sklouben\u00ed n\u00e1pad\u016f v\u00fdzkumn\u00edk\u016f s re\u00e1ln\u00fdmi pot\u0159ebami nevidom\u00fdch.<\/p>\n<p>Se s\u00e9riovou v\u00fdrobou by se m\u011blo za\u010d\u00edt ve druh\u00e9m \u010dtvrtlet\u00ed 2016. Nevidom\u00ed budou moci tuto pom\u016fcku z\u00edskat prost\u0159ednictv\u00edm TyfloCenter, kde budou tak\u00e9 za\u0161koleni v jej\u00edm pou\u017e\u00edv\u00e1n\u00ed. Mobiln\u00ed oper\u00e1tor T-Mobile pak v\u0161em u\u017eivatel\u016fm poskytne datov\u00e9 slu\u017eby zdarma.<\/p>\n<p>Uveden\u00edm do provozu ale v\u00fdvoj neskon\u010d\u00ed. \u0158e\u0161itel\u00e9 cht\u011bj\u00ed pracovat nap\u0159\u00edklad na bezdr\u00e1tov\u00e9m dob\u00edjen\u00ed, kter\u00e9 by zv\u00fd\u0161ilo u\u017eivatelsk\u00fd komfort. &#8222;R\u00e1di bychom tak\u00e9 vyvinuli br\u00fdle ve spojen\u00ed s handsfree, aby nevidom\u00ed nemuseli nosit telefon na krku,&#8220; doplnil Chod.<\/p>\n","protected":false},"excerpt":{"rendered":"<div class=\"mh-excerpt\"><p>Nen\u00e1padn\u00e9 za\u0159\u00edzen\u00ed na slepeck\u00e9 holi v kombinaci s chytr\u00fdm telefonem uleh\u010duje nevidom\u00fdm orientaci v prostoru. Na Fakult\u011b elektrotechnick\u00e9 \u010cesk\u00e9ho vysok\u00e9ho u\u010den\u00ed technick\u00e9ho v Praze vyvinuli <a class=\"mh-excerpt-more\" href=\"https:\/\/www.invarena.cz\/?p=23654\" title=\"Na \u010cVUT vyvinuli pokro\u010dil\u00fd naviga\u010dn\u00ed syst\u00e9m pro nevidom\u00e9\">[&#8230;]<\/a><\/p>\n<\/div>","protected":false},"author":1,"featured_media":21011,"comment_status":"open","ping_status":"closed","sticky":false,"template":"","format":"standard","meta":{"footnotes":""},"categories":[7],"tags":[],"class_list":["post-23654","post","type-post","status-publish","format-standard","has-post-thumbnail","hentry","category-spolecnost"],"_links":{"self":[{"href":"https:\/\/www.invarena.cz\/index.php?rest_route=\/wp\/v2\/posts\/23654","targetHints":{"allow":["GET"]}}],"collection":[{"href":"https:\/\/www.invarena.cz\/index.php?rest_route=\/wp\/v2\/posts"}],"about":[{"href":"https:\/\/www.invarena.cz\/index.php?rest_route=\/wp\/v2\/types\/post"}],"author":[{"embeddable":true,"href":"https:\/\/www.invarena.cz\/index.php?rest_route=\/wp\/v2\/users\/1"}],"replies":[{"embeddable":true,"href":"https:\/\/www.invarena.cz\/index.php?rest_route=%2Fwp%2Fv2%2Fcomments&post=23654"}],"version-history":[{"count":0,"href":"https:\/\/www.invarena.cz\/index.php?rest_route=\/wp\/v2\/posts\/23654\/revisions"}],"wp:featuredmedia":[{"embeddable":true,"href":"https:\/\/www.invarena.cz\/index.php?rest_route=\/wp\/v2\/media\/21011"}],"wp:attachment":[{"href":"https:\/\/www.invarena.cz\/index.php?rest_route=%2Fwp%2Fv2%2Fmedia&parent=23654"}],"wp:term":[{"taxonomy":"category","embeddable":true,"href":"https:\/\/www.invarena.cz\/index.php?rest_route=%2Fwp%2Fv2%2Fcategories&post=23654"},{"taxonomy":"post_tag","embeddable":true,"href":"https:\/\/www.invarena.cz\/index.php?rest_route=%2Fwp%2Fv2%2Ftags&post=23654"}],"curies":[{"name":"wp","href":"https:\/\/api.w.org\/{rel}","templated":true}]}}