{"id":23668,"date":"2015-11-28T18:13:46","date_gmt":"2015-11-28T17:13:46","guid":{"rendered":"http:\/\/www.invarena.cz\/?p=23668"},"modified":"2015-11-28T18:47:50","modified_gmt":"2015-11-28T17:47:50","slug":"svaz-vcelaru-zakazal-prodej-vsech-vyrobku-spolecnosti-vcelpo","status":"publish","type":"post","link":"https:\/\/www.invarena.cz\/?p=23668","title":{"rendered":"Svaz v\u010dela\u0159\u016f zak\u00e1zal prodej v\u0161ech v\u00fdrobk\u016f spole\u010dnosti V\u010delpo"},"content":{"rendered":"<p><strong>Veden\u00ed \u010cesk\u00e9ho svazu v\u010dela\u0159\u016f (\u010cSV) dnes rozhodlo o okam\u017eit\u00e9m zastaven\u00ed expedice a prodeje v\u0161ech v\u00fdrobk\u016f spole\u010dnosti V\u010delpo.<\/strong><!--more--><\/p>\n<p>Svaz v\u010dela\u0159\u016f zak\u00e1zal prodej v\u0161ech v\u00fdrobk\u016f spole\u010dnosti V\u010delpo<\/p>\n<p>Reaguje tak na \u010dtvrte\u010dn\u00ed zve\u0159ejn\u011bn\u00ed v\u00fdsledk\u016f St\u00e1tn\u00ed zem\u011bd\u011blsk\u00e9 a potravin\u00e1\u0159sk\u00e9 inspekce (SZPI) ohledn\u011b p\u0159\u00edtomnosti antibiotik v medu V\u010delpa. Spole\u010dnost o tom informovala na <span class=\"linkTagNoBg\"><a href=\"http:\/\/www.vcelpo.cz\/clanky-a-recepty\/zajimavosti\/tiskova-zprava-vedeni-csv-zs\" target=\"_blank\">webov\u00fdch str\u00e1nk\u00e1ch<\/a><\/span>, na z\u00e1kaz prodeje upozornila televize FTV Prima. Pou\u017e\u00edv\u00e1n\u00ed antibiotik p\u0159i l\u00e9\u010den\u00ed v\u010del je v Evropsk\u00e9 unii zak\u00e1zan\u00e9.<\/p>\n<p>&#8222;Jednotliv\u00e9 druhy v\u00fdrobk\u016f a \u0161ar\u017e\u00ed budou uvol\u0148ov\u00e1ny v n\u00e1sleduj\u00edc\u00edm obdob\u00ed do expedice a prodeje pouze s negativn\u00edm v\u00fdsledkem laboratorn\u00edho vy\u0161et\u0159en\u00ed akreditovanou laborato\u0159\u00ed na p\u0159\u00edtomnost farmakologicky \u00fa\u010dinn\u00fdch l\u00e1tek,&#8220; uvedl v tiskov\u00e9 zpr\u00e1v\u011b p\u0159edseda \u010cesk\u00e9ho svazu v\u010dela\u0159\u016f Karel Br\u00fcckler.<\/p>\n<p>Posledn\u00ed laboratorn\u00ed rozbor potvrdil p\u0159\u00edtomnost antibiotik v 19 vzorc\u00edch medu V\u010delpa. O prvn\u00edch dvou vzorc\u00edch informoval p\u0159ed t\u00fddnem ministr zem\u011bd\u011blstv\u00ed Marian Jure\u010dka (KDU-\u010cSL).<\/p>\n<p>Ministr minul\u00fd t\u00fdden \u0159ekl, \u017ee mno\u017estv\u00ed antibiotik by nem\u011blo b\u00fdt pro lidsk\u00fd organismus nebezpe\u010dn\u00e9. &#8222;Dal\u0161\u00ed rozbory potvrdily p\u0159\u00edtomnost antibiotik streptomycin a sulfonamid\u016f, tedy sulfathiazolu a asulfadimidinu. Zat\u00edm v jednom p\u0159\u00edpad\u011b byla potvrzena p\u0159\u00edtomnost chloramfenikolu. Jedn\u00e1 se o farmakologicky \u00fa\u010dinn\u00e9 l\u00e1tky,&#8220; sd\u011blil ve \u010dtvrtek mluv\u010d\u00ed SZPI Pavel Kop\u0159iva. V medu se nesm\u00ed vyskytovat.<\/p>\n<p>V\u0161echny \u0161ar\u017ee odebrala SZPI v Kauflandu a pozastavila jejich uv\u00e1d\u011bn\u00ed do ob\u011bhu u\u017e minul\u00fd t\u00fdden.<\/p>\n<p>Antibiotika se do medu dostala pravd\u011bpodobn\u011b z p\u0159\u00edm\u011bsi zahrani\u010dn\u00edho medu. V\u011bt\u0161ina med\u016f nesla ozna\u010den\u00ed, \u017ee jde o \u010desk\u00fd v\u00fdrobek. N\u011bkter\u00e9 p\u0159izn\u00e1valy, \u017ee jsou mixem med\u016f ze zem\u00ed Evropsk\u00e9 unie a z dal\u0161\u00edch zem\u00ed. Jde o r\u016fzn\u00e9 medy spole\u010dnosti V\u010delpo v balen\u00ed 450 a 900 gram\u016f.<\/p>\n<p>Svaz nyn\u00ed zji\u0161\u0165uje, jak\u00fdm zp\u016fsobem se do medu antibiotika dostala, respektive kter\u00fd dodavatel firm\u011b med ozna\u010den\u00fd za \u010desk\u00fd prodal. Firma si za\u010dne uchov\u00e1vat kontroln\u00ed vzorky od ka\u017ed\u00e9ho dodavatele a bude v\u00edce kontrolovat sv\u00e9 prod\u00e1van\u00e9 v\u00fdrobky.<\/p>\n<p>V\u010delpo vlastn\u00ed \u010cesk\u00fd svaz v\u010dela\u0159\u016f, kter\u00fd ministerstvo podporuje dotacemi. P\u0159edsednictvo republikov\u00e9ho v\u00fdboru \u010cSV zasedalo v pond\u011bl\u00ed a odvolalo dozor\u010d\u00ed radu V\u010delpa. V prosinci na sjezdu zvol\u00ed i nov\u00e9 p\u0159edsednictvo firmy.<\/p>\n","protected":false},"excerpt":{"rendered":"<div class=\"mh-excerpt\"><p>Veden\u00ed \u010cesk\u00e9ho svazu v\u010dela\u0159\u016f (\u010cSV) dnes rozhodlo o okam\u017eit\u00e9m zastaven\u00ed expedice a prodeje v\u0161ech v\u00fdrobk\u016f spole\u010dnosti V\u010delpo.<\/p>\n<\/div>","protected":false},"author":1,"featured_media":0,"comment_status":"open","ping_status":"closed","sticky":false,"template":"","format":"standard","meta":{"footnotes":""},"categories":[9],"tags":[],"class_list":["post-23668","post","type-post","status-publish","format-standard","hentry","category-zpravy"],"_links":{"self":[{"href":"https:\/\/www.invarena.cz\/index.php?rest_route=\/wp\/v2\/posts\/23668","targetHints":{"allow":["GET"]}}],"collection":[{"href":"https:\/\/www.invarena.cz\/index.php?rest_route=\/wp\/v2\/posts"}],"about":[{"href":"https:\/\/www.invarena.cz\/index.php?rest_route=\/wp\/v2\/types\/post"}],"author":[{"embeddable":true,"href":"https:\/\/www.invarena.cz\/index.php?rest_route=\/wp\/v2\/users\/1"}],"replies":[{"embeddable":true,"href":"https:\/\/www.invarena.cz\/index.php?rest_route=%2Fwp%2Fv2%2Fcomments&post=23668"}],"version-history":[{"count":0,"href":"https:\/\/www.invarena.cz\/index.php?rest_route=\/wp\/v2\/posts\/23668\/revisions"}],"wp:attachment":[{"href":"https:\/\/www.invarena.cz\/index.php?rest_route=%2Fwp%2Fv2%2Fmedia&parent=23668"}],"wp:term":[{"taxonomy":"category","embeddable":true,"href":"https:\/\/www.invarena.cz\/index.php?rest_route=%2Fwp%2Fv2%2Fcategories&post=23668"},{"taxonomy":"post_tag","embeddable":true,"href":"https:\/\/www.invarena.cz\/index.php?rest_route=%2Fwp%2Fv2%2Ftags&post=23668"}],"curies":[{"name":"wp","href":"https:\/\/api.w.org\/{rel}","templated":true}]}}