{"id":23675,"date":"2015-12-28T07:45:31","date_gmt":"2015-12-28T06:45:31","guid":{"rendered":"http:\/\/www.invarena.cz\/?p=23675"},"modified":"2015-12-28T12:50:35","modified_gmt":"2015-12-28T11:50:35","slug":"maminka-je-po-prodelane-rakovine-v-id-3-stupne-muze-pracovat","status":"publish","type":"post","link":"https:\/\/www.invarena.cz\/?p=23675","title":{"rendered":"Matka je po prod\u011blan\u00e9 rakovin\u011b v ID 3. stupn\u011b. M\u016f\u017ee pracovat?"},"content":{"rendered":"<p><strong>Dotaz:<br \/>\nMoje matka (51 let) je po prod\u011bl\u00e1n\u00ed rakoviny, dle l\u00e9ka\u0159\u016f vyhr\u00e1la, ale nechali j\u00ed 3.stupe\u0148 invalidn\u00edho d\u016fchodu a r\u00e1da by pracovala. Naskytla se j\u00ed pr\u00e1ce na 2-3 dny v t\u00fddnu a to v\u017edy jen na p\u00e1r hodin. Je to fyzicky nen\u00e1ro\u010dn\u00e1 pr\u00e1ce, je to sp\u00ed\u0161e konzultace. Maminka se c\u00edt\u00ed fit. M\u016f\u017ee j\u00edt pracovat a mus\u00ed to na soci\u00e1ln\u00ed \u00fa\u0159ad hl\u00e1sit?<\/strong><br \/>\n<!--more--><\/p>\n<p><strong>Odpov\u011b\u010f:<\/strong><br \/>\nVa\u0161e matka m\u016f\u017ee bez jak\u00fdchkoli starost\u00ed toto pracovn\u00ed m\u00edsto p\u0159ijmout. Pokud jej bude vykon\u00e1vat v uveden\u00e9m \u010dasov\u00e9m rozsahu, tak to nem\u016f\u017ee \u010cSSZ vadit. <\/p>\n<p>Kv\u016fli ID nic na \u010cSSZ hl\u00e1sit nemus\u00ed. Ale bude-li se kv\u016fli tomu registrovat jako fyzick\u00e1 osoba podnikatel, mus\u00ed se zaregistrovat i na \u010cSSZ. <\/p>\n<p>Pokud se matka nech\u00e1 za t\u00edmto \u00fa\u010delem zam\u011bstnat, pak tuto povinnost m\u00e1 zam\u011bstnavatel. Ten tak\u00e9 vyhodnot\u00ed, zda se jedn\u00e1 o p\u0159\u00edpad, kdy mus\u00ed podat p\u0159\u00edhl\u00e1\u0161ku na nov\u00e9ho zam\u011bstnance na \u010cSSZ.  <\/p>\n<p>Nap\u0159\u00edklad, pokud bude kv\u016fli tomu uzav\u00edrat dohodu o pracovn\u00ed \u010dinnosti a nebude-li sjedn\u00e1n zapo\u010ditateln\u00fd p\u0159\u00edjem za kalend\u00e1\u0159n\u00ed m\u011bs\u00edc, jde podle \u00a7 7 z\u00e1kona \u010d. 187\/2006 Sb., o nemocensk\u00e9m poji\u0161t\u011bn\u00ed, v platn\u00e9m zn\u011bn\u00ed, o zam\u011bstn\u00e1n\u00ed mal\u00e9ho rozsahu. Tento zam\u011bstnanec bude \u00fa\u010dasten nemocensk\u00e9ho poji\u0161t\u011bn\u00ed v kalend\u00e1\u0159n\u00edm m\u011bs\u00edci, ve kter\u00e9m dos\u00e1hne \u010d\u00e1stky zapo\u010ditateln\u00e9ho p\u0159\u00edjmu (tj. zpravidla hrub\u00e9ho v\u00fdd\u011blku) alespo\u0148 ve v\u00fd\u0161i rozhodn\u00e9ho p\u0159\u00edjmu, kter\u00fdm je v roce 2015 \u010d\u00e1stka 2 500 K\u010d. Zam\u011bstnance mus\u00ed zam\u011bstnavatel p\u0159ihl\u00e1sit k nemocensk\u00e9mu poji\u0161t\u011bn\u00ed na \u010cSSZ do  20. dne kalend\u00e1\u0159n\u00edho kalend\u00e1\u0159n\u00edho m\u011bs\u00edce n\u00e1sleduj\u00edc\u00edho po kalend\u00e1\u0159n\u00edm m\u011bs\u00edci, v n\u011bm\u017e tomuto zam\u011bstnanci vznikla \u00fa\u010dast na poji\u0161t\u011bn\u00ed. Jako den vstupu do zam\u011bstn\u00e1n\u00ed se uvede den, ve kter\u00e9m do tohoto zam\u011bstn\u00e1n\u00ed fakticky nastoupil, a to i v p\u0159\u00edpad\u011b, \u017ee v prvn\u00edm m\u011bs\u00edci trv\u00e1n\u00ed zam\u011bstn\u00e1n\u00ed nebyl poji\u0161t\u011bn, proto\u017ee nedos\u00e1hl zapo\u010ditateln\u00e9ho p\u0159\u00edjmu ve v\u00fd\u0161i rozhodn\u00e9ho p\u0159\u00edjmu.<\/p>\n<p>Dohoda o proveden\u00ed pr\u00e1ce od 1. 1. 2012 zakl\u00e1d\u00e1 \u00fa\u010dast na nemocensk\u00e9m poji\u0161t\u011bn\u00ed v p\u0159\u00edpad\u011b, kdy byl zam\u011bstnanci v kalend\u00e1\u0159n\u00edm m\u011bs\u00edci z\u00fa\u010dtov\u00e1n zapo\u010ditateln\u00fd p\u0159\u00edjem ve vy\u0161\u0161\u00ed ne\u017e 10.000 K\u010d. M\u016f\u017ee se jednat tak\u00e9 o \u00fahrn zapo\u010ditateln\u00fdch p\u0159\u00edjm\u016f v p\u0159\u00edpad\u011b, kdy zam\u011bstnanec vykon\u00e1v\u00e1 u t\u00e9ho\u017e zam\u011bstnavatele v\u00edce dohod o proveden\u00ed pr\u00e1ce. Dohoda o pracovn\u00ed \u010dinnosti je vztahem zakl\u00e1daj\u00edc\u00edm \u00fa\u010dast na nemocensk\u00e9m poji\u0161t\u011bn\u00ed, pokud sjednan\u00fd zapo\u010ditateln\u00fd p\u0159\u00edjem dosahuje alespo\u0148 \u010d\u00e1stky rozhodn\u00e9ho p\u0159\u00edjmu. Dohoda o pracovn\u00ed \u010dinnosti zalo\u017e\u00ed \u00fa\u010dast na nemocensk\u00e9m poji\u0161t\u011bn\u00ed, pokud sjednan\u00e1 \u010d\u00e1stka zapo\u010ditateln\u00e9ho p\u0159\u00edjmu dosahuje \u010d\u00e1stky rozhodn\u00e9ho p\u0159\u00edjmu, kterou je v roce 2015 \u010d\u00e1stka 2 500 K\u010d. Sjednan\u00fd zapo\u010ditateln\u00fd p\u0159\u00edjem v tomto p\u0159\u00edpad\u011b \u010din\u00ed minim\u00e1ln\u011b n\u00e1sobek hodinov\u00e9 mzdy a m\u011bs\u00ed\u010dn\u00edho pracovn\u00edho \u00favazku, tj. \u010d\u00e1stku 8 800 K\u010d. Pojistn\u00e9 na \u010cSSZ za tyto zam\u011bstnance zam\u011bstnavatel mus\u00ed odv\u00e1d\u011bt.<\/p>\n<p>Ji\u0159\u00ed Marek<br \/>\ninvArena<\/p>\n","protected":false},"excerpt":{"rendered":"<div class=\"mh-excerpt\"><p>Dotaz: Moje matka (51 let) je po prod\u011bl\u00e1n\u00ed rakoviny, dle l\u00e9ka\u0159\u016f vyhr\u00e1la, ale nechali j\u00ed 3.stupe\u0148 invalidn\u00edho d\u016fchodu a r\u00e1da by pracovala. Naskytla se j\u00ed <a class=\"mh-excerpt-more\" href=\"https:\/\/www.invarena.cz\/?p=23675\" title=\"Matka je po prod\u011blan\u00e9 rakovin\u011b v ID 3. stupn\u011b. M\u016f\u017ee pracovat?\">[&#8230;]<\/a><\/p>\n<\/div>","protected":false},"author":3,"featured_media":16393,"comment_status":"open","ping_status":"closed","sticky":false,"template":"","format":"standard","meta":{"footnotes":""},"categories":[18],"tags":[],"class_list":["post-23675","post","type-post","status-publish","format-standard","has-post-thumbnail","hentry","category-poradna"],"_links":{"self":[{"href":"https:\/\/www.invarena.cz\/index.php?rest_route=\/wp\/v2\/posts\/23675","targetHints":{"allow":["GET"]}}],"collection":[{"href":"https:\/\/www.invarena.cz\/index.php?rest_route=\/wp\/v2\/posts"}],"about":[{"href":"https:\/\/www.invarena.cz\/index.php?rest_route=\/wp\/v2\/types\/post"}],"author":[{"embeddable":true,"href":"https:\/\/www.invarena.cz\/index.php?rest_route=\/wp\/v2\/users\/3"}],"replies":[{"embeddable":true,"href":"https:\/\/www.invarena.cz\/index.php?rest_route=%2Fwp%2Fv2%2Fcomments&post=23675"}],"version-history":[{"count":0,"href":"https:\/\/www.invarena.cz\/index.php?rest_route=\/wp\/v2\/posts\/23675\/revisions"}],"wp:featuredmedia":[{"embeddable":true,"href":"https:\/\/www.invarena.cz\/index.php?rest_route=\/wp\/v2\/media\/16393"}],"wp:attachment":[{"href":"https:\/\/www.invarena.cz\/index.php?rest_route=%2Fwp%2Fv2%2Fmedia&parent=23675"}],"wp:term":[{"taxonomy":"category","embeddable":true,"href":"https:\/\/www.invarena.cz\/index.php?rest_route=%2Fwp%2Fv2%2Fcategories&post=23675"},{"taxonomy":"post_tag","embeddable":true,"href":"https:\/\/www.invarena.cz\/index.php?rest_route=%2Fwp%2Fv2%2Ftags&post=23675"}],"curies":[{"name":"wp","href":"https:\/\/api.w.org\/{rel}","templated":true}]}}