{"id":23688,"date":"2015-12-01T07:22:54","date_gmt":"2015-12-01T06:22:54","guid":{"rendered":"http:\/\/www.invarena.cz\/?p=23688"},"modified":"2015-12-01T07:24:10","modified_gmt":"2015-12-01T06:24:10","slug":"lekari-uspesne-testovali-novy-preparat-pro-lecbu-diabeticke-nohy","status":"publish","type":"post","link":"https:\/\/www.invarena.cz\/?p=23688","title":{"rendered":"L\u00e9ka\u0159i \u00fasp\u011b\u0161n\u011b testovali nov\u00fd prepar\u00e1t pro l\u00e9\u010dbu diabetick\u00e9 nohy"},"content":{"rendered":"<p><strong>T\u00fdm l\u00e9ka\u0159\u016f a v\u011bdc\u016f z ostravsk\u00e9ho Centra bun\u011b\u010dn\u00e9 terapie 4MEDi a Fakultn\u00ed nemocnice Ostrava pracuje na nov\u00e9m prepar\u00e1tu, kter\u00fd by mohl pomoci p\u0159i l\u00e9\u010db\u011b pacient\u016f s kritickou kon\u010detinovou ischemi\u00ed zp\u016fsobenou onemocn\u011bn\u00edm perifern\u00edch tepen.<\/strong><!--more--><\/p>\n<p>P\u0159\u00edpravek se ji\u017e poda\u0159ilo \u00fasp\u011b\u0161n\u011b testovat na zv\u00ed\u0159atech a odborn\u00edci pl\u00e1nuj\u00ed ov\u011b\u0159en\u00ed jeho \u00fa\u010dinku i u pacient\u016f, \u0159ekl vedouc\u00ed odborn\u00e9ho t\u00fdmu a n\u00e1m\u011bstek \u0159editele fakultn\u00ed nemocnice V\u00e1clav Proch\u00e1zka.<\/p>\n<p>Nemoc takzvan\u00e9 diabetick\u00e9 nohy postihuje 500 a\u017e 700 nemocn\u00fdch na milion obyvatel a zhruba u t\u0159etiny pacient\u016f kon\u010d\u00ed amputac\u00ed kon\u010detiny. Nov\u011b vyv\u00edjen\u00fd p\u0159\u00edpravek by mohl podle Proch\u00e1zky t\u011bmto lidem d\u00e1t nad\u011bji na jej\u00ed z\u00e1chranu.<\/p>\n<p>&#8222;V tomto p\u0159\u00edpad\u011b vyu\u017e\u00edv\u00e1me toho, co bu\u0148ky produkuj\u00ed a to jsou proteiny, tedy r\u016fstov\u00e9 faktory. My je po kultivaci bun\u011bk odfiltrujeme a zahust\u00edme, \u010d\u00edm\u017e dos\u00e1hneme vy\u0161\u0161\u00edch koncentrac\u00ed t\u011bchto r\u016fstov\u00fdch faktor\u016f,&#8220; vysv\u011btlil Proch\u00e1zka. Laicky lze \u0159\u00edci, \u017ee p\u0159i l\u00e9\u010db\u011b by se vyu\u017e\u00edval siln\u00fd koncentr\u00e1t proteinu, kter\u00fd by p\u0159isp\u00edval k lep\u0161\u00edmu prokrvov\u00e1n\u00ed a obnov\u011b tk\u00e1n\u011b.<\/p>\n<p>Podle Proch\u00e1zky u\u017e se pozitivn\u00ed \u00fa\u010dinky tohoto prepar\u00e1tu poda\u0159ilo prok\u00e1zat v preklinick\u00e9 studii se zv\u00ed\u0159aty. Odborn\u00edci pro tuto studii vyu\u017eili 27 dosp\u011bl\u00fdch samic kr\u00e1l\u00edka, u nich\u017e vyvolali ischemii zadn\u00edch kon\u010detin. Zv\u00ed\u0159ata pak byla n\u00e1hodn\u011b rozd\u011blena do \u010dty\u0159 skupin, p\u0159i\u010dem\u017e jedn\u00e9 z nich byl pod\u00e1n pr\u00e1v\u011b prepar\u00e1t s vysokou koncentrac\u00ed r\u016fstov\u00fdch faktor\u016f.<\/p>\n<p>Ji\u017e jeden m\u011bs\u00edc po aplikaci bylo prokrven\u00ed tk\u00e1n\u00ed v ischemick\u00fdch kon\u010detin\u00e1ch ve skupin\u011b l\u00e9\u010den\u00e9 s pomoc\u00ed nov\u011b vyv\u00edjen\u00e9ho prepar\u00e1tu dvojn\u00e1sobn\u00e9 oproti skupin\u011b s placebem.<\/p>\n<p>Odborn\u00edci by tak nyn\u00ed r\u00e1di postoupili do dal\u0161\u00ed f\u00e1ze a pl\u00e1nuje klinickou studii u pacient\u016f, u kter\u00fdch je obvykl\u00e1 l\u00e9\u010dba ne\u00fa\u010dinn\u00e1 nebo vy\u010derpan\u00e1. &#8222;Dokon\u010dujeme je\u0161t\u011b jeden dal\u0161\u00ed test a b\u011bhem p\u0159\u00ed\u0161t\u00edho roku bychom cht\u011bli p\u0159ipravit klinickou zkou\u0161ku. Chyst\u00e1me se podat \u017e\u00e1dost na St\u00e1tn\u00ed \u00fastav pro kontrolu l\u00e9\u010div,&#8220; podotkl Proch\u00e1zka.<\/p>\n<p>Dodal, \u017ee v p\u0159\u00edpad\u011b \u00fasp\u011b\u0161n\u00e9 klinick\u00e9 studie ale nov\u00fd prepar\u00e1t je\u0161t\u011b mus\u00ed proj\u00edt slo\u017eit\u00fdm schvalovac\u00edm procesem. Na trh by se tak za ide\u00e1ln\u00edch podm\u00ednek mohl dostat nejd\u0159\u00edve b\u011bhem p\u011bti a\u017e deseti let.<\/p>\n<\/div>\n<\/div>\n<\/div>\n<p>&nbsp;<\/p>\n<p>&nbsp;<\/p>\n","protected":false},"excerpt":{"rendered":"<div class=\"mh-excerpt\"><p>T\u00fdm l\u00e9ka\u0159\u016f a v\u011bdc\u016f z ostravsk\u00e9ho Centra bun\u011b\u010dn\u00e9 terapie 4MEDi a Fakultn\u00ed nemocnice Ostrava pracuje na nov\u00e9m prepar\u00e1tu, kter\u00fd by mohl pomoci p\u0159i l\u00e9\u010db\u011b pacient\u016f <a class=\"mh-excerpt-more\" href=\"https:\/\/www.invarena.cz\/?p=23688\" title=\"L\u00e9ka\u0159i \u00fasp\u011b\u0161n\u011b testovali nov\u00fd prepar\u00e1t pro l\u00e9\u010dbu diabetick\u00e9 nohy\">[&#8230;]<\/a><\/p>\n<\/div>","protected":false},"author":1,"featured_media":15606,"comment_status":"open","ping_status":"closed","sticky":false,"template":"","format":"standard","meta":{"footnotes":""},"categories":[11],"tags":[],"class_list":["post-23688","post","type-post","status-publish","format-standard","has-post-thumbnail","hentry","category-zdravi"],"_links":{"self":[{"href":"https:\/\/www.invarena.cz\/index.php?rest_route=\/wp\/v2\/posts\/23688","targetHints":{"allow":["GET"]}}],"collection":[{"href":"https:\/\/www.invarena.cz\/index.php?rest_route=\/wp\/v2\/posts"}],"about":[{"href":"https:\/\/www.invarena.cz\/index.php?rest_route=\/wp\/v2\/types\/post"}],"author":[{"embeddable":true,"href":"https:\/\/www.invarena.cz\/index.php?rest_route=\/wp\/v2\/users\/1"}],"replies":[{"embeddable":true,"href":"https:\/\/www.invarena.cz\/index.php?rest_route=%2Fwp%2Fv2%2Fcomments&post=23688"}],"version-history":[{"count":0,"href":"https:\/\/www.invarena.cz\/index.php?rest_route=\/wp\/v2\/posts\/23688\/revisions"}],"wp:featuredmedia":[{"embeddable":true,"href":"https:\/\/www.invarena.cz\/index.php?rest_route=\/wp\/v2\/media\/15606"}],"wp:attachment":[{"href":"https:\/\/www.invarena.cz\/index.php?rest_route=%2Fwp%2Fv2%2Fmedia&parent=23688"}],"wp:term":[{"taxonomy":"category","embeddable":true,"href":"https:\/\/www.invarena.cz\/index.php?rest_route=%2Fwp%2Fv2%2Fcategories&post=23688"},{"taxonomy":"post_tag","embeddable":true,"href":"https:\/\/www.invarena.cz\/index.php?rest_route=%2Fwp%2Fv2%2Ftags&post=23688"}],"curies":[{"name":"wp","href":"https:\/\/api.w.org\/{rel}","templated":true}]}}