{"id":23691,"date":"2015-12-01T09:59:04","date_gmt":"2015-12-01T08:59:04","guid":{"rendered":"http:\/\/www.invarena.cz\/?p=23691"},"modified":"2015-12-01T09:59:04","modified_gmt":"2015-12-01T08:59:04","slug":"kavarna-ve-tme-mi-otevrela-oci","status":"publish","type":"post","link":"https:\/\/www.invarena.cz\/?p=23691","title":{"rendered":"Kav\u00e1rna ve tm\u011b mi otev\u0159ela o\u010di"},"content":{"rendered":"<p><strong>Te\u010f u\u017e se na sv\u011bt budu d\u00edvat jin\u00fdma o\u010dima, p\u0159izn\u00e1v\u00e1 redaktorka Den\u00edku po siln\u00e9m z\u00e1\u017eitku<\/strong><!--more--><\/p>\n<p>Hranice \u2013 Kav\u00e1rna ve tm\u011b, Hranice, 26. a\u017e 29. listopadu, od 15 do 20 hodin, st\u00e1lo v pozv\u00e1nce od Tom\u00e1\u0161e Plesn\u00edka. \u010clov\u011bka, kter\u00fd i se sv\u00fdm handicapem pom\u00e1h\u00e1 mnoha lidem. Rozhodla jsem se kav\u00e1rnu nav\u0161t\u00edvit, ov\u0161em o co asi jde, jsem si dok\u00e1zala p\u0159edstavit jen p\u0159ibli\u017en\u011b. Nem\u00e1m strach ze tmy, ale nepop\u00edr\u00e1m, \u017ee jsem m\u011bla strach z nezn\u00e1m\u00e9ho. Proto jsem \u0161la na men\u0161\u00ed v\u00fdzv\u011bdy den p\u0159edt\u00edm a pozorovala reakce lid\u00ed, kte\u0159\u00ed vych\u00e1zeli ze tmy do sv\u011btla. Jako prvn\u00ed byli \u00fapln\u011b oslepen\u00ed a pak u\u017e jsem se jen bavila jejich reakcemi typu: Ty kr\u00e1so! Tak to je mazec! Mus\u00edm se z toho nejd\u0159\u00edv vzpamatovat! Byl to neskute\u010dn\u011b siln\u00fd z\u00e1\u017eitek! V\u0161echny tyto v\u011bty mi b\u011b\u017eely hlavou, kdy\u017e jsem se podle instrukc\u00ed poprv\u00e9 chytla za rameno nevidom\u00e9ho Davida.<\/p>\n<p>M\u011bla jsem srdce a\u017e v krku, a nav\u00edc jsem \u0161la jako prvn\u00ed. David m\u011b a mou partu pomalu odvedl ke stolu, zat\u00edmco j\u00e1 jsem za n\u00edm klop\u00fdtala. &#8222;Tady jsou va\u0161e \u017eidli\u010dky, jsou dv\u011b vedle sebe, prvn\u00ed host si mus\u00ed sednout na tu vzd\u00e1len\u011bj\u0161\u00ed,&#8220; instruoval n\u00e1s vodi\u010d. Osahala jsem si \u017eidle a usadila se. Potom jsem pomoc\u00ed sv\u00fdch rukou \u0161la na v\u00fdzkum, co v\u0161echno je na stole. Hm, otv\u00edr\u00e1k a vr\u0161ky v hrn\u00ed\u010dku.<\/p>\n<p>V tom se po m\u00e9 pravici ozval p\u0159\u00edjemn\u00fd \u017eensk\u00fd hlas. &#8222;Dobr\u00fd den, j\u00e1 jsem Kl\u00e1ra a budu v\u00e1s tady dnes obsluhovat. Kdybyste cokoliv pot\u0159ebovali, sta\u010d\u00ed jen zavolat m\u00e9 jm\u00e9no. U\u017e v\u00edte, co si objedn\u00e1te?&#8220; zeptala se n\u00e1s sympatick\u00e1 \u010d\u00ed\u0161nice. V\u0161ichni jsme se shodli na pivu.<\/p>\n<p>&#8222;Zkus\u00edme si p\u0159i\u0165uknout,&#8220; napadlo n\u011bkoho. Kl\u00e1ra na tuto v\u00fdzvu zareagovala s ironi\u00ed sob\u011b vlastn\u00ed. &#8222;To chci \u201avid\u011bt\u2018. I my nevidom\u00ed m\u00e1me velk\u00e9 probl\u00e9my si p\u0159i\u0165uknout, nejv\u011bt\u0161\u00ed sranda je to s pan\u00e1kem,&#8220; vtipkovala Kl\u00e1ra. Museli jsme se rozesm\u00e1t, proto\u017ee nikoho nenapadlo, jak moc t\u011b\u017ek\u00e9 to je. Nakonec se n\u00e1m to n\u011bjak\u00fdm z\u00e1zrakem poda\u0159ilo a Kl\u00e1ra n\u00e1s pochv\u00e1lila.<\/p>\n<p>Mus\u00edm p\u0159iznat, \u017ee ve tm\u011b \u010das ut\u00edk\u00e1 rychleji. Najednou se v\u00e1m za\u010dnou d\u011blat m\u017eitky p\u0159ed o\u010dima, vid\u00edte barevn\u00e9 kruhy, a nav\u00edc nem\u00e1te jako zdrav\u00fd \u010dlov\u011bk v\u016fbec schopnost orientace v ciz\u00edm prost\u0159ed\u00ed. Cesta do sv\u011btla u\u017e byla lehk\u00e1, v\u011bd\u011bli jsme, co d\u011blat. Venku jsme na sebe chv\u00edli m\u017eourali a nechali na sebe p\u016fsobit z\u00e1\u017eitek, kter\u00fd se jen tak nebude opakovat.<\/p>\n<p>Jak ov\u0161em pov\u011bd\u011bl David, r\u00e1di by tuto akci uspo\u0159\u00e1dali i v jin\u00fdch m\u011bstech. &#8222;J\u00e1 jsem z Vala\u0161sk\u00e9ho Mezi\u0159\u00ed\u010d\u00ed, kde pl\u00e1nujeme Kav\u00e1rnu ve tm\u011b taky zkusit. Je to tady bomba,&#8220; \u0159ekl mi na sv\u011btle s t\u00edm, \u017ee n\u00e1pad se zrodil v hlav\u011b jeho kamar\u00e1da a z\u00e1rove\u0148 organiz\u00e1tora cel\u00e9 akce, Tom\u00e1\u0161e Plesn\u00edka, po n\u00e1v\u0161t\u011bv\u011b Kav\u00e1rny potm\u011b po\u0159\u00e1dan\u00e9 projektem Sv\u011btlu\u0161ka.<\/p>\n<p>Na mou ot\u00e1zku, co na siln\u00fd z\u00e1\u017eitek \u0159\u00edkaj\u00ed lid\u00e9, odpov\u00edd\u00e1 David jednodu\u0161e. &#8222;Oni v\u011bt\u0161inou moc nemluv\u00ed, v\u011bt\u0161inou si za\u010d\u00ednaj\u00ed prot\u00edrat o\u010di, je to pro n\u011b takov\u00fd bud\u00ed\u010dek, soud\u011b podle t\u011bch vzdech\u016f, co sly\u0161\u00edm,&#8220; rozesm\u011bje svou hl\u00e1\u0161kou v\u0161echny kolem.<\/p>\n<p>V prvn\u00edm pat\u0159e Hotelu Centrum \u010dekala na n\u00e1v\u0161t\u011bvn\u00edky v\u00fdstava Sv\u011bta nevidom\u00fdch, kde jsme si mohli zkusit hry pro nevidom\u00e9, b\u00edlou h\u016fl nebo si n\u011bco p\u0159e\u010d\u00edst Braillov\u00fdm p\u00edsmem. Vyzkou\u0161ela jsem v\u0161echno a v\u00edm jedno, slep\u00e1 bych b\u00fdt necht\u011bla. Obdivuji v\u0161echny, kdo se s t\u00edmto handicapem perou, a nav\u00edc d\u011blaj\u00ed osv\u011btu tak jako p\u011btil\u00edstek nevidom\u00fdch kamar\u00e1d\u016f Kl\u00e1ry, Evy, Jany, Davida a Tom\u00e1\u0161e. Nav\u00edc jejich nep\u0159ekonateln\u00fd humor a chu\u0165 do \u017eivota je v\u00edce ne\u017e inspiruj\u00edc\u00ed a j\u00e1 jim za tento nezapomenuteln\u00fd z\u00e1\u017eitek mohu jen pod\u011bkovat. Te\u010f u\u017e se na sv\u011bt budu d\u00edvat jin\u00fdma o\u010dima.<\/p>\n<p>BARBORA JEST\u0158EBSK\u00c1<br \/>\nP\u0159erovsk\u00fd a Hranick\u00fd den\u00edk<br \/>\n<a href=\"http:\/\/www.prerovsky.denik.cz\/\">http:\/\/www.prerovsky.denik.cz\/<\/a><\/p>\n","protected":false},"excerpt":{"rendered":"<div class=\"mh-excerpt\"><p>Te\u010f u\u017e se na sv\u011bt budu d\u00edvat jin\u00fdma o\u010dima, p\u0159izn\u00e1v\u00e1 redaktorka Den\u00edku po siln\u00e9m z\u00e1\u017eitku<\/p>\n<\/div>","protected":false},"author":1,"featured_media":783,"comment_status":"open","ping_status":"closed","sticky":false,"template":"","format":"standard","meta":{"footnotes":""},"categories":[9],"tags":[],"class_list":["post-23691","post","type-post","status-publish","format-standard","has-post-thumbnail","hentry","category-zpravy"],"_links":{"self":[{"href":"https:\/\/www.invarena.cz\/index.php?rest_route=\/wp\/v2\/posts\/23691","targetHints":{"allow":["GET"]}}],"collection":[{"href":"https:\/\/www.invarena.cz\/index.php?rest_route=\/wp\/v2\/posts"}],"about":[{"href":"https:\/\/www.invarena.cz\/index.php?rest_route=\/wp\/v2\/types\/post"}],"author":[{"embeddable":true,"href":"https:\/\/www.invarena.cz\/index.php?rest_route=\/wp\/v2\/users\/1"}],"replies":[{"embeddable":true,"href":"https:\/\/www.invarena.cz\/index.php?rest_route=%2Fwp%2Fv2%2Fcomments&post=23691"}],"version-history":[{"count":0,"href":"https:\/\/www.invarena.cz\/index.php?rest_route=\/wp\/v2\/posts\/23691\/revisions"}],"wp:featuredmedia":[{"embeddable":true,"href":"https:\/\/www.invarena.cz\/index.php?rest_route=\/wp\/v2\/media\/783"}],"wp:attachment":[{"href":"https:\/\/www.invarena.cz\/index.php?rest_route=%2Fwp%2Fv2%2Fmedia&parent=23691"}],"wp:term":[{"taxonomy":"category","embeddable":true,"href":"https:\/\/www.invarena.cz\/index.php?rest_route=%2Fwp%2Fv2%2Fcategories&post=23691"},{"taxonomy":"post_tag","embeddable":true,"href":"https:\/\/www.invarena.cz\/index.php?rest_route=%2Fwp%2Fv2%2Ftags&post=23691"}],"curies":[{"name":"wp","href":"https:\/\/api.w.org\/{rel}","templated":true}]}}