{"id":23693,"date":"2015-12-01T10:12:31","date_gmt":"2015-12-01T09:12:31","guid":{"rendered":"http:\/\/www.invarena.cz\/?p=23693"},"modified":"2015-12-01T13:27:45","modified_gmt":"2015-12-01T12:27:45","slug":"frantiskovi-pomahaji-cvicebni-terapie-lecba-je-nakladna","status":"publish","type":"post","link":"https:\/\/www.invarena.cz\/?p=23693","title":{"rendered":"Franti\u0161kovi pom\u00e1haj\u00ed cvi\u010debn\u00ed terapie, l\u00e9\u010dba je n\u00e1kladn\u00e1"},"content":{"rendered":"<p><strong>Sedmilet\u00fd chlapec bojuje s t\u011b\u017ekou mozkovou obrnou, rehabilita\u010dn\u00ed pobyty jsou n\u00e1kladn\u00e9<\/strong> <!--more--><\/p>\n<p>B\u0159ezov\u00e1, Krajkov\u00e1 \u2013 Na pomoc ve\u0159ejnosti se mus\u00ed \u010dasto spol\u00e9hat ti, kte\u0159\u00ed se staraj\u00ed o handicapovan\u00e9 \u010dleny sv\u00e9 rodiny. To je p\u0159\u00edpad Lehnerov\u00fdch, jejich\u017e syn Franti\u0161ek bojuje s t\u011b\u017ekou mozkovou obrnou. Lid\u00e9 p\u0159itom v p\u0159edv\u00e1no\u010dn\u00edm obdob\u00ed ukazuj\u00ed, \u017ee maj\u00ed otev\u0159en\u00e1 srdce, a \u00fa\u010dastn\u00ed se benefi\u010dn\u00edch koncert\u016f. Jeden takov\u00fd se bude konat i pro sedmilet\u00e9ho Franti\u0161ka.<\/p>\n<p>Franti\u0161ek p\u0159\u00edmo na \u0160t\u011bdr\u00fd den oslav\u00ed u\u017e osm\u00e9 narozeniny. V prosinci 2007 se narodil do \u010dty\u0159\u010dlenn\u00e9 rodiny. &#8222;Bohu\u017eel osud k n\u011bmu nebyl \u0161t\u011bdr\u00fd ani shov\u00edvav\u00fd, ani laskav\u00fd. Stalo se, \u017ee Franti\u0161ek je t\u011b\u017ece zdravotn\u011b posti\u017een\u00fd a bojuje s d\u011btskou mozkovou obrnou,&#8220; \u0159\u00edk\u00e1 maminka Franti\u0161ka So\u0148a Lehnerov\u00e1.<\/p>\n<p>Franti\u0161ek byl u\u017e ve \u010dtvrt\u00e9m m\u011bs\u00edci v\u011bku hospitalizov\u00e1n v nemocnici se z\u00e1n\u011btem pr\u016fdu\u0161ek. Po t\u00fddnu hospitalizace byl propu\u0161t\u011bn dom\u016f, ale stav se natolik zhor\u0161il, \u017ee po n\u00e1v\u0161t\u011bv\u011b d\u011btsk\u00e9 l\u00e9ka\u0159ky byl okam\u017eit\u011b p\u0159evezen do plze\u0148sk\u00e9 nemocnice. &#8222;M\u011bl sepsi cel\u00e9ho organismu a hypoxii \u2013 nedokysli\u010den\u00ed mozku. Pr\u016fb\u011bh nemoci byl velice v\u00e1\u017en\u00fd, byl uveden do um\u011bl\u00e9ho sp\u00e1nku a z\u00e1rove\u0148 na plicn\u00ed ventilaci. N\u00e1sledky nemoci se projevovaly postupn\u011b pozd\u011bji \u2013 ment\u00e1ln\u00ed retardace, opo\u017ed\u011bn\u00fd psychomotorick\u00fd v\u00fdvoj, t\u011b\u017ek\u00e1 hypotonie, strabismus,&#8220; l\u00ed\u010d\u00ed matka. &#8222;V osm\u00e9m m\u011bs\u00edci mu byla zji\u0161t\u011bna t\u011b\u017ek\u00e1 sluchov\u00e1 vada hrani\u010d\u00edc\u00ed s oboustrannou hluchotou a postupn\u00e9 zhor\u0161ov\u00e1n\u00ed zraku. Do jednoho roku sv\u00e9ho \u017eivota se t\u00e9m\u011b\u0159 neh\u00fdbal a a\u017e po absolvov\u00e1n\u00ed prvn\u00ed rehabilitace se situace za\u010dala zlep\u0161ovat. Franti\u0161ek m\u00e1 posti\u017een\u00fd mozek, a m\u00e1 tedy probl\u00e9my s pohybem.&#8220; Franti\u0161ek nyn\u00ed absolvuje ve\u0161kerou rehabilita\u010dn\u00ed p\u00e9\u010di a jeho stav se pomali\u010dku zlep\u0161uje. &#8222;Doma prov\u00e1d\u00edm s Franti\u0161kem cvi\u010debn\u00ed metody ka\u017edodenn\u011b sama. Ch\u016fzi nacvi\u010duje ve speci\u00e1ln\u00ed zdravotn\u00ed pom\u016fcce, chod\u00edtku. Pro Franti\u0161ka je velmi d\u016fle\u017eit\u00e9 intenzivn\u00ed cvi\u010den\u00ed a n\u00e1cvik pohybov\u00e9ho stereotypu. \u010c\u00edm \u010dast\u011bji se bude speci\u00e1ln\u00ed terapie opakovat, t\u00edm se jeho zdrav\u00ed bude zlep\u0161ovat. L\u00e9ka\u0159ka doporu\u010duje absolvovat rehabilita\u010dn\u00ed pobyt nejl\u00e9pe opakovan\u011b po t\u0159ech m\u011bs\u00edc\u00edch. Letos na ja\u0159e jsme absolvovali rehabilitaci v l\u00e9\u010debn\u011b Adeli, v l\u00e9t\u011b jsme rehabilitovali v Klimkovic\u00edch, nyn\u00ed bychom m\u011bli opakovat \u010dtrn\u00e1ctidenn\u00ed rehabilitaci v Adeli v Pie\u0161\u0165anech. Na v\u0161ech rehabilita\u010dn\u00edch pobytech Franti\u0161ek usilovn\u011b cvi\u010d\u00ed a absolvuje p\u0159edepsan\u00e9 procedury. Je state\u010dn\u00fd, i kdy\u017e to bol\u00ed a je z toho unaven\u00fd,&#8220; pokra\u010duje maminka.<\/p>\n<p>Speci\u00e1ln\u00ed terapie absolvuje Franti\u0161ek od sv\u00fdch t\u0159\u00ed let. Po absolvov\u00e1n\u00ed ka\u017ed\u00e9 terapie se podle slov maminky jeho stav viditeln\u011b zlep\u0161uje. &#8222;V\u017edy se posune o kr\u016f\u010dek d\u00e1l. Nyn\u00ed ji\u017e samostatn\u011b sed\u00ed, jde na \u010dty\u0159i s n\u00e1znakem lezen\u00ed, p\u0159i opo\u0159e prov\u00e1d\u00ed samostatn\u00e9 kr\u016f\u010dky, v chod\u00edtku rovn\u011b\u017e nakro\u010duje. Zlep\u0161ily se mu celkov\u011b motorick\u00e9 funkce, zlep\u0161il dr\u017een\u00ed hlavy a uchopov\u00e1n\u00ed p\u0159edm\u011bt\u016f do rukou, l\u00e9pe d\u00fdch\u00e1 a sn\u00e1\u0161\u00ed fyzickou z\u00e1t\u011b\u017e. Sna\u017e\u00edme se pro Fanou\u0161ka ud\u011blat v\u0161e, abychom mu pomohli uleh\u010dit jeho nesnadn\u00fd \u00fad\u011bl. Nyn\u00ed od z\u00e1\u0159\u00ed voz\u00edm Franti\u0161ka do stacion\u00e1\u0159e, kde sou\u010dasn\u011b absolvuje povinnou \u0161koln\u00ed doch\u00e1zku v rozsahu odpov\u00eddaj\u00edc\u00edm jeho zdravotn\u00edmu posti\u017een\u00ed. V lo\u0148sk\u00e9m roce Fanou\u0161kovi p\u0159edali dob\u0159\u00ed lid\u00e9 z Pestr\u00e9 spole\u010dnosti cvi\u010den\u00e9ho asisten\u010dn\u00edho pejska. Pejsek se jmenuje Mat\u011bj a vyu\u017e\u00edv\u00e1me ho s Franti\u0161kem pro cvi\u010debn\u00ed metodu canisterapii. Synkovi se to l\u00edb\u00ed a Mat\u011bje m\u00e1 moc r\u00e1d. Pro mou rodinu jsou rehabilita\u010dn\u00ed pobyty pro synka velmi finan\u010dn\u011b n\u00e1ro\u010dnou z\u00e1le\u017eitost\u00ed, obzvl\u00e1\u0161t\u011b vzhledem k nutnosti opakov\u00e1n\u00ed terapie pro lep\u0161\u00ed \u00fa\u010dinnost,&#8220; dodala.<\/p>\n<p>Adventn\u00ed benefi\u010dn\u00ed koncert pro Franti\u0161ka se bude konat u\u017e v sobotu 12. prosince, a to v kostele sv. Petra a Pavla v Krajkov\u00e9. Po\u0159\u00e1d\u00e1 ho tamn\u00ed Farn\u00ed spole\u010denstv\u00ed Krajkov\u00e1. B\u011bhem koncertu, kter\u00fd za\u010dne v 16 hodin, vystoup\u00ed d\u011bti z M\u0160 Krajkov\u00e1 a p\u011bveck\u00fd sbor tamn\u00ed z\u00e1kladn\u00ed \u0161koly. N\u00e1sledn\u011b se p\u0159edstav\u00ed habartovsk\u00e1 folkov\u00e1 skupina Sessko\u010d.<\/p>\n<p>N\u00e1v\u0161t\u011bvn\u00edci budou moci b\u011bhem benefice nav\u0161t\u00edvit dobro\u010dinn\u00fd obch\u016fdek a koupit d\u00e1rky sv\u00fdm bl\u00edzk\u00fdm.<\/p>\n<p>V\u00fdt\u011b\u017eek z benefi\u010dn\u00edho koncertu bude v\u011bnov\u00e1n pr\u00e1v\u011b na rehabilita\u010dn\u00ed pobyt chlapce. Vstupn\u00e9 na koncert je pro dosp\u011bl\u00e9 symbolick\u00fdch 60 a pro d\u011bti 30 korun.<\/p>\n<p>JI\u0158\u00cd DROZD\u00cdK<br \/>\nSokolovsk\u00fd den\u00edk<br \/>\n<a href=\"http:\/\/sokolovsky.denik.cz\/\">http:\/\/sokolovsky.denik.cz\/<\/a><\/p>\n","protected":false},"excerpt":{"rendered":"<div class=\"mh-excerpt\"><p>Sedmilet\u00fd chlapec bojuje s t\u011b\u017ekou mozkovou obrnou, rehabilita\u010dn\u00ed pobyty jsou n\u00e1kladn\u00e9<\/p>\n<\/div>","protected":false},"author":1,"featured_media":0,"comment_status":"open","ping_status":"closed","sticky":false,"template":"","format":"standard","meta":{"footnotes":""},"categories":[9],"tags":[],"class_list":["post-23693","post","type-post","status-publish","format-standard","hentry","category-zpravy"],"_links":{"self":[{"href":"https:\/\/www.invarena.cz\/index.php?rest_route=\/wp\/v2\/posts\/23693","targetHints":{"allow":["GET"]}}],"collection":[{"href":"https:\/\/www.invarena.cz\/index.php?rest_route=\/wp\/v2\/posts"}],"about":[{"href":"https:\/\/www.invarena.cz\/index.php?rest_route=\/wp\/v2\/types\/post"}],"author":[{"embeddable":true,"href":"https:\/\/www.invarena.cz\/index.php?rest_route=\/wp\/v2\/users\/1"}],"replies":[{"embeddable":true,"href":"https:\/\/www.invarena.cz\/index.php?rest_route=%2Fwp%2Fv2%2Fcomments&post=23693"}],"version-history":[{"count":0,"href":"https:\/\/www.invarena.cz\/index.php?rest_route=\/wp\/v2\/posts\/23693\/revisions"}],"wp:attachment":[{"href":"https:\/\/www.invarena.cz\/index.php?rest_route=%2Fwp%2Fv2%2Fmedia&parent=23693"}],"wp:term":[{"taxonomy":"category","embeddable":true,"href":"https:\/\/www.invarena.cz\/index.php?rest_route=%2Fwp%2Fv2%2Fcategories&post=23693"},{"taxonomy":"post_tag","embeddable":true,"href":"https:\/\/www.invarena.cz\/index.php?rest_route=%2Fwp%2Fv2%2Ftags&post=23693"}],"curies":[{"name":"wp","href":"https:\/\/api.w.org\/{rel}","templated":true}]}}