{"id":23694,"date":"2015-12-01T10:21:13","date_gmt":"2015-12-01T09:21:13","guid":{"rendered":"http:\/\/www.invarena.cz\/?p=23694"},"modified":"2015-12-01T10:21:13","modified_gmt":"2015-12-01T09:21:13","slug":"v-zirci-jiz-nadelovali-marodi-bydli","status":"publish","type":"post","link":"https:\/\/www.invarena.cz\/?p=23694","title":{"rendered":"V \u017dir\u010di ji\u017e nad\u011blovali. Marodi bydl\u00ed"},"content":{"rendered":"<p><strong>Rozs\u00e1hl\u00e1 rekonstrukce prom\u011bnila pivovar a faru v ojedin\u011bl\u00e9 zdravotnick\u00e9 za\u0159\u00edzen\u00ed.<\/strong> <!--more--><\/p>\n<p>\u017dire\u010d \u2013 Zlat\u00fdm p\u00edsmem se do historie Domova svat\u00e9ho Josefa zap\u00ed\u0161e dne\u0161n\u00ed den. Nejv\u011bt\u0161\u00ed st\u0159edisko Oblastn\u00ed charity \u010cerven\u00fd Kostelec bude slavnostn\u011b uvedeno do provozu po rozs\u00e1hl\u00e9 rekonstrukci b\u00fdval\u00e9ho barokn\u00edho are\u00e1lu v \u017dir\u010di.<br \/>\nDomov svat\u00e9ho Josefa je nest\u00e1tn\u00ed zdravotnick\u00e9 za\u0159\u00edzen\u00ed, kter\u00e9 klient\u016fm zaji\u0161\u0165uje m\u00edsto pro d\u016fstojn\u00fd \u017eivot s kompletn\u00ed zdravotnickou p\u00e9\u010d\u00ed. Je jedin\u00e9 sv\u00e9ho druhu v \u010cesk\u00e9 republice, zab\u00fdv\u00e1 se p\u00e9\u010d\u00ed o pacienty s nevyl\u00e9\u010ditelnou nemoc\u00ed.<\/p>\n<p>V\u00fdsledkem rozs\u00e1hl\u00fdch stavebn\u00edch prac\u00ed, kter\u00e9 byly ukon\u010deny za pouh\u00fdch 15 m\u011bs\u00edc\u016f, jsou opraven\u00e9 prostory are\u00e1lu, v nich\u017e na\u0161lo m\u00edsto 44 nov\u00fdch l\u016f\u017eek pro pacienty s roztrou\u0161enou skler\u00f3zou. Kapacita ojedin\u011bl\u00e9ho za\u0159\u00edzen\u00ed se tak zdvojn\u00e1sobila.<\/p>\n<p>\u010cervenokosteleck\u00e1 charita v \u017dir\u010di renovovala v are\u00e1lu Domova sv. Josefa dv\u011b budovy. N\u011bkdej\u0161\u00ed pivovar se prom\u011bnil v objekt sv. Dami\u00e1na a trval\u00fd domov v n\u011bm z\u00edsk\u00e1 patn\u00e1ct klient\u016f se zdravotn\u00edm posti\u017een\u00edm.<\/p>\n<p>&#8222;V nov\u00fdch prostorech se snoub\u00ed p\u016fvodn\u00ed barokn\u00ed architektura s modern\u00edm vybaven\u00edm. Obyvatel\u00e9 tu najdou nejmodern\u011bj\u0161\u00ed rehabilita\u010dn\u00ed p\u0159\u00edstroje, vodol\u00e9\u010debn\u00e9 vany, transportn\u00ed za\u0159\u00edzen\u00ed. Zdravotn\u011b posti\u017een\u00ed zde budou bydlet p\u0159ev\u00e1\u017en\u011b v jednol\u016f\u017ekov\u00fdch pokoj\u00edch, k dispozici budou m\u00edt j\u00eddelnu nebo podkrovn\u00ed kulturn\u00ed s\u00e1l,&#8220; sd\u011blila Jitka Holcov\u00e1 z veden\u00ed domova.<\/p>\n<p>Druhou renovovanou budovou je d\u0159\u00edv\u011bj\u0161\u00ed fara, nyn\u00ed Objekt svat\u00e9 Kl\u00e1ry. V r\u00e1mci tzv. odleh\u010dovac\u00ed slu\u017eby zde bude bydlet dev\u011btadvacet nov\u00fdch klient\u016f. Charita tu vybudovala v\u00edcel\u016f\u017ekov\u00e9 pokoje nebo p\u0159edn\u00e1\u0161kov\u00fd s\u00e1l.<\/p>\n<p>S p\u0159isp\u011bn\u00edm evropsk\u00fdch fond\u016f byly objekty ve Dvo\u0159e Kr\u00e1lov\u00e9 rekonstruov\u00e1ny v \u0161ibeni\u010dn\u00edch term\u00ednech a v rekordn\u00edm \u010dase. Nov\u011b opraven\u00e9 objekty by nemohly b\u00fdt uvedeny do provozu bez transportn\u00edho za\u0159\u00edzen\u00ed, kter\u00e9 v\u00fdznamn\u011b uleh\u010duje ka\u017edodenn\u00ed b\u011b\u017en\u00e9 \u010dinnosti pacient\u016f s roztrou\u0161enou skler\u00f3zou, nap\u0159\u00edklad p\u0159esun na invalidn\u00ed voz\u00edk, na l\u016f\u017eko nebo na toaletu.<\/p>\n<p>Krom\u011b dota\u010dn\u00edch program\u016f se na financov\u00e1n\u00ed cel\u00e9 rekonstrukce pod\u00edlela \u0161irok\u00e1 \u0161k\u00e1la nadac\u00ed, kter\u00e1 pomohla pokr\u00fdt pr\u00e1v\u011b n\u00e1klady na po\u0159\u00edzen\u00ed transportn\u00edho za\u0159\u00edzen\u00ed. Nyn\u00ed se objekty a lid\u00e9 s roztrou\u0161enou skler\u00f3zou s velkou pravd\u011bpodobnost\u00ed do\u010dkaj\u00ed pomoci tak\u00e9 od Kr\u00e1lov\u00e9hradeck\u00e9ho kraje. Ojedin\u011bl\u00e9ho za\u0159\u00edzen\u00ed si na sv\u00e9m \u00fazem\u00ed jeho p\u0159edstavitel\u00e9 cen\u00ed, co\u017e chce d\u00e1t krajsk\u00e1 rada najevo dota\u010dn\u00ed pomoc\u00ed na vybudov\u00e1n\u00ed zcela nov\u00e9 \u010dist\u00edrny odpadn\u00edch vod. Ta dopom\u016f\u017ee k pln\u00e9mu vyu\u017e\u00edv\u00e1n\u00ed budovy.<\/p>\n<p>&#8222;Projekt na roz\u0161\u00ed\u0159en\u00ed domova byl podpo\u0159en z Region\u00e1ln\u00edho opera\u010dn\u00edho programu a jeho celkov\u00e9 n\u00e1klady byly 85 milion\u016f korun. V\u011bt\u0161\u00ed kapacitu domova ale st\u00e1vaj\u00edc\u00ed \u010dist\u00edrna odpadn\u00edch vod nen\u00ed schopna pokr\u00fdt. Z\u0159izovatel n\u00e1s po\u017e\u00e1dal o finan\u010dn\u00ed podporu na v\u00fdstavbu \u010dist\u00edrny nov\u00e9, \u010demu\u017e se Rada Kr\u00e1lov\u00e9hradeck\u00e9ho kraje rozhodla vyhov\u011bt. Individu\u00e1ln\u00ed dotaci mus\u00ed je\u0161t\u011b schv\u00e1lit zastupitelstvo,&#8220; uvedl n\u00e1m\u011bstek hejtmana Otakar Ruml, kter\u00fd je odpov\u011bdn\u00fd za oblast dotac\u00ed.<\/p>\n<p>Nov\u00e1 \u010dist\u00edrna odpadn\u00edch vod bude slou\u017eit v\u00fdhradn\u011b klient\u016fm, person\u00e1lu a n\u00e1v\u0161t\u011bv\u00e1m domova. Kraj by m\u011bl ze sv\u00e9ho rozpo\u010dtu na tuto stavbu uvolnit dva miliony korun. Celkov\u00e9 n\u00e1klady jsou po vysout\u011b\u017een\u00ed nejv\u00fdhodn\u011bj\u0161\u00ed nab\u00eddky 2,9 milionu v\u010detn\u011b DPH. Na akci hodl\u00e1 p\u0159isp\u011bt i m\u011bsto Dv\u016fr Kr\u00e1lov\u00e9, na jeho\u017e \u00fazem\u00ed se za\u0159\u00edzen\u00ed, spravovan\u00e9 Oblastn\u00ed charitou \u010cerven\u00fd Kostelec, nach\u00e1z\u00ed.<\/p>\n<p>JAROSLAV PICH<br \/>\nKrkono\u0161sk\u00fd den\u00edk<br \/>\n<a href=\"http:\/\/krkonossky.denik.cz\/\">http:\/\/krkonossky.denik.cz\/<\/a><\/p>\n","protected":false},"excerpt":{"rendered":"<div class=\"mh-excerpt\"><p>Rozs\u00e1hl\u00e1 rekonstrukce prom\u011bnila pivovar a faru v ojedin\u011bl\u00e9 zdravotnick\u00e9 za\u0159\u00edzen\u00ed.<\/p>\n<\/div>","protected":false},"author":1,"featured_media":904,"comment_status":"open","ping_status":"closed","sticky":false,"template":"","format":"standard","meta":{"footnotes":""},"categories":[9],"tags":[],"class_list":["post-23694","post","type-post","status-publish","format-standard","has-post-thumbnail","hentry","category-zpravy"],"_links":{"self":[{"href":"https:\/\/www.invarena.cz\/index.php?rest_route=\/wp\/v2\/posts\/23694","targetHints":{"allow":["GET"]}}],"collection":[{"href":"https:\/\/www.invarena.cz\/index.php?rest_route=\/wp\/v2\/posts"}],"about":[{"href":"https:\/\/www.invarena.cz\/index.php?rest_route=\/wp\/v2\/types\/post"}],"author":[{"embeddable":true,"href":"https:\/\/www.invarena.cz\/index.php?rest_route=\/wp\/v2\/users\/1"}],"replies":[{"embeddable":true,"href":"https:\/\/www.invarena.cz\/index.php?rest_route=%2Fwp%2Fv2%2Fcomments&post=23694"}],"version-history":[{"count":0,"href":"https:\/\/www.invarena.cz\/index.php?rest_route=\/wp\/v2\/posts\/23694\/revisions"}],"wp:featuredmedia":[{"embeddable":true,"href":"https:\/\/www.invarena.cz\/index.php?rest_route=\/wp\/v2\/media\/904"}],"wp:attachment":[{"href":"https:\/\/www.invarena.cz\/index.php?rest_route=%2Fwp%2Fv2%2Fmedia&parent=23694"}],"wp:term":[{"taxonomy":"category","embeddable":true,"href":"https:\/\/www.invarena.cz\/index.php?rest_route=%2Fwp%2Fv2%2Fcategories&post=23694"},{"taxonomy":"post_tag","embeddable":true,"href":"https:\/\/www.invarena.cz\/index.php?rest_route=%2Fwp%2Fv2%2Ftags&post=23694"}],"curies":[{"name":"wp","href":"https:\/\/api.w.org\/{rel}","templated":true}]}}