{"id":23704,"date":"2015-12-02T07:22:38","date_gmt":"2015-12-02T06:22:38","guid":{"rendered":"http:\/\/www.invarena.cz\/?p=23704"},"modified":"2015-12-02T07:22:38","modified_gmt":"2015-12-02T06:22:38","slug":"inspekce-odhalila-dalsi-ctyri-vzorky-medu-s-antibiotiky-od-vcelpa","status":"publish","type":"post","link":"https:\/\/www.invarena.cz\/?p=23704","title":{"rendered":"Inspekce odhalila dal\u0161\u00ed \u010dty\u0159i vzorky medu s antibiotiky od V\u010delpa"},"content":{"rendered":"<p><strong><br \/>\nSt\u00e1tn\u00ed zem\u011bd\u011blsk\u00e1 a potravin\u00e1\u0159sk\u00e1 inspekce zve\u0159ejnila dal\u0161\u00ed \u010dty\u0159i \u0161ar\u017ee medu od spole\u010dnosti V\u010delpo, ve kter\u00fdch zjistila zak\u00e1zan\u00e1 antibiotika.<\/strong><!--more--><\/p>\n<p> Obsahovaly l\u00e1tky, jejich\u017e pou\u017eit\u00ed je pro l\u00e9\u010den\u00ed v\u010del v Evropsk\u00e9 unii zak\u00e1zan\u00e9, sd\u011blil dnes \u010cTK mluv\u010d\u00ed inspekce Pavel Kop\u0159iva. Inspekce ve druh\u00e9 polovin\u011b listopadu upozornila u\u017e na 21 \u0161ar\u017e\u00ed med\u016f od V\u010delpa, kter\u00e9 m\u011bly stejn\u00fd probl\u00e9m.<\/p>\n<p>Antibiotika podle inspekce obsahovala dev\u00edtisetgramov\u00e1 balen\u00ed Medu kv\u011btov\u00e9ho V\u010delpo, D\u011bde\u010dkova medu &#8211; Medu kv\u011btov\u00e9ho a D\u011bde\u010dkova medu &#8211; Medu kv\u011btov\u00e9ho lesn\u00edho a polovi\u010dn\u00ed balen\u00ed D\u011bde\u010dkova medu &#8211; Medu kv\u011btov\u00e9ho lesn\u00edho. U Medu kv\u011btov\u00e9ho V\u010delpo bylo uvedeno, \u017ee je to sm\u011bs med\u016f ze zem\u00ed Evropsk\u00e9 unie i mimo ni, u ostatn\u00edch byl deklarovan\u00fd p\u016fvod z \u010cesk\u00e9 republiky.<\/p>\n<p>Inspekce u\u017e p\u0159i nelezen\u00ed d\u0159\u00edv\u011bj\u0161\u00edch pochybn\u00fdch \u0161ar\u017e\u00ed od V\u010delpa uvedla, \u017ee se antibiotika do medu dostala pravd\u011bpodobn\u011b z p\u0159\u00edm\u011bsi zahrani\u010dn\u00edho medu. Upozornila v\u0161ak, \u017ee v\u011bt\u0161ina med\u016f nesla ozna\u010den\u00ed, \u017ee jsou \u010desk\u00fdm v\u00fdrobkem, stejn\u011b jako tomu bylo u posledn\u00edch \u010dty\u0159 \u0161ar\u017e\u00ed.<\/p>\n<p>O prvn\u00edch dvou vzorc\u00edch informoval v polovin\u011b listopadu ministr zem\u011bd\u011blstv\u00ed Marian Jure\u010dka (KDU-\u010cSL). Uvedl tehdy, \u017ee by mno\u017estv\u00ed antibiotik nem\u011blo b\u00fdt pro lidsk\u00fd organismus nebezpe\u010dn\u00e9. L\u00e1tky jako streptomycin, sulfathizol a podobn\u011b se v\u0161ak nesm\u00ed v medu vyskytovat. Po prvn\u00edch dvou pochybn\u00fdch vzorc\u00edch n\u00e1sledovalo odhalen\u00ed dal\u0161\u00edch 19 a nyn\u00ed p\u0159ibyly \u010dty\u0159i. &#8222;Inspekce aktu\u00e1ln\u011b v tr\u017en\u00ed s\u00edti odebrala 16 vzork\u016f medu od zahrani\u010dn\u00edch v\u00fdrobc\u016f. V\u00fdsledky zn\u00e1me dosud u p\u011bti a ve v\u0161ech vyhovovaly,&#8220; doplnil Kop\u0159iva.<\/p>\n<p>V\u010delpo vlastn\u00ed \u010cesk\u00fd svaz v\u010dela\u0159\u016f (\u010cSV), kter\u00fd ministerstvo podporuje dotacemi. P\u0159edsednictvo republikov\u00e9ho v\u00fdboru \u010cSV zasedalo v z\u00e1v\u011bru listopadu a odvolalo dozor\u010d\u00ed radu V\u010delpa. V prosinci na sjezdu zvol\u00ed i nov\u00e9 p\u0159edsednictvo firmy. Svaz zji\u0161\u0165uje, jak\u00fdm zp\u016fsobem se do medu antibiotika dostala, respektive kter\u00fd dodavatel prodal firm\u011b med ozna\u010den\u00fd za \u010desk\u00fd. Firma si za\u010dne uchov\u00e1vat kontroln\u00ed vzorky od ka\u017ed\u00e9ho dodavatele a bude v\u00edce kontrolovat sv\u00e9 prod\u00e1van\u00e9 v\u00fdrobky.<\/p>\n","protected":false},"excerpt":{"rendered":"<div class=\"mh-excerpt\"><p>St\u00e1tn\u00ed zem\u011bd\u011blsk\u00e1 a potravin\u00e1\u0159sk\u00e1 inspekce zve\u0159ejnila dal\u0161\u00ed \u010dty\u0159i \u0161ar\u017ee medu od spole\u010dnosti V\u010delpo, ve kter\u00fdch zjistila zak\u00e1zan\u00e1 antibiotika.<\/p>\n<\/div>","protected":false},"author":1,"featured_media":0,"comment_status":"open","ping_status":"closed","sticky":false,"template":"","format":"standard","meta":{"footnotes":""},"categories":[9],"tags":[],"class_list":["post-23704","post","type-post","status-publish","format-standard","hentry","category-zpravy"],"_links":{"self":[{"href":"https:\/\/www.invarena.cz\/index.php?rest_route=\/wp\/v2\/posts\/23704","targetHints":{"allow":["GET"]}}],"collection":[{"href":"https:\/\/www.invarena.cz\/index.php?rest_route=\/wp\/v2\/posts"}],"about":[{"href":"https:\/\/www.invarena.cz\/index.php?rest_route=\/wp\/v2\/types\/post"}],"author":[{"embeddable":true,"href":"https:\/\/www.invarena.cz\/index.php?rest_route=\/wp\/v2\/users\/1"}],"replies":[{"embeddable":true,"href":"https:\/\/www.invarena.cz\/index.php?rest_route=%2Fwp%2Fv2%2Fcomments&post=23704"}],"version-history":[{"count":0,"href":"https:\/\/www.invarena.cz\/index.php?rest_route=\/wp\/v2\/posts\/23704\/revisions"}],"wp:attachment":[{"href":"https:\/\/www.invarena.cz\/index.php?rest_route=%2Fwp%2Fv2%2Fmedia&parent=23704"}],"wp:term":[{"taxonomy":"category","embeddable":true,"href":"https:\/\/www.invarena.cz\/index.php?rest_route=%2Fwp%2Fv2%2Fcategories&post=23704"},{"taxonomy":"post_tag","embeddable":true,"href":"https:\/\/www.invarena.cz\/index.php?rest_route=%2Fwp%2Fv2%2Ftags&post=23704"}],"curies":[{"name":"wp","href":"https:\/\/api.w.org\/{rel}","templated":true}]}}