{"id":23714,"date":"2015-12-03T09:08:16","date_gmt":"2015-12-03T08:08:16","guid":{"rendered":"http:\/\/www.invarena.cz\/?p=23714"},"modified":"2015-12-03T09:08:16","modified_gmt":"2015-12-03T08:08:16","slug":"milovnici-hudby-podpori-nevidome","status":"publish","type":"post","link":"https:\/\/www.invarena.cz\/?p=23714","title":{"rendered":"Milovn\u00edci hudby podpo\u0159\u00ed nevidom\u00e9"},"content":{"rendered":"<p><strong>V kostele V\u0161ech svat\u00fdch se op\u011bt po roce sejdou b\u011bhem p\u0159edv\u00e1no\u010dn\u00edho \u010dasu milovn\u00edci hudby. Farn\u00ed charita Kamenice nad Lipou po\u0159\u00e1d\u00e1 ji\u017e t\u0159et\u00edm rokem Adventn\u00ed koncert.<\/strong> <!--more--><\/p>\n<p>Kamenice nad Lipou \u2013 Kostelem V\u0161ech svat\u00fdch se adventn\u00ed melodie rozezn\u00ed na druhou adventn\u00ed ned\u011bli ve 13.30 hodin. N\u00e1v\u0161t\u011bvn\u00edci se mohou t\u011b\u0161it nap\u0159\u00edklad na P\u011bveck\u00fd sbor Zanoty z Jind\u0159ichova Hradce. B\u011bhem koncertu vystoup\u00ed tak\u00e9 Kamila Hor\u00e1kov\u00e1, Magdal\u00e9na Michlov\u00e1, Vendula \u0160imanov\u00e1, Jana Zemanov\u00e1 a Jana P\u00edckov\u00e1. \u010c\u00e1st v\u00fdt\u011b\u017eku, stejn\u011b jako v letech p\u0159edchoz\u00edch, bude v\u011bnov\u00e1n rodin\u011b \u010di osob\u011b v nep\u0159\u00edzniv\u00e9 \u017eivotn\u00ed situaci. Letos kamenick\u00e1 farn\u00ed charita podpo\u0159\u00ed nevidom\u00e9 u\u017eivatele pe\u010dovatelsk\u00e9 slu\u017eby.<\/p>\n<p>Denisa \u0160imanov\u00e1<br \/>\nPelh\u0159imovsk\u00fd den\u00edk<br \/>\n<a href=\"http:\/\/www.pelhrimovsky.denik.cz\/\">http:\/\/www.pelhrimovsky.denik.cz\/<\/a><\/p>\n","protected":false},"excerpt":{"rendered":"<div class=\"mh-excerpt\"><p>V kostele V\u0161ech svat\u00fdch se op\u011bt po roce sejdou b\u011bhem p\u0159edv\u00e1no\u010dn\u00edho \u010dasu milovn\u00edci hudby. Farn\u00ed charita Kamenice nad Lipou po\u0159\u00e1d\u00e1 ji\u017e t\u0159et\u00edm rokem Adventn\u00ed koncert.<\/p>\n<\/div>","protected":false},"author":1,"featured_media":18858,"comment_status":"open","ping_status":"closed","sticky":false,"template":"","format":"standard","meta":{"footnotes":""},"categories":[9],"tags":[],"class_list":["post-23714","post","type-post","status-publish","format-standard","has-post-thumbnail","hentry","category-zpravy"],"_links":{"self":[{"href":"https:\/\/www.invarena.cz\/index.php?rest_route=\/wp\/v2\/posts\/23714","targetHints":{"allow":["GET"]}}],"collection":[{"href":"https:\/\/www.invarena.cz\/index.php?rest_route=\/wp\/v2\/posts"}],"about":[{"href":"https:\/\/www.invarena.cz\/index.php?rest_route=\/wp\/v2\/types\/post"}],"author":[{"embeddable":true,"href":"https:\/\/www.invarena.cz\/index.php?rest_route=\/wp\/v2\/users\/1"}],"replies":[{"embeddable":true,"href":"https:\/\/www.invarena.cz\/index.php?rest_route=%2Fwp%2Fv2%2Fcomments&post=23714"}],"version-history":[{"count":0,"href":"https:\/\/www.invarena.cz\/index.php?rest_route=\/wp\/v2\/posts\/23714\/revisions"}],"wp:featuredmedia":[{"embeddable":true,"href":"https:\/\/www.invarena.cz\/index.php?rest_route=\/wp\/v2\/media\/18858"}],"wp:attachment":[{"href":"https:\/\/www.invarena.cz\/index.php?rest_route=%2Fwp%2Fv2%2Fmedia&parent=23714"}],"wp:term":[{"taxonomy":"category","embeddable":true,"href":"https:\/\/www.invarena.cz\/index.php?rest_route=%2Fwp%2Fv2%2Fcategories&post=23714"},{"taxonomy":"post_tag","embeddable":true,"href":"https:\/\/www.invarena.cz\/index.php?rest_route=%2Fwp%2Fv2%2Ftags&post=23714"}],"curies":[{"name":"wp","href":"https:\/\/api.w.org\/{rel}","templated":true}]}}