{"id":23716,"date":"2015-12-02T13:42:27","date_gmt":"2015-12-02T12:42:27","guid":{"rendered":"http:\/\/www.invarena.cz\/?p=23716"},"modified":"2015-12-02T13:42:27","modified_gmt":"2015-12-02T12:42:27","slug":"pocet-hiv-pozitivnich-stoupa","status":"publish","type":"post","link":"https:\/\/www.invarena.cz\/?p=23716","title":{"rendered":"Po\u010det HIV pozitivn\u00edch stoup\u00e1"},"content":{"rendered":"<p><strong>Osv\u011btov\u00e1 tramvaj varovala v Liberci p\u0159ed \u0161\u00ed\u0159en\u00edm n\u00e1kazy. Anonymn\u00ed testy si tam nechalo ud\u011blat p\u0159es 70 lid\u00ed<\/strong> <!--more--><\/p>\n<p>Liberec \u2013 Pades\u00e1t sedm obyvatel Liberce je nositelem viru HIV, tedy o p\u011bt v\u00edce ne\u017e loni. A toto \u010d\u00edslo s nejv\u011bt\u0161\u00ed pravd\u011bpodobnost\u00ed nen\u00ed kone\u010dn\u00e9, proto\u017ee se jedn\u00e1 pouze o registrovan\u00e9 pacienty.<\/p>\n<p>Upozornit na st\u00e1le vzr\u016fstaj\u00edc\u00ed k\u0159ivku naka\u017een\u00fdch na republikov\u00e9 i sv\u011btov\u00e9 \u00farovni se rozhodl i libereck\u00fd dopravn\u00ed podnik. Osv\u011btov\u00e1 tramvaj, kter\u00e1 i p\u0159es veselou v\u00fdzdobu informovala o nevesel\u00fdch v\u011bcech spjat\u00fdch s \u0161\u00ed\u0159en\u00edm n\u00e1kazy, vyrazila v\u010dera odpoledne z Hanychova do Lidov\u00fdch sad\u016f. Kampa\u0148 prob\u011bhla u p\u0159\u00edle\u017eitosti Sv\u011btov\u00e9ho dne boje proti AIDS.<\/p>\n<p>Fronty p\u0159ed sanitkou<\/p>\n<p>&#8222;D\u0159\u00edve p\u0159ib\u00fdvalo kolem des\u00edtek osob ro\u010dn\u011b, nyn\u00ed je to za m\u011bs\u00edc,&#8220; varuje l\u00e9ka\u0159ka z krajsk\u00e9 hygienick\u00e9 stanice Hana Kn\u00ed\u017eov\u00e1 a z\u00e1rove\u0148 upozor\u0148uje, \u017ee roste i po\u010det nezodpov\u011bdn\u00fdch, kte\u0159\u00ed virus \u0161\u00ed\u0159\u00ed d\u00e1le. Pro ty zodpov\u011bdn\u00e9 byla v\u010dera jako sou\u010d\u00e1st kampan\u011b p\u0159istav\u011bna u termin\u00e1lu MHD sanitka, kde se mohli nechat testovat. Fronta se za\u010dala tvo\u0159it kr\u00e1tce po zah\u00e1jen\u00ed. &#8222;Po\u0159\u00e1d n\u00e1s p\u0159ekvapuje, \u017ee se lid\u00e9 nestyd\u00ed. Kdy\u017e jsme kampa\u0148 rozj\u00ed\u017ed\u011bli, o\u010dek\u00e1vali jsme, \u017ee se budou b\u00e1t chodit se testovat takto ve\u0159ejn\u011b,&#8220; vypr\u00e1v\u00ed J\u00falius Szab\u00f3 z \u010cesk\u00e9 spole\u010dnosti AIDS pomoc, kter\u00e1 celorepublikovou kampa\u0148 organizuje.<\/p>\n<p>V\u00fdsledky testu, kter\u00e9 mohou b\u00fdt anonymn\u00ed, se z\u00e1jemci dozv\u00ed za dvacet minut. Pro n\u011bkoho to v\u0161ak m\u016f\u017ee b\u00fdt hodn\u011b dlouh\u00fdch dvacet minut&#8230; Dobrovolnou zkou\u0161kou v\u010dera pro\u0161lo p\u0159es 70 lid\u00ed. U \u017e\u00e1dn\u00e9ho z nich nebyla zkou\u0161ka pozitivn\u00ed&#8230;<\/p>\n<p>L\u00e9ka\u0159i diskriminuj\u00ed<\/p>\n<p>&#8222;\u017de jsem naka\u017een\u00fd, jsem zjistil p\u0159ed p\u011bti lety. L\u00e9\u010dba byla sice t\u011b\u017ek\u00e1 jen ze za\u010d\u00e1tku, kdy jsem byl prvn\u00ed m\u011bs\u00edc unaven\u00fd, ale mnohem hor\u0161\u00ed je spole\u010densk\u00e1 diskriminace, a to p\u0159edev\u0161\u00edm od l\u00e9ka\u0159\u016f,&#8220; sv\u011b\u0159uje se dobrovoln\u00edk Michal.<\/p>\n<p>D\u011bl\u00e1 spole\u010dnost zdravotn\u00ed sest\u0159i\u010dce. Sama pracuje v nemocnici Na Bulovce, kde se star\u00e1 o pacienty nemocn\u00e9 AIDS. &#8222;Naka\u017een\u00ed maj\u00ed nap\u0159\u00edklad probl\u00e9m sehnat zuba\u0159e. Nebo po jejich n\u00e1v\u0161t\u011bv\u011b dezinfikuj\u00ed \u017eidli, p\u0159esto\u017ee mus\u00ed v\u011bd\u011bt, jak\u00fdm zp\u016fsobem se virus p\u0159en\u00e1\u0161\u00ed,&#8220; krout\u00ed hlavou zdravotnice.<\/p>\n<p>Osv\u011btov\u00e1 tramvaj projela Libercem u\u017e podruh\u00e9. Loni se v r\u00e1mci kampan\u011b nechalo testovat p\u0159es \u0161edes\u00e1t lid\u00ed. &#8222;Bylo to \u00fadajn\u011b nejv\u00edc v cel\u00e9 republice,&#8220; zd\u016fraznila mluv\u010d\u00ed dopravn\u00edho podniku Liberce a Jablonce Martina Por\u0161ov\u00e1.<\/p>\n<p>Kdo nestihl testov\u00e1n\u00ed v r\u00e1mci kampan\u011b, m\u016f\u017ee si zaj\u00edt do Zdravotn\u00edho \u00fastavu, kter\u00fd s\u00eddl\u00ed v ulici U Sila.<\/p>\n<p>Nejd\u016fle\u017eit\u011bj\u0161\u00ed je prevence<\/p>\n<p>V\u0161ichni z\u00fa\u010dastn\u011bn\u00ed se shoduj\u00ed, \u017ee jedinou cestou, jak \u0161\u00ed\u0159en\u00ed viru zastavit, je prevence. A to hlavn\u011b u mlad\u00e9 generace. &#8222;N\u011bkte\u0159\u00ed si dokonce mysl\u00ed, \u017ee jim sta\u010d\u00ed hormon\u00e1ln\u00ed antikoncepce,&#8220; uv\u00e1d\u00ed p\u0159\u00edklad Kn\u00ed\u017eov\u00e1, kter\u00e1 z\u00e1rove\u0148 upozor\u0148uje, \u017ee na prevenci se vynakl\u00e1d\u00e1 mnohem m\u00e9n\u011b pen\u011bz ne\u017e d\u0159\u00edve.<\/p>\n<p>N\u00e1klady stoupaj\u00ed<\/p>\n<p>V sou\u010dasnosti je v \u010cesk\u00e9 republice registrov\u00e1no 2567 naka\u017een\u00fdch HIV, z toho 75 procent tvo\u0159\u00ed mu\u017ei. N\u00e1klady na jejich l\u00e9\u010dbu stouply podle V\u0161eobecn\u00e9 zdravotn\u00ed poji\u0161\u0165ovny (VZP) za p\u011bt let o sto mili\u00f3n\u016f. Jeden pacient stoj\u00ed poji\u0161\u0165ovnu ro\u010dn\u011b 190 tis\u00edc. Podle mluv\u010d\u00edho VZP Old\u0159icha Tich\u00e9ho rostou n\u00e1klady rychleji ne\u017e po\u010dty nemocn\u00fdch. Pacient\u016fm jsou toti\u017e dostupn\u00e9 st\u00e1le modern\u011bj\u0161\u00ed a \u00fa\u010dinn\u011bj\u0161\u00ed l\u00e9ky.<\/p>\n<p>Pandemie HIV<\/p>\n<p>Virus HIV, kter\u00fd m\u016f\u017ee vy\u00fastit a\u017e v nemoc AIDS (syndrom z\u00edskan\u00e9ho selh\u00e1n\u00ed imunity) byl poprv\u00e9 rozpozn\u00e1n po\u010d\u00e1tkem v roce 1981. V sou\u010dasnosti u\u017e p\u0159erostla n\u00e1kaza do podoby pandemie. Po\u010det naka\u017een\u00fdch se ve sv\u011bt\u011b odhaduje na 35 milion\u016f, po\u010det m\u016f\u017ee b\u00fdt mnohem vy\u0161\u0161\u00ed. Nejv\u00edce posti\u017een\u00e1 je subsaharsk\u00e1 Afrika. HIV se p\u0159en\u00e1\u0161\u00ed krv\u00ed, sexu\u00e1ln\u00edm stykem a z matky na plod.<\/p>\n<p>GABRIELA VOLN\u00c1 GARBOV\u00c1<br \/>\nLibereck\u00fd den\u00edk<br \/>\n<a href=\"http:\/\/www.liberecky.denik.cz\/\">http:\/\/www.liberecky.denik.cz\/<\/a><\/p>\n","protected":false},"excerpt":{"rendered":"<div class=\"mh-excerpt\"><p>Osv\u011btov\u00e1 tramvaj varovala v Liberci p\u0159ed \u0161\u00ed\u0159en\u00edm n\u00e1kazy. Anonymn\u00ed testy si tam nechalo ud\u011blat p\u0159es 70 lid\u00ed<\/p>\n<\/div>","protected":false},"author":1,"featured_media":16181,"comment_status":"open","ping_status":"closed","sticky":false,"template":"","format":"standard","meta":{"footnotes":""},"categories":[9],"tags":[],"class_list":["post-23716","post","type-post","status-publish","format-standard","has-post-thumbnail","hentry","category-zpravy"],"_links":{"self":[{"href":"https:\/\/www.invarena.cz\/index.php?rest_route=\/wp\/v2\/posts\/23716","targetHints":{"allow":["GET"]}}],"collection":[{"href":"https:\/\/www.invarena.cz\/index.php?rest_route=\/wp\/v2\/posts"}],"about":[{"href":"https:\/\/www.invarena.cz\/index.php?rest_route=\/wp\/v2\/types\/post"}],"author":[{"embeddable":true,"href":"https:\/\/www.invarena.cz\/index.php?rest_route=\/wp\/v2\/users\/1"}],"replies":[{"embeddable":true,"href":"https:\/\/www.invarena.cz\/index.php?rest_route=%2Fwp%2Fv2%2Fcomments&post=23716"}],"version-history":[{"count":0,"href":"https:\/\/www.invarena.cz\/index.php?rest_route=\/wp\/v2\/posts\/23716\/revisions"}],"wp:featuredmedia":[{"embeddable":true,"href":"https:\/\/www.invarena.cz\/index.php?rest_route=\/wp\/v2\/media\/16181"}],"wp:attachment":[{"href":"https:\/\/www.invarena.cz\/index.php?rest_route=%2Fwp%2Fv2%2Fmedia&parent=23716"}],"wp:term":[{"taxonomy":"category","embeddable":true,"href":"https:\/\/www.invarena.cz\/index.php?rest_route=%2Fwp%2Fv2%2Fcategories&post=23716"},{"taxonomy":"post_tag","embeddable":true,"href":"https:\/\/www.invarena.cz\/index.php?rest_route=%2Fwp%2Fv2%2Ftags&post=23716"}],"curies":[{"name":"wp","href":"https:\/\/api.w.org\/{rel}","templated":true}]}}