{"id":23723,"date":"2015-12-02T20:25:53","date_gmt":"2015-12-02T19:25:53","guid":{"rendered":"http:\/\/www.invarena.cz\/?p=23723"},"modified":"2015-12-02T20:25:53","modified_gmt":"2015-12-02T19:25:53","slug":"rocne-zvladneme-dva-tisice-migrantu-zni-z-mpsv","status":"publish","type":"post","link":"https:\/\/www.invarena.cz\/?p=23723","title":{"rendered":"Ro\u010dn\u011b zvl\u00e1dneme dva tis\u00edce migrant\u016f, zn\u00ed z MPSV"},"content":{"rendered":"<p><strong>Ministerstvo pr\u00e1ce dok\u00e1\u017ee ro\u010dn\u011b zvl\u00e1dnout p\u0159\u00edchod 2000 p\u0159ist\u011bhovalc\u016f. Je p\u0159ipraveno zajistit jim rekvalifikace a pot\u0159ebn\u00e9 vy\u0161kolen\u00ed, aby mohli co nejrychleji za\u010d\u00edt pracovat. P\u0159i v\u011bt\u0161\u00edm po\u010dtu imigrant\u016f by \u00fa\u0159ad musel \u017e\u00e1dat o pos\u00edlen\u00ed sv\u00e9ho rozpo\u010dtu. Na jedn\u00e1n\u00ed sn\u011bmovn\u00edho soci\u00e1ln\u00edho v\u00fdboru to ve st\u0159edu \u0159ekl vedouc\u00ed ministersk\u00e9ho odd\u011blen\u00ed zahrani\u010dn\u00ed zam\u011bstnanosti \u0160tefan Duh\u00e1\u0148.<\/strong><!--more--><\/p>\n<p><a href=\"http:\/\/www.novinky.cz\/domaci\/388141-rocne-zvladneme-dva-tisice-migrantu-zni-z-ministerstva-prace.html\">CEL\u00dd \u010cL\u00c1NEK ZDE<\/a><\/p>\n<p>foto: sxc.hu<\/p>\n","protected":false},"excerpt":{"rendered":"<div class=\"mh-excerpt\"><p>Ministerstvo pr\u00e1ce dok\u00e1\u017ee ro\u010dn\u011b zvl\u00e1dnout p\u0159\u00edchod 2000 p\u0159ist\u011bhovalc\u016f. Je p\u0159ipraveno zajistit jim rekvalifikace a pot\u0159ebn\u00e9 vy\u0161kolen\u00ed, aby mohli co nejrychleji za\u010d\u00edt pracovat. P\u0159i v\u011bt\u0161\u00edm po\u010dtu <a class=\"mh-excerpt-more\" href=\"https:\/\/www.invarena.cz\/?p=23723\" title=\"Ro\u010dn\u011b zvl\u00e1dneme dva tis\u00edce migrant\u016f, zn\u00ed z MPSV\">[&#8230;]<\/a><\/p>\n<\/div>","protected":false},"author":1,"featured_media":21337,"comment_status":"open","ping_status":"closed","sticky":false,"template":"","format":"standard","meta":{"footnotes":""},"categories":[6],"tags":[],"class_list":["post-23723","post","type-post","status-publish","format-standard","has-post-thumbnail","hentry","category-politika"],"_links":{"self":[{"href":"https:\/\/www.invarena.cz\/index.php?rest_route=\/wp\/v2\/posts\/23723","targetHints":{"allow":["GET"]}}],"collection":[{"href":"https:\/\/www.invarena.cz\/index.php?rest_route=\/wp\/v2\/posts"}],"about":[{"href":"https:\/\/www.invarena.cz\/index.php?rest_route=\/wp\/v2\/types\/post"}],"author":[{"embeddable":true,"href":"https:\/\/www.invarena.cz\/index.php?rest_route=\/wp\/v2\/users\/1"}],"replies":[{"embeddable":true,"href":"https:\/\/www.invarena.cz\/index.php?rest_route=%2Fwp%2Fv2%2Fcomments&post=23723"}],"version-history":[{"count":0,"href":"https:\/\/www.invarena.cz\/index.php?rest_route=\/wp\/v2\/posts\/23723\/revisions"}],"wp:featuredmedia":[{"embeddable":true,"href":"https:\/\/www.invarena.cz\/index.php?rest_route=\/wp\/v2\/media\/21337"}],"wp:attachment":[{"href":"https:\/\/www.invarena.cz\/index.php?rest_route=%2Fwp%2Fv2%2Fmedia&parent=23723"}],"wp:term":[{"taxonomy":"category","embeddable":true,"href":"https:\/\/www.invarena.cz\/index.php?rest_route=%2Fwp%2Fv2%2Fcategories&post=23723"},{"taxonomy":"post_tag","embeddable":true,"href":"https:\/\/www.invarena.cz\/index.php?rest_route=%2Fwp%2Fv2%2Ftags&post=23723"}],"curies":[{"name":"wp","href":"https:\/\/api.w.org\/{rel}","templated":true}]}}