{"id":23724,"date":"2015-12-03T06:33:19","date_gmt":"2015-12-03T05:33:19","guid":{"rendered":"http:\/\/www.invarena.cz\/?p=23724"},"modified":"2015-12-03T08:54:18","modified_gmt":"2015-12-03T07:54:18","slug":"teroriste-zautocili-v-americkem-uradu-socialnich-sluzeb","status":"publish","type":"post","link":"https:\/\/www.invarena.cz\/?p=23724","title":{"rendered":"Terorist\u00e9 za\u00fato\u010dili v americk\u00e9m \u00fa\u0159adu soci\u00e1ln\u00edch slu\u017eeb"},"content":{"rendered":"<p><strong>V americk\u00e9m San Bernardinu do\u0161lo ve st\u0159edu ke st\u0159elb\u011b v \u00fa\u0159adu soci\u00e1ln\u00edch slu\u017eeb poskytuj\u00edc\u00edm p\u00e9\u010di posti\u017een\u00fdm lidem. Podle vy\u0161et\u0159ovatel\u016f z\u016fstalo na m\u00edst\u011b nejm\u00e9n\u011b \u010dtrn\u00e1ct mrtv\u00fdch, dal\u0161\u00edch sedmn\u00e1ct lid\u00ed je zran\u011bno. Jedn\u00edm ze st\u0159elc\u016f byl Saj\u00edd Far\u00fak, druh\u00e1 byla \u017eena &#8211; Ta\u0161f\u00edn Mal\u00edk\u00ed.\u00a0 <\/strong><!--more--><\/p>\n<p><a href=\"http:\/\/zpravy.aktualne.cz\/zahranici\/nedaleko-golfoveho-hriste-v-kalifornii-doslo-ke-strelbe-na-m\/r~6adf045a992c11e5bfa90025900fea04\/?utm_source=centrumHP&amp;utm_medium=dynamicleadbox&amp;utm_content=A&amp;utm_term=position-0\">CEL\u00dd \u010cL\u00c1NEK ZDE<\/a><\/p>\n<p>ilustra\u010dn\u00ed foto: Photoxpress<\/p>\n","protected":false},"excerpt":{"rendered":"<div class=\"mh-excerpt\"><p>V americk\u00e9m San Bernardinu do\u0161lo ve st\u0159edu ke st\u0159elb\u011b v \u00fa\u0159adu soci\u00e1ln\u00edch slu\u017eeb poskytuj\u00edc\u00edm p\u00e9\u010di posti\u017een\u00fdm lidem. Podle vy\u0161et\u0159ovatel\u016f z\u016fstalo na m\u00edst\u011b nejm\u00e9n\u011b \u010dtrn\u00e1ct mrtv\u00fdch, <a class=\"mh-excerpt-more\" href=\"https:\/\/www.invarena.cz\/?p=23724\" title=\"Terorist\u00e9 za\u00fato\u010dili v americk\u00e9m \u00fa\u0159adu soci\u00e1ln\u00edch slu\u017eeb\">[&#8230;]<\/a><\/p>\n<\/div>","protected":false},"author":1,"featured_media":18187,"comment_status":"open","ping_status":"closed","sticky":false,"template":"","format":"standard","meta":{"footnotes":""},"categories":[7],"tags":[],"class_list":["post-23724","post","type-post","status-publish","format-standard","has-post-thumbnail","hentry","category-spolecnost"],"_links":{"self":[{"href":"https:\/\/www.invarena.cz\/index.php?rest_route=\/wp\/v2\/posts\/23724","targetHints":{"allow":["GET"]}}],"collection":[{"href":"https:\/\/www.invarena.cz\/index.php?rest_route=\/wp\/v2\/posts"}],"about":[{"href":"https:\/\/www.invarena.cz\/index.php?rest_route=\/wp\/v2\/types\/post"}],"author":[{"embeddable":true,"href":"https:\/\/www.invarena.cz\/index.php?rest_route=\/wp\/v2\/users\/1"}],"replies":[{"embeddable":true,"href":"https:\/\/www.invarena.cz\/index.php?rest_route=%2Fwp%2Fv2%2Fcomments&post=23724"}],"version-history":[{"count":0,"href":"https:\/\/www.invarena.cz\/index.php?rest_route=\/wp\/v2\/posts\/23724\/revisions"}],"wp:featuredmedia":[{"embeddable":true,"href":"https:\/\/www.invarena.cz\/index.php?rest_route=\/wp\/v2\/media\/18187"}],"wp:attachment":[{"href":"https:\/\/www.invarena.cz\/index.php?rest_route=%2Fwp%2Fv2%2Fmedia&parent=23724"}],"wp:term":[{"taxonomy":"category","embeddable":true,"href":"https:\/\/www.invarena.cz\/index.php?rest_route=%2Fwp%2Fv2%2Fcategories&post=23724"},{"taxonomy":"post_tag","embeddable":true,"href":"https:\/\/www.invarena.cz\/index.php?rest_route=%2Fwp%2Fv2%2Ftags&post=23724"}],"curies":[{"name":"wp","href":"https:\/\/api.w.org\/{rel}","templated":true}]}}