{"id":23725,"date":"2015-12-03T07:09:14","date_gmt":"2015-12-03T06:09:14","guid":{"rendered":"http:\/\/www.invarena.cz\/?p=23725"},"modified":"2015-12-03T07:09:14","modified_gmt":"2015-12-03T06:09:14","slug":"pruzkum-tretina-deti-a-mladistvych-chce-na-silvestra-pit-alkohol","status":"publish","type":"post","link":"https:\/\/www.invarena.cz\/?p=23725","title":{"rendered":"Pr\u016fzkum: T\u0159etina d\u011bt\u00ed a mladistv\u00fdch chce na Silvestra p\u00edt alkohol"},"content":{"rendered":"<p><strong>T\u0159etina d\u011bt\u00ed a mladistv\u00fdch pl\u00e1nuje na Silvestra p\u00edt alkohol. Ve skupin\u011b mezi 15 a 17 lety je to v\u00edce ne\u017e polovina, dal\u0161\u00edch 38 procent se je\u0161t\u011b nerozhodlo. Vypl\u00fdv\u00e1 to z v\u00fdsledk\u016f listopadov\u00e9ho pr\u016fzkumu F\u00f3ra Pij s rozumem. <\/strong><!--more--><\/p>\n<p>Nejpopul\u00e1rn\u011bj\u0161\u00edm druhem alkoholu na Silvestra je mezi mladistv\u00fdmi \u0161ampa\u0148sk\u00e9. U star\u0161\u00edch pak n\u00e1sleduj\u00ed lihoviny, mlad\u0161\u00ed preferuj\u00ed pivo a v\u00edno.<\/p>\n<p>Dv\u011b p\u011btiny patn\u00e1ctilet\u00fdch a\u017e sedmn\u00e1ctilet\u00fdch lid\u00ed si chce alkohol obstarat ze z\u00e1sob sv\u00fdch rodi\u010d\u016f nebo rodi\u010d\u016f sv\u00fdch kamar\u00e1d\u016f. V\u00edce ne\u017e t\u0159etina ale p\u0159edpokl\u00e1d\u00e1, \u017ee si koup\u00ed alkohol v obchod\u011b, a\u010dkoliv je jeho prodej lidem mlad\u0161\u00edm 18 let zak\u00e1z\u00e1n.<\/p>\n<p>Pouze sedmn\u00e1ct procent rodi\u010d\u016f se ob\u00e1v\u00e1, \u017ee se jejich potomek p\u0159i silvestrovsk\u00fdch oslav\u00e1ch opije. P\u011btina si mysl\u00ed, \u017ee si svoje d\u00edt\u011b ohl\u00edd\u00e1, a t\u0159etina v\u011b\u0159\u00ed, \u017ee se jejich potomek bude chovat rozumn\u011b.<\/p>\n<p>F\u00f3rum Pij s rozumem je neziskov\u00e1 platforma v\u00fdznamn\u00fdch v\u00fdrobc\u016f a distributor\u016f lihovin, kter\u00e1 se v\u011bnuje zejm\u00e9na osv\u011bt\u011b a prevenci v t\u00e9to oblasti. V souvislosti se sobotn\u00edm Mikul\u00e1\u0161em upozor\u0148uje, \u017ee rodi\u010de \u010dasto trojici Mikul\u00e1\u0161, \u010dert a and\u011bl odm\u011b\u0148uj\u00ed alkoholem.<\/p>\n<p>Samostatn\u011b nebo ve spojen\u00ed s pen\u011bzi ho nab\u00edz\u00ed t\u0159etina rodi\u010d\u016f, a\u010dkoliv je maskovan\u00e1 trojice v kontaktu s jejich d\u011btmi. &#8222;Lehce p\u0159iopil\u00fd and\u00edlek i pot\u00e1cej\u00edc\u00ed se Mikul\u00e1\u0161 sice m\u016f\u017ee b\u00fdt k sm\u00edchu, ale alkoholem povzbuzen\u00fd \u010dert u\u017e v d\u011btsk\u00fdch du\u0161i\u010dk\u00e1ch m\u016f\u017ee zp\u016fsobit po\u0159\u00e1dnou neplechu,&#8220; upozor\u0148uj\u00ed auto\u0159i pr\u016fzkumu. Psychologov\u00e9 podle nich tak\u00e9 tvrd\u00ed, \u017ee n\u00e1v\u0161t\u011bva Mikul\u00e1\u0161e a jeho spole\u010dn\u00edk\u016f m\u016f\u017ee d\u011bti vystra\u0161it, a pokud si ji spoj\u00ed s konzumac\u00ed alkoholu, m\u016f\u017ee je ka\u017ed\u00e9 dal\u0161\u00ed setk\u00e1n\u00ed s pop\u00edjej\u00edc\u00edm \u010dlov\u011bkem dostat do stresov\u00e9 situace.<\/p>\n<p>Tak\u00e9 \u0160t\u011bdr\u00fd den m\u00e1 v\u011bt\u0161ina lid\u00ed spojen\u00fd s konzumac\u00ed alkoholu. Pop\u00edj\u00ed se v \u0161edes\u00e1ti procentech dom\u00e1cnost\u00ed. V \u0159ad\u011b p\u0159\u00edpad\u016f si p\u0159itom alkoholem p\u0159ip\u00edjej\u00ed i d\u011bti. Necel\u00e1 desetina rodi\u010d\u016f tvrd\u00ed, \u017ee si d\u011bti p\u0159ip\u00edjej\u00ed jen symbolicky a z\u00e1le\u017e\u00ed na v\u011bku.<\/p>\n<p>\u0160t\u011bdrove\u010dern\u00ed p\u0159\u00edpitek je sou\u010d\u00e1st\u00ed dne pro 17 procent d\u011bt\u00ed ve v\u011bku od osmi do 18 let. &#8222;Informovanost mnoha rodi\u010d\u016f o rizikov\u00e9m vlivu alkoholu na d\u011btsk\u00fd organismus je mal\u00e1. Mozek d\u00edt\u011bte a mlad\u00e9ho \u010dlov\u011bka se vyv\u00edj\u00ed a\u017e do 20 let, z\u00e1konn\u00e1 hranice pro konzumaci alkoholu m\u00e1 proto sv\u00e9 opodstatn\u011bn\u00ed a rodi\u010de by nem\u011bli p\u0159istupovat k v\u00fdjimk\u00e1m ani o sv\u00e1te\u010dn\u00edch dnech,&#8220; uvedl v tiskov\u00e9 zpr\u00e1v\u011b Vladim\u00edr Darebn\u00edk, viceprezident Unie v\u00fdrobc\u016f a dovozc\u016f lihovin.<\/p>\n","protected":false},"excerpt":{"rendered":"<div class=\"mh-excerpt\"><p>T\u0159etina d\u011bt\u00ed a mladistv\u00fdch pl\u00e1nuje na Silvestra p\u00edt alkohol. Ve skupin\u011b mezi 15 a 17 lety je to v\u00edce ne\u017e polovina, dal\u0161\u00edch 38 procent se <a class=\"mh-excerpt-more\" href=\"https:\/\/www.invarena.cz\/?p=23725\" title=\"Pr\u016fzkum: T\u0159etina d\u011bt\u00ed a mladistv\u00fdch chce na Silvestra p\u00edt alkohol\">[&#8230;]<\/a><\/p>\n<\/div>","protected":false},"author":1,"featured_media":21279,"comment_status":"open","ping_status":"closed","sticky":false,"template":"","format":"standard","meta":{"footnotes":""},"categories":[7],"tags":[],"class_list":["post-23725","post","type-post","status-publish","format-standard","has-post-thumbnail","hentry","category-spolecnost"],"_links":{"self":[{"href":"https:\/\/www.invarena.cz\/index.php?rest_route=\/wp\/v2\/posts\/23725","targetHints":{"allow":["GET"]}}],"collection":[{"href":"https:\/\/www.invarena.cz\/index.php?rest_route=\/wp\/v2\/posts"}],"about":[{"href":"https:\/\/www.invarena.cz\/index.php?rest_route=\/wp\/v2\/types\/post"}],"author":[{"embeddable":true,"href":"https:\/\/www.invarena.cz\/index.php?rest_route=\/wp\/v2\/users\/1"}],"replies":[{"embeddable":true,"href":"https:\/\/www.invarena.cz\/index.php?rest_route=%2Fwp%2Fv2%2Fcomments&post=23725"}],"version-history":[{"count":0,"href":"https:\/\/www.invarena.cz\/index.php?rest_route=\/wp\/v2\/posts\/23725\/revisions"}],"wp:featuredmedia":[{"embeddable":true,"href":"https:\/\/www.invarena.cz\/index.php?rest_route=\/wp\/v2\/media\/21279"}],"wp:attachment":[{"href":"https:\/\/www.invarena.cz\/index.php?rest_route=%2Fwp%2Fv2%2Fmedia&parent=23725"}],"wp:term":[{"taxonomy":"category","embeddable":true,"href":"https:\/\/www.invarena.cz\/index.php?rest_route=%2Fwp%2Fv2%2Fcategories&post=23725"},{"taxonomy":"post_tag","embeddable":true,"href":"https:\/\/www.invarena.cz\/index.php?rest_route=%2Fwp%2Fv2%2Ftags&post=23725"}],"curies":[{"name":"wp","href":"https:\/\/api.w.org\/{rel}","templated":true}]}}