{"id":23726,"date":"2015-12-03T07:17:42","date_gmt":"2015-12-03T06:17:42","guid":{"rendered":"http:\/\/www.invarena.cz\/?p=23726"},"modified":"2015-12-03T07:17:49","modified_gmt":"2015-12-03T06:17:49","slug":"celnici-zacali-prosetrovat-dovoz-veskereho-medu-do-cr","status":"publish","type":"post","link":"https:\/\/www.invarena.cz\/?p=23726","title":{"rendered":"Celn\u00edci za\u010dali pro\u0161et\u0159ovat dovoz ve\u0161ker\u00e9ho medu do \u010cR"},"content":{"rendered":"<p><strong>Celn\u00edci za\u010dali pro\u0161et\u0159ovat dovoz ve\u0161ker\u00e9ho medu do \u010ceska, sd\u011blila tiskov\u00e1 mluv\u010d\u00ed Gener\u00e1ln\u00edho \u0159editelstv\u00ed cel Martina Ka\u0148kov\u00e1. Ned\u00e1vno St\u00e1tn\u00ed zem\u011bd\u011blsk\u00e1 a potravin\u00e1\u0159sk\u00e1 inspekce (SZPI) zjistila, \u017ee med deklarovan\u00fd jako \u010desk\u00fd, obsahuje antibiotika, kter\u00e1 se v EU nepou\u017e\u00edvaj\u00ed a jsou zak\u00e1zan\u00e1.<\/strong><!--more--><\/p>\n<div class=\"rows\">\n<div class=\"leftCol\">\n<div id=\"textNews\" class=\"text\">\n<p>&#8222;V sou\u010dasnosti celn\u00ed spr\u00e1va pro\u0161et\u0159uje ve\u0161ker\u00e9 dovozy t\u00e9to komodity,&#8220; \u0159ekla mluv\u010d\u00ed s t\u00edm, \u017ee je to pr\u00e1v\u011b kv\u016fli zji\u0161t\u011bn\u00fdm antibiotik\u016fm v medu. SZPI u\u017e zve\u0159ejnila 25 \u0161ar\u017e\u00ed medu od spole\u010dnosti V\u010delpo, kter\u00e9 obsahovaly l\u00e1tky, jejich\u017e pou\u017eit\u00ed je pro l\u00e9\u010den\u00ed v\u010del v Evropsk\u00e9 unii zak\u00e1zan\u00e9. Antibiotika se do medu pravd\u011bpodobn\u011b dostala z p\u0159\u00edm\u011bsi zahrani\u010dn\u00edho medu. SZPI upozornila v\u0161ak, \u017ee v\u011bt\u0161ina med\u016f nesla ozna\u010den\u00ed, \u017ee jsou \u010desk\u00fdm v\u00fdrobkem.<\/p>\n<p>O prvn\u00edch dvou vzorc\u00edch informoval v polovin\u011b listopadu ministr zem\u011bd\u011blstv\u00ed Marian Jure\u010dka (KDU-\u010cSL). Uvedl tehdy, \u017ee by mno\u017estv\u00ed antibiotik nem\u011blo b\u00fdt pro lidsk\u00fd organismus nebezpe\u010dn\u00e9. L\u00e1tky jako streptomycin, sulfathizol a podobn\u011b se v\u0161ak v medu vyskytovat nesm\u00ed. Po prvn\u00edch dvou pochybn\u00fdch vzorc\u00edch n\u00e1sledovalo odhalen\u00ed dal\u0161\u00edch 19 a nyn\u00ed v \u00fater\u00fd p\u0159ibyly \u010dty\u0159i. &#8222;Inspekce aktu\u00e1ln\u011b v tr\u017en\u00ed s\u00edti odebrala 16 vzork\u016f medu od zahrani\u010dn\u00edch v\u00fdrobc\u016f. V\u00fdsledky zn\u00e1me dosud u p\u011bti a ve v\u0161ech vyhovovaly,&#8220; doplnil Kop\u0159iva.<\/p>\n<p>V\u010delpo vlastn\u00ed \u010cesk\u00fd svaz v\u010dela\u0159\u016f (\u010cSV), kter\u00fd ministerstvo podporuje dotacemi. P\u0159edsednictvo republikov\u00e9ho v\u00fdboru \u010cSV na konci listopadu odvolalo dozor\u010d\u00ed radu. V prosinci na sjezdu zvol\u00ed i nov\u00e9 p\u0159edsednictvo firmy. Svaz zji\u0161\u0165uje, jak\u00fdm zp\u016fsobem se do medu antibiotika dostala, respektive kter\u00fd dodavatel prodal firm\u011b med ozna\u010den\u00fd za \u010desk\u00fd. Zat\u00edm zak\u00e1zal prodej v\u0161ech v\u00fdrobk\u016f od V\u010delpa. Firma si za\u010dne uchov\u00e1vat kontroln\u00ed vzorky od ka\u017ed\u00e9ho dodavatele a bude v\u00edce kontrolovat sv\u00e9 prod\u00e1van\u00e9 v\u00fdrobky.<\/p>\n<\/div>\n<\/div>\n<\/div>\n","protected":false},"excerpt":{"rendered":"<div class=\"mh-excerpt\"><p>Celn\u00edci za\u010dali pro\u0161et\u0159ovat dovoz ve\u0161ker\u00e9ho medu do \u010ceska, sd\u011blila tiskov\u00e1 mluv\u010d\u00ed Gener\u00e1ln\u00edho \u0159editelstv\u00ed cel Martina Ka\u0148kov\u00e1. Ned\u00e1vno St\u00e1tn\u00ed zem\u011bd\u011blsk\u00e1 a potravin\u00e1\u0159sk\u00e1 inspekce (SZPI) zjistila, \u017ee <a class=\"mh-excerpt-more\" href=\"https:\/\/www.invarena.cz\/?p=23726\" title=\"Celn\u00edci za\u010dali pro\u0161et\u0159ovat dovoz ve\u0161ker\u00e9ho medu do \u010cR\">[&#8230;]<\/a><\/p>\n<\/div>","protected":false},"author":1,"featured_media":0,"comment_status":"open","ping_status":"closed","sticky":false,"template":"","format":"standard","meta":{"footnotes":""},"categories":[9],"tags":[],"class_list":["post-23726","post","type-post","status-publish","format-standard","hentry","category-zpravy"],"_links":{"self":[{"href":"https:\/\/www.invarena.cz\/index.php?rest_route=\/wp\/v2\/posts\/23726","targetHints":{"allow":["GET"]}}],"collection":[{"href":"https:\/\/www.invarena.cz\/index.php?rest_route=\/wp\/v2\/posts"}],"about":[{"href":"https:\/\/www.invarena.cz\/index.php?rest_route=\/wp\/v2\/types\/post"}],"author":[{"embeddable":true,"href":"https:\/\/www.invarena.cz\/index.php?rest_route=\/wp\/v2\/users\/1"}],"replies":[{"embeddable":true,"href":"https:\/\/www.invarena.cz\/index.php?rest_route=%2Fwp%2Fv2%2Fcomments&post=23726"}],"version-history":[{"count":1,"href":"https:\/\/www.invarena.cz\/index.php?rest_route=\/wp\/v2\/posts\/23726\/revisions"}],"predecessor-version":[{"id":23727,"href":"https:\/\/www.invarena.cz\/index.php?rest_route=\/wp\/v2\/posts\/23726\/revisions\/23727"}],"wp:attachment":[{"href":"https:\/\/www.invarena.cz\/index.php?rest_route=%2Fwp%2Fv2%2Fmedia&parent=23726"}],"wp:term":[{"taxonomy":"category","embeddable":true,"href":"https:\/\/www.invarena.cz\/index.php?rest_route=%2Fwp%2Fv2%2Fcategories&post=23726"},{"taxonomy":"post_tag","embeddable":true,"href":"https:\/\/www.invarena.cz\/index.php?rest_route=%2Fwp%2Fv2%2Ftags&post=23726"}],"curies":[{"name":"wp","href":"https:\/\/api.w.org\/{rel}","templated":true}]}}