{"id":23728,"date":"2015-12-03T07:22:14","date_gmt":"2015-12-03T06:22:14","guid":{"rendered":"http:\/\/www.invarena.cz\/?p=23728"},"modified":"2015-12-03T07:22:14","modified_gmt":"2015-12-03T06:22:14","slug":"v-pribrami-se-rozhorel-spor-kvuli-vedeni-socialnich-sluzeb","status":"publish","type":"post","link":"https:\/\/www.invarena.cz\/?p=23728","title":{"rendered":"V P\u0159\u00edbrami se rozho\u0159el spor kv\u016fli veden\u00ed soci\u00e1ln\u00edch slu\u017eeb"},"content":{"rendered":"<p><strong>V P\u0159\u00edbrami se rozho\u0159el spor kv\u016fli zm\u011bn\u011b ve veden\u00ed centra soci\u00e1ln\u00edch a zdravotn\u00edch slu\u017eeb. Opozici se nel\u00edb\u00ed odvol\u00e1n\u00ed \u0159editelky Jitky \u0160perkov\u00e9 a jmenov\u00e1n\u00ed nov\u00e9ho \u0161\u00e9fa Du\u0161ana Strakuly, kter\u00fd podle n\u00ed pro tuto pr\u00e1ci nem\u00e1 odborn\u00e9 p\u0159edpoklady.<\/strong> <!--more--><\/p>\n<p>ilustra\u010dn\u00ed foto: Photorack.net<\/p>\n<p>Z\u00e1le\u017eitost chce otev\u0159\u00edt na nejbli\u017e\u0161\u00edm jedn\u00e1n\u00ed zastupitelstva. Pochybnosti maj\u00ed i n\u011bkte\u0159\u00ed p\u0159edstavitel\u00e9 koalice. Starosta Jind\u0159ich Va\u0159eka (ANO) kritiku odm\u00edt\u00e1. \u0160perkov\u00e9 podle n\u011bj chyb\u011bly z\u00e1kladn\u00ed mana\u017eersk\u00e9 schopnosti.<\/p>\n<div class=\"rows\">\n<div class=\"leftCol\">\n<div id=\"textNews\" class=\"text\">\n<p>&#8222;Ka\u017ed\u00fd, kdo m\u00e1 jakoukoli zku\u0161enost s \u0159\u00edzen\u00edm organizace, v\u00ed, \u017ee kl\u00ed\u010dov\u00fdm probl\u00e9mem u ka\u017ed\u00e9ho nov\u00e9ho projektu je nalezen\u00ed schopn\u00e9ho \u010dlov\u011bka, kter\u00fd bude schopen my\u0161lenku realizovat. I v tomto p\u0159\u00edpad\u011b budeme o nalezen\u00ed spr\u00e1vn\u00e9ho \u0159e\u0161en\u00ed nad\u00e1le usilovat,&#8220; uvedl Va\u0159eka.<\/p>\n<p>Strakula je \u0161\u00e9fem centra jmenov\u00e1n do\u010dasn\u011b do konce ledna. Opozice se ale ob\u00e1v\u00e1 toho, \u017ee je toto m\u00edsto obsazeno u\u017e natrvalo. &#8222;I sov\u011btsk\u00e9 tanky p\u0159ijely v roce 1968 do\u010dasn\u011b,&#8220; podotkl zastupitel za \u010cSSD a b\u00fdval\u00fd starosta Josef \u0158ih\u00e1k. Podle n\u011bj jde o odm\u011bnu za pr\u00e1ci, kterou Strakula odvedl v komun\u00e1ln\u00edch volb\u00e1ch pro v\u00edt\u011bzn\u00e9 hnut\u00ed ANO. Va\u0159eka to u\u017e v minulosti odm\u00edtl a prohl\u00e1sil, \u017ee Strakula dostal \u0161anci d\u00edky schopnostem, kter\u00e9 prok\u00e1zal.<\/p>\n<p>Soci\u00e1ln\u00ed v\u011bci m\u00e1 v P\u0159\u00edbrami na starosti ANO, kter\u00e9 ve m\u011bst\u011b vl\u00e1dne spolu s TOP 09. Odvol\u00e1n\u00ed \u0160perkov\u00e9 ale radn\u00ed za TOP 09 nepodpo\u0159ili. &#8222;Jsou v\u011bci, pro kter\u00e9 zvednout ruku nem\u016f\u017eeme. Jsme opravdu zv\u011bdavi, jak n\u00e1\u0161 koali\u010dn\u00ed partner tuto z\u00e1le\u017eitost vy\u0159e\u0161\u00ed,&#8220; \u0159ekl \u010cTK radn\u00ed Petr St\u0159\u00edbrnsk\u00fd (TOP 09).<\/p>\n<p>\u0160perkov\u00e1 se stala \u0159editelkou nov\u00e9ho centra, do n\u011bj\u017e se letos slou\u010dilo n\u011bkolik p\u0159\u00edsp\u011bvkov\u00fdch organizac\u00ed, za\u010d\u00e1tkem z\u00e1\u0159\u00ed. Usp\u011bla ve v\u00fdb\u011brov\u00e9m \u0159\u00edzen\u00ed vypsan\u00e9m nyn\u011bj\u0161\u00ed m\u011bstskou radou. P\u0159edt\u00edm vznikaj\u00edc\u00ed organizaci \u0159\u00eddil n\u011bkolik m\u011bs\u00edc\u016f Strakula, podle radnice byl krizov\u00fdm mana\u017eerem a dohl\u00ed\u017eel na celou transformaci.<\/p>\n<p>\u0160perkov\u00e1 tvrd\u00ed, \u017ee j\u00ed byl nyn\u00ed zru\u0161en pracovn\u00ed pom\u011br ve zku\u0161ebn\u00ed dob\u011b bez ud\u00e1n\u00ed d\u016fvod\u016f. Postoj m\u011bsta v\u016f\u010di n\u00ed se pr\u00fd zm\u011bnil pot\u00e9, co se rozhodla ukon\u010dit spolupr\u00e1ci se Strakulou. Ten se po jej\u00edm jmenov\u00e1n\u00ed stal mana\u017eerem kvality a \u0159\u00edzen\u00ed slu\u017eeb, co\u017e byla podle \u0160perkov\u00e9 funkce, kterou si s\u00e1m vytvo\u0159il. Strakula podle odvolan\u00e9 \u0159editelky pro organizaci nebyl p\u0159\u00ednosem. M\u011bl na starosti vypracov\u00e1n\u00ed, aktualizaci a dodr\u017eov\u00e1n\u00ed standard\u016f kvality soci\u00e1ln\u00edch slu\u017eeb, v\u011bt\u0161inu \u00fakol\u016f ale podle n\u00ed neplnil.<\/p>\n<p>Veden\u00ed m\u011bsta naopak vid\u00ed pochyben\u00ed na stran\u011b \u0160perkov\u00e9. Prvn\u00edm krokem, kter\u00fd nezvl\u00e1dla, byl podle Va\u0159eky audit poskytov\u00e1n\u00ed soci\u00e1ln\u00edch a zdravotn\u00edch slu\u017eeb. &#8222;\u017d\u00e1dn\u00fd takov\u00fd \u00fakol jsem nedostala. Pokud to o\u010dek\u00e1vali a ne\u0159ekli mi to, to je druh\u00e1 v\u011bc,&#8220; tvrd\u00ed \u0160perkov\u00e1. Starostovi se nel\u00edbilo nap\u0159\u00edklad ani to, \u017ee azylov\u00fd d\u016fm a m\u011bstsk\u00e9 jesle nav\u0161t\u00edvila a\u017e po urgenci dva a p\u016fl m\u011bs\u00edce po sv\u00e9m jmenov\u00e1n\u00ed. \u0160perkov\u00e1 v tom probl\u00e9m nevid\u00ed, z\u00e1le\u017eitosti t\u00fdkaj\u00edc\u00ed se t\u011bchto za\u0159\u00edzen\u00ed pr\u00fd \u0159e\u0161ila ve sv\u00e9 kancel\u00e1\u0159i.<\/p>\n<p>Va\u0159eka uvedl, \u017ee obsazen\u00ed vedouc\u00ed funkce u t\u00e9to organizace je person\u00e1ln\u00edm o\u0159\u00ed\u0161kem. &#8222;S\u00e1m m\u00e1m s obsazov\u00e1n\u00edm pozic ve vrcholn\u00e9m managementu firem sv\u00e9 zku\u0161enosti. Jako p\u0159\u00edklad mohu uv\u00e9st obsazov\u00e1n\u00ed funkce obchodn\u00edho \u0159editele nebo \u0159editele marketingu ve firm\u011b Ravak, kde se nepoda\u0159ilo i p\u0159es spolupr\u00e1ci s t\u011bmi nejlep\u0161\u00edmi person\u00e1ln\u00edmi agenturami tato m\u00edsta obsadit ke spokojenosti v\u0161ech po n\u011bkolik let,&#8220; dodal.<\/p>\n<\/div>\n<\/div>\n<\/div>\n","protected":false},"excerpt":{"rendered":"<div class=\"mh-excerpt\"><p>V P\u0159\u00edbrami se rozho\u0159el spor kv\u016fli zm\u011bn\u011b ve veden\u00ed centra soci\u00e1ln\u00edch a zdravotn\u00edch slu\u017eeb. Opozici se nel\u00edb\u00ed odvol\u00e1n\u00ed \u0159editelky Jitky \u0160perkov\u00e9 a jmenov\u00e1n\u00ed nov\u00e9ho \u0161\u00e9fa <a class=\"mh-excerpt-more\" href=\"https:\/\/www.invarena.cz\/?p=23728\" title=\"V P\u0159\u00edbrami se rozho\u0159el spor kv\u016fli veden\u00ed soci\u00e1ln\u00edch slu\u017eeb\">[&#8230;]<\/a><\/p>\n<\/div>","protected":false},"author":1,"featured_media":20771,"comment_status":"open","ping_status":"closed","sticky":false,"template":"","format":"standard","meta":{"footnotes":""},"categories":[7],"tags":[],"class_list":["post-23728","post","type-post","status-publish","format-standard","has-post-thumbnail","hentry","category-spolecnost"],"_links":{"self":[{"href":"https:\/\/www.invarena.cz\/index.php?rest_route=\/wp\/v2\/posts\/23728","targetHints":{"allow":["GET"]}}],"collection":[{"href":"https:\/\/www.invarena.cz\/index.php?rest_route=\/wp\/v2\/posts"}],"about":[{"href":"https:\/\/www.invarena.cz\/index.php?rest_route=\/wp\/v2\/types\/post"}],"author":[{"embeddable":true,"href":"https:\/\/www.invarena.cz\/index.php?rest_route=\/wp\/v2\/users\/1"}],"replies":[{"embeddable":true,"href":"https:\/\/www.invarena.cz\/index.php?rest_route=%2Fwp%2Fv2%2Fcomments&post=23728"}],"version-history":[{"count":0,"href":"https:\/\/www.invarena.cz\/index.php?rest_route=\/wp\/v2\/posts\/23728\/revisions"}],"wp:featuredmedia":[{"embeddable":true,"href":"https:\/\/www.invarena.cz\/index.php?rest_route=\/wp\/v2\/media\/20771"}],"wp:attachment":[{"href":"https:\/\/www.invarena.cz\/index.php?rest_route=%2Fwp%2Fv2%2Fmedia&parent=23728"}],"wp:term":[{"taxonomy":"category","embeddable":true,"href":"https:\/\/www.invarena.cz\/index.php?rest_route=%2Fwp%2Fv2%2Fcategories&post=23728"},{"taxonomy":"post_tag","embeddable":true,"href":"https:\/\/www.invarena.cz\/index.php?rest_route=%2Fwp%2Fv2%2Ftags&post=23728"}],"curies":[{"name":"wp","href":"https:\/\/api.w.org\/{rel}","templated":true}]}}