{"id":23733,"date":"2015-12-03T10:44:27","date_gmt":"2015-12-03T09:44:27","guid":{"rendered":"http:\/\/www.invarena.cz\/?p=23733"},"modified":"2015-12-03T10:44:27","modified_gmt":"2015-12-03T09:44:27","slug":"skautky-budou-varit-kavu-na-pomoc-postizene-barusce","status":"publish","type":"post","link":"https:\/\/www.invarena.cz\/?p=23733","title":{"rendered":"Skautky budou va\u0159it k\u00e1vu na pomoc posti\u017een\u00e9 Baru\u0161ce"},"content":{"rendered":"<p><strong>V\u00fdt\u011b\u017eek z leto\u0161n\u00ed v\u00e1no\u010dn\u00ed sb\u00edrky v T\u0159eb\u00ed\u010di p\u016fjde na d\u011btsk\u00e9 odd\u011blen\u00ed tamn\u00ed nemocnice<\/strong><!--more--><\/p>\n<p>T\u0159eb\u00ed\u010dsko \u2013 Pomoci posti\u017een\u00fdm, nemocn\u00fdm a znev\u00fdhodn\u011bn\u00fdm d\u011btem. To maj\u00ed letos za c\u00edl v\u00e1no\u010dn\u00ed sb\u00edrky, kter\u00e9 se konaj\u00ed v m\u011bstech T\u0159eb\u00ed\u010dska. Moravskobud\u011bjovick\u00e9 skautky pom\u00e1haj\u00ed hol\u010di\u010dce z T\u0159ebelovic, v Jarom\u011b\u0159ic\u00edch cht\u011bj\u00ed p\u0159isp\u011bt dv\u011bma sourozenc\u016fm z P\u0159\u00edlo\u017ean a v T\u0159eb\u00ed\u010di se budou vyb\u00edrat pen\u00edze pro d\u011btsk\u00e9 odd\u011blen\u00ed t\u0159eb\u00ed\u010dsk\u00e9 nemocnice.<\/p>\n<p>Baru\u0161ka Mu\u0161kov\u00e1 z T\u0159ebelovic se sv\u00fdm rodi\u010d\u016fm narodila p\u0159ed\u010dasn\u011b a trp\u00ed t\u011b\u017ekou psychomotorickou retardac\u00ed a dal\u0161\u00edmi komplikacemi. &#8222;Jej\u00ed rodi\u010de pot\u0159ebuj\u00ed na zkvalitn\u011bn\u00ed p\u00e9\u010de o ni speci\u00e1ln\u00ed ko\u010d\u00e1rek v hodnot\u011b sedmdes\u00e1t tis\u00edc korun,&#8220; informovala skautka Lucie \u0160kodov\u00e1. Ta se spolu se sv\u00fdmi skautsk\u00fdmi sestrami ze 4. d\u00edv\u010d\u00edho odd\u00edlu Slune\u010dnice rozhodla rodi\u010d\u016fm Baru\u0161ky se z\u00edsk\u00e1n\u00edm pen\u011bz na speci\u00e1ln\u00ed ko\u010d\u00e1rek pomoci.<\/p>\n<p>D\u00e1rci mohou p\u0159isp\u00edvat bu\u010f do pokladni\u010dky v p\u0159\u00edzem\u00ed m\u011bstsk\u00e9ho \u00fa\u0159adu v Moravsk\u00fdch Bud\u011bjovic\u00edch, nebo zasl\u00e1n\u00edm pen\u011bz na bankovn\u00ed \u00fa\u010det: 107-8023120247\/0100.<\/p>\n<p>Hlavn\u00ed \u010d\u00e1st projektu s n\u00e1zvem Coffe to help se bude odehr\u00e1vat od 18. do 21. prosince v klubovn\u011b skaut\u016f z Moravsk\u00fdch Bud\u011bjovic. &#8222;Klubovnu uprav\u00edme na kav\u00e1rnu. Lid\u00e9 do n\u00ed budou moci p\u0159ij\u00edt a koupit si cokoli jako v klasick\u00e9 kav\u00e1rn\u011b, od k\u00e1vy a\u017e po tiramisu. Dobroty budou p\u00e9ct skautky s rodi\u010di. \u010cty\u0159i dny budeme obsluhovat a pen\u00edze, kter\u00e9 z\u00e1kaznici zaplat\u00ed, d\u00e1me rodi\u010d\u016fm Baru\u0161ky,&#8220; popsala \u0160kodov\u00e1.<\/p>\n<p>Sou\u010d\u00e1st\u00ed kav\u00e1rny bude tak\u00e9 ble\u0161\u00ed trh kn\u00ed\u017eek, prod\u00e1vat se tam bude skautsk\u00fd \u010dasopis a na ned\u011bli je nachyst\u00e1n v\u00e1no\u010dn\u00ed koncert. Pen\u00edze ze v\u0161ech t\u011bchto \u010dinnost\u00ed p\u016fjdou rovn\u011b\u017e za Baru\u0161kou.<\/p>\n<p>&#8222;Akce nese dva c\u00edle. Zaprv\u00e9 finan\u010dn\u011b podpo\u0159it n\u011bjak\u00e9 nemocn\u00e9 d\u00edt\u011b z na\u0161eho okol\u00ed a za druh\u00e9 nau\u010dit samotn\u00e9 d\u00edvky skautky \u010dinnostem p\u0159\u00ednosn\u00fdm pro \u017eivot \u2013 navrhnout a zrealizovat \u010d\u00e1st samotn\u00e9ho projektu, mluvit s ciz\u00edmi lidmi v r\u00e1mci obsluhy, um\u011bt p\u0159ipravit ob\u010derstven\u00ed a zvl\u00e1dnout nem\u00e9n\u011b d\u016fle\u017eitou pr\u00e1ci v t\u00fdmu,&#8220; vyjmenovala \u0160kodov\u00e1.<\/p>\n<p>D\u011btem bude pom\u00e1hat tak\u00e9 sb\u00edrka v Jarom\u011b\u0159ic\u00edch nad Rokytnou. Pen\u00edze vybran\u00e9 do kasi\u010dek ve vestibulu radnice a v prodejn\u011b Coop i z \u00fa\u010dtu sb\u00edrky 248483042\/0300 p\u016fjdou na v\u00fdukov\u00e9 pom\u016fcky pro sourozence ve v\u011bku 4 a 5 let z P\u0159\u00edlo\u017ean. &#8222;Sb\u00edrku d\u011bl\u00e1me tradi\u010dn\u011b od roku 2011. V\u017edy je to zam\u011b\u0159eno na d\u011bti z Jarom\u011b\u0159ic \u010di obc\u00ed, kter\u00e9 jsou sou\u010d\u00e1st\u00ed m\u011bsta. \u010c\u00e1stky se pohybuj\u00ed od deseti do dvaceti tis\u00edc,&#8220; \u0159ekl starosta Jarom\u011b\u0159ic Jaroslav Soukup.<\/p>\n<p>Tradi\u010dn\u00ed sb\u00edrka nebude chyb\u011bt ani v T\u0159eb\u00ed\u010di. Pod v\u00e1no\u010dn\u00edm stromem budou moci lid\u00e9 p\u0159isp\u011bt na zakoupen\u00ed monitoru \u017eivotn\u00edch funkc\u00ed na poopera\u010dn\u00ed pokoj d\u011btsk\u00e9ho odd\u011blen\u00ed t\u0159eb\u00ed\u010dsk\u00e9 nemocnice. &#8222;V T\u0159eb\u00ed\u010di se v\u011bt\u0161inou poda\u0159\u00ed vybrat kolem 35 tis\u00edc. Monitor stoj\u00ed mezi \u010dty\u0159iceti a\u017e pades\u00e1ti tis\u00edci korun,&#8220; \u0159ekla t\u0159eb\u00ed\u010dsk\u00e1 radn\u00ed Marie \u010cern\u00e1.<\/p>\n<p>\u010d\u00edsla \u00fa\u010dt\u016f<\/p>\n<p>T\u0159eb\u00ed\u010d: 107 \u2013 691 537 0277 \/ 0100<br \/>\nMoravsk\u00e9 Bud\u011bjovice: 107 \u2013 802 312 0247 \/ 0100<br \/>\nJarom\u011b\u0159ice nad Rokytnou: 248 483 042\/0300<\/p>\n<p>FRANTI\u0160EK VONDR\u00c1K<br \/>\nT\u0159eb\u00ed\u010dsk\u00fd den\u00edk<br \/>\n<a href=\"http:\/\/www.trebicsky.denik.cz\/\">http:\/\/www.trebicsky.denik.cz\/<\/a><\/p>\n","protected":false},"excerpt":{"rendered":"<div class=\"mh-excerpt\"><p>V\u00fdt\u011b\u017eek z leto\u0161n\u00ed v\u00e1no\u010dn\u00ed sb\u00edrky v T\u0159eb\u00ed\u010di p\u016fjde na d\u011btsk\u00e9 odd\u011blen\u00ed tamn\u00ed nemocnice<\/p>\n<\/div>","protected":false},"author":1,"featured_media":15520,"comment_status":"open","ping_status":"closed","sticky":false,"template":"","format":"standard","meta":{"footnotes":""},"categories":[9],"tags":[],"class_list":["post-23733","post","type-post","status-publish","format-standard","has-post-thumbnail","hentry","category-zpravy"],"_links":{"self":[{"href":"https:\/\/www.invarena.cz\/index.php?rest_route=\/wp\/v2\/posts\/23733","targetHints":{"allow":["GET"]}}],"collection":[{"href":"https:\/\/www.invarena.cz\/index.php?rest_route=\/wp\/v2\/posts"}],"about":[{"href":"https:\/\/www.invarena.cz\/index.php?rest_route=\/wp\/v2\/types\/post"}],"author":[{"embeddable":true,"href":"https:\/\/www.invarena.cz\/index.php?rest_route=\/wp\/v2\/users\/1"}],"replies":[{"embeddable":true,"href":"https:\/\/www.invarena.cz\/index.php?rest_route=%2Fwp%2Fv2%2Fcomments&post=23733"}],"version-history":[{"count":0,"href":"https:\/\/www.invarena.cz\/index.php?rest_route=\/wp\/v2\/posts\/23733\/revisions"}],"wp:featuredmedia":[{"embeddable":true,"href":"https:\/\/www.invarena.cz\/index.php?rest_route=\/wp\/v2\/media\/15520"}],"wp:attachment":[{"href":"https:\/\/www.invarena.cz\/index.php?rest_route=%2Fwp%2Fv2%2Fmedia&parent=23733"}],"wp:term":[{"taxonomy":"category","embeddable":true,"href":"https:\/\/www.invarena.cz\/index.php?rest_route=%2Fwp%2Fv2%2Fcategories&post=23733"},{"taxonomy":"post_tag","embeddable":true,"href":"https:\/\/www.invarena.cz\/index.php?rest_route=%2Fwp%2Fv2%2Ftags&post=23733"}],"curies":[{"name":"wp","href":"https:\/\/api.w.org\/{rel}","templated":true}]}}