{"id":23734,"date":"2015-12-05T13:21:44","date_gmt":"2015-12-05T12:21:44","guid":{"rendered":"http:\/\/www.invarena.cz\/?p=23734"},"modified":"2015-12-05T13:21:59","modified_gmt":"2015-12-05T12:21:59","slug":"opavu-rozsviti-vanocni-kristal-pro-svetlusku","status":"publish","type":"post","link":"https:\/\/www.invarena.cz\/?p=23734","title":{"rendered":"Opavu rozsv\u00edt\u00ed v\u00e1no\u010dn\u00ed k\u0159i\u0161\u0165\u00e1l pro Sv\u011btlu\u0161ku"},"content":{"rendered":"<p><strong>V\u00e1no\u010dn\u00ed ozdoby z \u010desk\u00e9ho k\u0159i\u0161\u0165\u00e1lu, kter\u00e9 vyrobili lid\u00e9 s t\u011b\u017ek\u00fdm zrakov\u00fdm posti\u017een\u00edm, se budou 5. a 6. prosince prod\u00e1vat v Opav\u011b.<\/strong> <!--more--><\/p>\n<p>&nbsp;<\/p>\n<p>Pen\u00edze z tohoto prodeje p\u016fjdou na konto projektu Nada\u010dn\u00edho fondu \u010cesk\u00e9ho rozhlasu s n\u00e1zvem Sv\u011btlu\u0161ka. &#8222;Zakoupen\u00edm K\u0159i\u0161\u0165\u00e1lu pro Sv\u011btlu\u0161ku ud\u011bl\u00e1te radost sob\u011b a tak\u00e9 jeho nevidom\u00fdm tv\u016frc\u016fm. V\u00fdt\u011b\u017eek poputuje do sb\u00edrky Sv\u011btlu\u0161ka, aby mohla podporovat lidi s t\u011b\u017ek\u00fdm zrakov\u00fdm handicapem na cest\u011b k samostatn\u00e9mu a pestr\u00e9mu \u017eivotu,&#8220; uvedl P\u0159emysl Filip, \u0159editel Nada\u010dn\u00edho fondu \u010cesk\u00e9ho rozhlasu. V\u00e1no\u010dn\u00ed k\u0159i\u0161\u0165\u00e1lov\u00e9 ozdoby stoj\u00ed 80 korun, ale v\u0161ichni kupuj\u00edc\u00ed je\u0161t\u011b dostanou nav\u00edc zdarma dal\u0161\u00ed, kterou zav\u011b\u0161uj\u00ed na konstrukci v\u00e1no\u010dn\u00edho stromu. C\u00edlem organiz\u00e1tor\u016f tedy bylo ud\u011blat radost nejen kupuj\u00edc\u00edm, ale tak\u00e9 kolemjdouc\u00edm. V Opav\u011b mohou lid\u00e9 potkat dobrovoln\u00edky prod\u00e1vaj\u00edc\u00ed tyto charitativn\u00ed ozdoby v Obchodn\u00edm centru Silesia po oba v\u00edkendov\u00e9 dny od 10 do 20 hodin. Ozdoby pro Sv\u011btlu\u0161ku vyr\u00e1b\u00ed klienti Pobytov\u00e9ho rehabilita\u010dn\u00edho a rekvalifika\u010dn\u00edho st\u0159ediska pro nevidom\u00e9 D\u011bdina v Praze. &#8222;V ka\u017ed\u00e9m k\u0159i\u0161\u0165\u00e1lu pro Sv\u011btlu\u0161ku je ukryt kus \u017eivotn\u00edho p\u0159\u00edb\u011bhu jeho autora. Zakoupen\u00edm ozdoby d\u00e1v\u00e1te nevidom\u00fdm, kte\u0159\u00ed ji vyrobili, nejen pracovn\u00ed p\u0159\u00edle\u017eitost, ale i pocit, \u017ee jsou u\u017eite\u010dn\u00ed,&#8220; \u0159ekla \u0159editelka st\u0159ediska pro nevidom\u00e9 Nad\u011b\u017eda Modr\u00e1\u010dkov\u00e1.<\/p>\n<p>Opavsk\u00fd a Hlu\u010d\u00ednsk\u00fd den\u00edk<br \/>\n<a href=\"http:\/\/www.opavsky.denik.cz\/\">http:\/\/www.opavsky.denik.cz\/<\/a><\/p>\n","protected":false},"excerpt":{"rendered":"<div class=\"mh-excerpt\"><p>V\u00e1no\u010dn\u00ed ozdoby z \u010desk\u00e9ho k\u0159i\u0161\u0165\u00e1lu, kter\u00e9 vyrobili lid\u00e9 s t\u011b\u017ek\u00fdm zrakov\u00fdm posti\u017een\u00edm, se budou 5. a 6. prosince prod\u00e1vat v Opav\u011b.<\/p>\n<\/div>","protected":false},"author":1,"featured_media":14120,"comment_status":"open","ping_status":"closed","sticky":false,"template":"","format":"standard","meta":{"footnotes":""},"categories":[17],"tags":[],"class_list":["post-23734","post","type-post","status-publish","format-standard","has-post-thumbnail","hentry","category-kultura"],"_links":{"self":[{"href":"https:\/\/www.invarena.cz\/index.php?rest_route=\/wp\/v2\/posts\/23734","targetHints":{"allow":["GET"]}}],"collection":[{"href":"https:\/\/www.invarena.cz\/index.php?rest_route=\/wp\/v2\/posts"}],"about":[{"href":"https:\/\/www.invarena.cz\/index.php?rest_route=\/wp\/v2\/types\/post"}],"author":[{"embeddable":true,"href":"https:\/\/www.invarena.cz\/index.php?rest_route=\/wp\/v2\/users\/1"}],"replies":[{"embeddable":true,"href":"https:\/\/www.invarena.cz\/index.php?rest_route=%2Fwp%2Fv2%2Fcomments&post=23734"}],"version-history":[{"count":0,"href":"https:\/\/www.invarena.cz\/index.php?rest_route=\/wp\/v2\/posts\/23734\/revisions"}],"wp:featuredmedia":[{"embeddable":true,"href":"https:\/\/www.invarena.cz\/index.php?rest_route=\/wp\/v2\/media\/14120"}],"wp:attachment":[{"href":"https:\/\/www.invarena.cz\/index.php?rest_route=%2Fwp%2Fv2%2Fmedia&parent=23734"}],"wp:term":[{"taxonomy":"category","embeddable":true,"href":"https:\/\/www.invarena.cz\/index.php?rest_route=%2Fwp%2Fv2%2Fcategories&post=23734"},{"taxonomy":"post_tag","embeddable":true,"href":"https:\/\/www.invarena.cz\/index.php?rest_route=%2Fwp%2Fv2%2Ftags&post=23734"}],"curies":[{"name":"wp","href":"https:\/\/api.w.org\/{rel}","templated":true}]}}