{"id":23735,"date":"2015-12-03T10:53:39","date_gmt":"2015-12-03T09:53:39","guid":{"rendered":"http:\/\/www.invarena.cz\/?p=23735"},"modified":"2015-12-03T10:53:39","modified_gmt":"2015-12-03T09:53:39","slug":"deti-a-motorkari-pokrtili-charitativni-kalendar","status":"publish","type":"post","link":"https:\/\/www.invarena.cz\/?p=23735","title":{"rendered":"D\u011bti a motork\u00e1\u0159i pok\u0159tili charitativn\u00ed kalend\u00e1\u0159"},"content":{"rendered":"<p><strong>V\u00fdt\u011b\u017eek z prodeje kalend\u00e1\u0159e p\u016fjde na krou\u017eek hendikepovan\u00fdch d\u011bt\u00ed Kr\u016f\u010dky z Domu d\u011bt\u00ed a ml\u00e1de\u017ee v D\u011b\u010d\u00edn\u011b<\/strong> <!--more--><\/p>\n<p>D\u011b\u010d\u00edn \u2013 Slavnostn\u00ed k\u0159est m\u00e1 za sebou charitativn\u00ed n\u00e1st\u011bnn\u00fd kalend\u00e1\u0159 pro rok 2016, kter\u00fd spolu s hendikepovan\u00fdmi d\u011btmi nafotili motork\u00e1\u0159i p\u0159ed d\u011b\u010d\u00ednsk\u00fdm klubem Arizona p\u0159ed n\u011bkolika t\u00fddny. V\u00fdt\u011b\u017eek z jeho prodeje z\u00edskaj\u00ed Kr\u016f\u010dky, co\u017e je krou\u017eek hendikepovan\u00fdch d\u011bt\u00ed p\u016fsob\u00edc\u00edch p\u0159i Dom\u011b d\u011bti a ml\u00e1de\u017ee v D\u011b\u010d\u00edn\u011b. Pen\u00edze vyu\u017eij\u00ed nap\u0159\u00edklad na cvi\u010debn\u00ed pom\u016fcky.<\/p>\n<p>&#8222;N\u00e1klad kalend\u00e1\u0159e je sto kus\u016f. Cena je dv\u011b st\u011b korun za jeden, koupit ho mohou z\u00e1jemci v Arizon\u011b,&#8220; \u0159\u00edk\u00e1 d\u011b\u010d\u00ednsk\u00fd poslanec a zastupitel Jaroslav Foldyna.<\/p>\n<p>&#8222;Je to fantastick\u00e1 akce. Hendikepovan\u00e9 d\u011bti toti\u017e nechce moc lid\u00ed podporovat,&#8220; \u0159ekla p\u0159i focen\u00ed jedna z vedouc\u00edch krou\u017eku Kr\u016f\u010dky Dita \u0160imansk\u00e1 s t\u00edm, \u017ee se focen\u00ed d\u011btem l\u00edbilo.<\/p>\n<p>N\u011bkter\u00e9 z d\u011bt\u00ed dorazily tak\u00e9 na k\u0159est kalend\u00e1\u0159e. Ten se sice konal v baru, nicm\u00e9n\u011b k\u0159tilo se, jak se na d\u011bti slu\u0161\u00ed a pat\u0159\u00ed, pomeran\u010dov\u00fdm d\u017eusem.<\/p>\n<p>V\u00fdroba charitativn\u00edho kalend\u00e1\u0159e je podle Foldyny jen za\u010d\u00e1tek. V pl\u00e1nu jsou i dal\u0161\u00ed akce na podporu d\u011bt\u00ed, nap\u0159\u00edklad koncert.<\/p>\n<p>LUD\u011aK ST\u00cdNIL<br \/>\nD\u011b\u010d\u00ednsk\u00fd den\u00edk<br \/>\n<a href=\"http:\/\/www.decinsky.denik.cz\/\">http:\/\/www.decinsky.denik.cz\/<\/a><\/p>\n","protected":false},"excerpt":{"rendered":"<div class=\"mh-excerpt\"><p>V\u00fdt\u011b\u017eek z prodeje kalend\u00e1\u0159e p\u016fjde na krou\u017eek hendikepovan\u00fdch d\u011bt\u00ed Kr\u016f\u010dky z Domu d\u011bt\u00ed a ml\u00e1de\u017ee v D\u011b\u010d\u00edn\u011b<\/p>\n<\/div>","protected":false},"author":1,"featured_media":14944,"comment_status":"open","ping_status":"closed","sticky":false,"template":"","format":"standard","meta":{"footnotes":""},"categories":[9],"tags":[],"class_list":["post-23735","post","type-post","status-publish","format-standard","has-post-thumbnail","hentry","category-zpravy"],"_links":{"self":[{"href":"https:\/\/www.invarena.cz\/index.php?rest_route=\/wp\/v2\/posts\/23735","targetHints":{"allow":["GET"]}}],"collection":[{"href":"https:\/\/www.invarena.cz\/index.php?rest_route=\/wp\/v2\/posts"}],"about":[{"href":"https:\/\/www.invarena.cz\/index.php?rest_route=\/wp\/v2\/types\/post"}],"author":[{"embeddable":true,"href":"https:\/\/www.invarena.cz\/index.php?rest_route=\/wp\/v2\/users\/1"}],"replies":[{"embeddable":true,"href":"https:\/\/www.invarena.cz\/index.php?rest_route=%2Fwp%2Fv2%2Fcomments&post=23735"}],"version-history":[{"count":0,"href":"https:\/\/www.invarena.cz\/index.php?rest_route=\/wp\/v2\/posts\/23735\/revisions"}],"wp:featuredmedia":[{"embeddable":true,"href":"https:\/\/www.invarena.cz\/index.php?rest_route=\/wp\/v2\/media\/14944"}],"wp:attachment":[{"href":"https:\/\/www.invarena.cz\/index.php?rest_route=%2Fwp%2Fv2%2Fmedia&parent=23735"}],"wp:term":[{"taxonomy":"category","embeddable":true,"href":"https:\/\/www.invarena.cz\/index.php?rest_route=%2Fwp%2Fv2%2Fcategories&post=23735"},{"taxonomy":"post_tag","embeddable":true,"href":"https:\/\/www.invarena.cz\/index.php?rest_route=%2Fwp%2Fv2%2Ftags&post=23735"}],"curies":[{"name":"wp","href":"https:\/\/api.w.org\/{rel}","templated":true}]}}