{"id":23737,"date":"2015-12-03T11:13:47","date_gmt":"2015-12-03T10:13:47","guid":{"rendered":"http:\/\/www.invarena.cz\/?p=23737"},"modified":"2015-12-03T18:16:04","modified_gmt":"2015-12-03T17:16:04","slug":"kavarna-pred-vanoci-oslavi-desate-narozeniny","status":"publish","type":"post","link":"https:\/\/www.invarena.cz\/?p=23737","title":{"rendered":"Kav\u00e1rna p\u0159ed V\u00e1noci oslav\u00ed des\u00e1t\u00e9 narozeniny"},"content":{"rendered":"<p><strong>Projekt, kter\u00fd napom\u00e1h\u00e1 zapojen\u00ed lid\u00ed s ment\u00e1ln\u00edm posti\u017een\u00edm do b\u011b\u017en\u00e9ho \u017eivota, se stal obl\u00edben\u00fdm podnikem, kam se n\u00e1v\u0161t\u011bvn\u00edci r\u00e1di vracej\u00ed nejen na dobrou k\u00e1vu<\/strong> <!--more--><\/p>\n<p>Rychnov nad Kn\u011b\u017enou \u2013 \u010cas plyne jako voda. Do rychnovsk\u00e9 kav\u00e1rny L\u00e1ry F\u00e1ry chod\u00ed lid\u00e9 posed\u011bt a pochutnat si nejen na \u0161\u00e1lku lahodn\u00e9 k\u00e1vy u\u017e deset let. O kulat\u00e9m v\u00fdro\u010d\u00ed jsme si v p\u0159\u00edjemn\u00e9m prost\u0159ed\u00ed pov\u00eddali s IVOU LA\u0160TOVICOVOU, kter\u00e1 kav\u00e1rnu, pat\u0159\u00edc\u00ed u\u017e pevn\u011b ke koloritu okresn\u00edho m\u011bsta, zakl\u00e1dala spole\u010dn\u011b s Janou K\u0159\u00ed\u017eovou. Jednalo se o prvn\u00ed projekt ob\u010dansk\u00e9ho sdru\u017een\u00ed Pferda \u2013 sdru\u017een\u00ed pro v\u0161estrann\u00fd rozvoj osob s ment\u00e1ln\u00edm posti\u017een\u00edm.<\/p>\n<p>&#8211; Jak\u00e1 byla va\u0161e prvotn\u00ed vize?<\/p>\n<p>\u0160lo n\u00e1m o zapojen\u00ed lid\u00ed s ment\u00e1ln\u00edm posti\u017een\u00edm do b\u011b\u017en\u00e9ho \u017eivota a zejm\u00e9na jejich p\u0159\u00edpravu na budouc\u00ed zam\u011bstn\u00e1n\u00ed, co\u017e prob\u00edh\u00e1 doposud. Lid\u00e9 z\u00edsk\u00e1vaj\u00ed uplatn\u011bn\u00ed na chr\u00e1n\u011bn\u00fdch pracovn\u00edch m\u00edstech nebo se n\u00e1m v\u00fdjime\u010dn\u011b povede, \u017ee se\u017eenou m\u00edsto na otev\u0159en\u00e9m trhu pr\u00e1ce.<\/p>\n<p>&#8211; Jak dlouho v kav\u00e1rn\u011b pracuj\u00ed?<\/p>\n<p>Nejsou tady napo\u0159\u00e1d, ale skute\u010dn\u011b se posouvaj\u00ed d\u00e1l. Pr\u00e1ce v kav\u00e1rn\u011b je pro n\u011b tr\u00e9ninkovou \u010dinnost\u00ed.<\/p>\n<p>&#8211; Dok\u00e1\u017eete si je\u0161t\u011b vzpomenout na \u00fapln\u00fd za\u010d\u00e1tek kav\u00e1rny, kdy\u017e jste v N\u00e1rodn\u00edm dom\u011b otev\u00edrali? Naplnila se va\u0161e o\u010dek\u00e1v\u00e1n\u00ed?<\/p>\n<p>Mus\u00edm\u0159\u00edct, \u017ee hned po otev\u0159en\u00ed kav\u00e1rny n\u00e1s mile p\u0159ekvapil velk\u00fd z\u00e1jem lid\u00ed. P\u0159edpokl\u00e1dali jsme, \u017ee se budeme rozj\u00ed\u017ed\u011bt del\u0161\u00ed \u010das, ne\u017e se dostaneme do pov\u011bdom\u00ed ve\u0159ejnosti. M\u011bli jsme obavu, zda se chyt\u00edme. Byl to prvn\u00ed projekt a v okol\u00ed nic podobn\u00e9ho neexistovalo. Vzpom\u00edn\u00e1m si, \u017ee b\u011bhem prvn\u00edho t\u00fddne v p\u0159edv\u00e1no\u010dn\u00edm \u010dase jsme m\u011bli plno, p\u0159esto\u017ee jsme t\u00e9m\u011b\u0159 v\u016fbec nevyu\u017eili reklamy.<\/p>\n<p>&#8211; Kdo vymyslel n\u00e1zev kav\u00e1rny a \u010d\u00edm byl inspirov\u00e1n?<\/p>\n<p>Napadlo n\u00e1s to s kolegyn\u00ed. Moj\u00ed obl\u00edbenou kn\u00ed\u017ekou je Pan\u00ed L\u00e1ryf\u00e1ry od Betty MacDonaldov\u00e9. Cht\u011bli jsme d\u00e1t kav\u00e1rn\u011b vesel\u00fd n\u00e1zev. Mysl\u00edm, \u017ee se n\u00e1m to povedlo.<\/p>\n<p>&#8211; Jak si pochvalujete m\u00edsto na p\u011b\u0161\u00ed z\u00f3n\u011b?<\/p>\n<p>Je vynikaj\u00edc\u00ed. D\u0159\u00edve tady byly kancel\u00e1\u0159e rychnovsk\u00e9 Kultury, kter\u00e1 se p\u0159est\u011bhovala o patro v\u00fd\u0161. N\u00e1sledn\u011b jsme prostory zrekonstruovali. Pravda, je to zde trochu mal\u00e9, hodily by se v\u011bt\u0161\u00ed prostory, ale nest\u011b\u017eujeme si. P\u0159ed p\u011bti lety jsme se roz\u0161\u00ed\u0159ili o druhou L\u00e1ry F\u00e1ry kav\u00e1rnu v N\u00e1chod\u011b.<\/p>\n<p>&#8211; Kte\u0159\u00ed n\u00e1v\u0161t\u011bvn\u00edci v kav\u00e1rn\u011b p\u0159eva\u017euj\u00ed?<\/p>\n<p>Chod\u00ed k n\u00e1m p\u0159edev\u0161\u00edm maminky s d\u011btmi. Jsme neku\u0159\u00e1ck\u00fd provoz, tak\u017ee si k n\u00e1m p\u0159ijdou v klidu vyp\u00edt k\u00e1vu i star\u0161\u00ed lid\u00e9.<\/p>\n<p>&#8211; Jak va\u0161i klienti zvl\u00e1daj\u00ed u\u010dit se \u010dinnosti pot\u0159ebn\u00e9 k obsluze n\u00e1v\u0161t\u011bvn\u00edk\u016f?<\/p>\n<p>Byli od za\u010d\u00e1tku a jsou do te\u010f vynikaj\u00edc\u00ed. A\u017e na v\u00fdjimky chod\u00ed do kav\u00e1rny pracovat s nad\u0161en\u00edm . T\u011b\u0161\u00ed se sem. Je to pro n\u011b vytr\u017een\u00ed ze stereotypu b\u011b\u017en\u00e9ho \u017eivota. U\u010d\u00ed se velmi rychle a st\u00e1le n\u00e1s p\u0159ekvapuj\u00ed. V\u011bt\u0161ina k\u00e1vu p\u0159iprav\u00ed od A a\u017e do ZET \u00fapln\u011b sama. U\u010d\u00ed se fakt rychle.<\/p>\n<p>&#8211; Kolik lid\u00ed nastupuje do sm\u011bny?<\/p>\n<p>Jeden dozoruj\u00edc\u00ed \u010dlov\u011bk a jeden nebo sp\u00ed\u0161e dva klienti. Lid\u00e9 s posti\u017een\u00edm slou\u017e\u00ed ve \u010dty\u0159hodinov\u00fdch sm\u011bn\u00e1ch. Ka\u017ed\u00fdm\u00e1 individu\u00e1ln\u00ed pl\u00e1n, tak\u017ee je na p\u016fl roku p\u0159esn\u011b d\u00e1no, na \u010dem pracuje. V\u0161e je konzultov\u00e1no s terapeutem. Pl\u00e1n je zam\u011b\u0159en p\u0159edev\u0161\u00edm na zvl\u00e1dnut\u00ed pracovn\u00edch dovednost\u00ed. V \u00favodu t\u0159eba mus\u00ed zvl\u00e1dnout to, aby do kav\u00e1rny dorazil v\u010das. Nebo se mus\u00ed nau\u010dit respektovat pokyny nad\u0159\u00edzen\u00e9ho. Ne\u017e kav\u00e1rna r\u00e1no otev\u0159e, tak od osmi do dev\u00edti hodin prob\u00edh\u00e1 pravideln\u00fd \u00faklid, kter\u00e9ho se \u00fa\u010dastn\u00ed klient s terapeutem, jen\u017e mu ud\u00edl\u00ed pokyny. B\u011bhem otev\u00edrac\u00ed doby kav\u00e1rny se vyst\u0159\u00eddaj\u00ed t\u0159i sm\u011bny.<\/p>\n<p>&#8211; Syst\u00e9m objedn\u00e1vek z n\u00e1pojov\u00e9ho l\u00edstku pomoc\u00ed k\u00f3d\u016f slo\u017een\u00fdch z p\u00edsmen a \u010d\u00edsel jste pou\u017e\u00edvali od za\u010d\u00e1tku?<\/p>\n<p>S kolegyn\u00ed jsme speci\u00e1ln\u00ed pedago\u017eky, tak\u017ee jsme p\u0159em\u00fd\u0161lely jak\u00e9 pom\u016fcky pro obsluhu vytvo\u0159it. Jak si to sob\u011b i jim uleh\u010dit, aby od za\u010d\u00e1tku v\u0161e zvl\u00e1dali pokud mo\u017eno sami. Vynechali jsme dlouh\u00e9 n\u00e1zvy a vymysleli syst\u00e9m zkratek s \u010d\u00edsly. Funguje velmi dob\u0159e. P\u0159i pr\u00e1ci za barem pou\u017e\u00edv\u00e1me zase syst\u00e9m fotomanu\u00e1lu, v n\u011bm\u017e je v\u0161e od p\u0159\u00edpravy k\u00e1vy, p\u0159es koktejly a\u017e po poh\u00e1ry. Na v\u0161e m\u00e1me fotomanu\u00e1ly. Obsluha m\u00e1 p\u0159ed sebou obr\u00e1zky, na nich\u017e je v\u0161e nafocen\u00e9 v\u010detn\u011b surovin.<\/p>\n<p>&#8211; M\u016f\u017eou p\u0159esto nastat n\u011bjak\u00e9 komplikace?<\/p>\n<p>Je \u00fasm\u011bvn\u00e9, kdy\u017e t\u0159eba zm\u011bn\u00edme zna\u010dku suroviny nebo produktu, mus\u00edme je do manu\u00e1lu nov\u011b nafotit. Nyn\u00ed jsme si k des\u00e1t\u00fdm narozenin\u00e1m nad\u011blili do kav\u00e1rny nov\u00e9 hrnky, co\u017e rovn\u011b\u017e znamen\u00e1 p\u0159ed\u011bl\u00e1n\u00ed manu\u00e1lu. Hrne\u010dek na obr\u00e1zku prost\u011b mus\u00ed b\u00fdt toto\u017en\u00fd s t\u00edm re\u00e1ln\u00fdm v kav\u00e1rn\u011b. M\u00e1me je t\u00fdden a mno\u017e\u00ed se probl\u00e9my.<\/p>\n<p>&#8211; Zvl\u00e1daj\u00ed va\u0161i klienti i dal\u0161\u00ed nadstandardn\u00ed pr\u00e1ci?<\/p>\n<p>Ano. Zvl\u00e1daj\u00ed t\u0159eba drobn\u00e9 n\u00e1kupy nebo b\u011b\u017en\u00fd \u00faklid.<\/p>\n<p>&#8211; M\u00e1te p\u0159ehled, kolik jich za deset let pro\u0161lo kav\u00e1rnou?<\/p>\n<p>Je to t\u00e9m\u011b\u0159 pades\u00e1t lid\u00ed.<\/p>\n<p>&#8211; Jak dlouho trv\u00e1 jejich zau\u010den\u00ed?<\/p>\n<p>Je to velmi individu\u00e1ln\u00ed. N\u011bkdo je u n\u00e1s n\u011bkolik let a jin\u00fd jen p\u00e1r m\u011bs\u00edc\u016f.<\/p>\n<p>&#8211; Dok\u00e1\u017eou se va\u0161i klienti osamostatnit a za\u0159adit se sami bez asistence do b\u011b\u017en\u00e9ho \u017eivota?<\/p>\n<p>Na kav\u00e1rnu jsme postupn\u011b nav\u00e1zali n\u011bkolik dal\u0161\u00edch slu\u017eeb. M\u00e1me tr\u00e9ninkov\u00fd byt, v n\u011bm\u017e nacvi\u010duj\u00ed bydlen\u00ed. Na to navazuje slu\u017eba podpora samostatn\u00e9ho bydlen\u00ed. N\u011bkolik klient\u016f u\u017e nyn\u00ed skute\u010dn\u011b bydl\u00ed samostatn\u011b. My jim poskytujeme pouze asistenci. Kav\u00e1rna se zam\u011b\u0159uje p\u0159edev\u0161\u00edm na pracovn\u00ed dovednosti a na pracovn\u00ed uplatn\u011bn\u00ed. Je pravda, \u017ee s uplatn\u011bn\u00edm na voln\u00e9m trhu pr\u00e1ce m\u00e1me ur\u010dit\u00e9 probl\u00e9my a chceme se pr\u00e1v\u011b na tuto oblast na\u0161\u00ed \u010dinnosti zam\u011b\u0159it ve spolupr\u00e1ci s rychnovsk\u00fdm \u00fa\u0159adem pr\u00e1ce. Je to v\u0161ak slo\u017eit\u00e9. \u010c\u00e1ste\u010dn\u011b i proto vznikly dva na\u0161e soci\u00e1ln\u00ed podniky \u2013 \u00faklidov\u00e1 firma L\u00e1ry F\u00e1ry, kter\u00e1 ukl\u00edz\u00ed v Rychnov\u011b a jeho okol\u00ed u\u017e od roku 2008. Od lo\u0148ska funguje pek\u00e1rna Naplechu. V nich jsou chr\u00e1n\u011bn\u00e1 pracovn\u00ed m\u00edsta. Klienti dost\u00e1vaj\u00ed standardn\u00ed pracovn\u00ed smlouvu a maj\u00ed \u0161anci si k invalidn\u00edmu d\u016fchodu n\u011bco p\u0159ivyd\u011blat. D\u00edky tomu se st\u00e1vaj\u00ed dost sob\u011bsta\u010dn\u00ed, co\u017e je skv\u011bl\u00e9.<\/p>\n<p>&#8211; Kolik \u010dasu potom u nich v samostatn\u00e9m bydlen\u00ed obn\u00e1\u0161\u00ed asisten\u010dn\u00ed p\u00e9\u010de?<\/p>\n<p>Rozhodn\u011b nejde o osm hodin denn\u011b. Jedn\u00e1 se o 15 a\u017e 20 hodin m\u011bs\u00ed\u010dn\u011b. Rozhodn\u011b n\u00e1s m\u00edrou samostatnosti neust\u00e1le velmi mile p\u0159ekvapuj\u00ed.<\/p>\n<p>&#8211; Bl\u00ed\u017e\u00ed se oslava des\u00e1t\u00fdch narozenin. Co jste si k nim ned\u011blili?<\/p>\n<p>Vloni jsme zm\u011bnili logo a letos jsme se rozhodli pro nov\u00e9 hrne\u010dky a douf\u00e1me, \u017ee na\u0161e n\u00e1v\u0161t\u011bvn\u00edky pot\u011b\u0161\u00ed tak\u00e9 nov\u00e1 vlastn\u00ed k\u00e1va. U\u017e del\u0161\u00ed dobu spolupracujeme s Petrou Veselou, mistryn\u00ed k\u00e1vy \u010cesk\u00e9 republiky. Stala se patronkou na\u0161\u00ed kav\u00e1rny. B\u011bhem narozeninov\u00e9ho t\u00fddne u n\u00e1s bude kouzlit origin\u00e1ln\u00ed kapu\u010d\u00edna.<\/p>\n<p>&#8211; Prozra\u010fte dal\u0161\u00ed novinky.<\/p>\n<p>Sna\u017e\u00edme se z\u00fatulnit d\u011btsk\u00fd koutek. Z\u00edskali jsme dar od partnera kav\u00e1rny v podob\u011b skv\u011bl\u00e9 hrac\u00ed kostky. P\u0159ibudou speci\u00e1ln\u00ed n\u00e1st\u011bnn\u00e9 kaps\u00e1\u0159e na hran\u00ed pro d\u011bti.<\/p>\n<p>&#8211; V\u0161iml jsem si, \u017ee n\u00e1v\u0161t\u011bvn\u00edci u\u017e d\u00e1vno kav\u00e1rnu L\u00e1ry F\u00e1ry nevn\u00edmaj\u00ed jen jako za\u0159\u00edzen\u00ed pro tr\u00e9nink ment\u00e1ln\u011b posti\u017een\u00fdch klient\u016f. Chod\u00ed k v\u00e1m na dobrou k\u00e1vu a za pohodou, kter\u00e1 u v\u00e1s panuje&#8230;<\/p>\n<p>To jsme si od za\u010d\u00e1tku p\u0159\u00e1li. Rozhodn\u011b jsme necht\u011bli b\u00fdt zam\u011b\u0159en\u00ed pouze na to, \u017ee zde obsluhuj\u00ed lid\u00e9 s ment\u00e1ln\u00edm nebo du\u0161evn\u00edm onemocn\u011bn\u00edm. Usilujeme o to, aby kafe u n\u00e1s bylo skute\u010dn\u011b dobr\u00e9, stejn\u011b tak t\u0159eba dorty a dal\u0161\u00ed v\u00fdrobky z na\u0161\u00ed pek\u00e1rny Naplechu.<\/p>\n<p>Narozeninov\u00fd t\u00fdden v L\u00e1ry F\u00e1ry<br \/>\npond\u011bl\u00ed 14. prosince 16.30 Fl\u00e9tnov\u00fd soubor I flauti matti<br \/>\n\u00fater\u00fd 15. prosince 16.30 Pt\u00e1\u010data \u2013 Rychnovsk\u00fd d\u011btsk\u00fd sbor<br \/>\nst\u0159eda 16. prosince 9 \u2013 11 Tvo\u0159iv\u00e9 v\u00e1no\u010dn\u00ed d\u00edlni\u010dky pro d\u011bti i maminky<br \/>\n\u010dtvrtek 17. prosince 14 \u2013 17 K\u00e1vov\u00e9 kouzlen\u00ed s Petrou Veselou \u2013 mistryn\u00ed k\u00e1vy \u010cR<br \/>\np\u00e1tek 18. prosince 16:30 Carmina Alta \u2013 Rych. d\u011btsk\u00fd sbor<\/p>\n<p>MIROSLAV SIXTA<br \/>\nRychnovsk\u00fd den\u00edk<br \/>\n<a href=\"http:\/\/rychnovsky.denik.cz\/\">http:\/\/rychnovsky.denik.cz\/<\/a><\/p>\n","protected":false},"excerpt":{"rendered":"<div class=\"mh-excerpt\"><p>Projekt, kter\u00fd napom\u00e1h\u00e1 zapojen\u00ed lid\u00ed s ment\u00e1ln\u00edm posti\u017een\u00edm do b\u011b\u017en\u00e9ho \u017eivota, se stal obl\u00edben\u00fdm podnikem, kam se n\u00e1v\u0161t\u011bvn\u00edci r\u00e1di vracej\u00ed nejen na dobrou k\u00e1vu<\/p>\n<\/div>","protected":false},"author":1,"featured_media":4001,"comment_status":"open","ping_status":"closed","sticky":false,"template":"","format":"standard","meta":{"footnotes":""},"categories":[9],"tags":[],"class_list":["post-23737","post","type-post","status-publish","format-standard","has-post-thumbnail","hentry","category-zpravy"],"_links":{"self":[{"href":"https:\/\/www.invarena.cz\/index.php?rest_route=\/wp\/v2\/posts\/23737","targetHints":{"allow":["GET"]}}],"collection":[{"href":"https:\/\/www.invarena.cz\/index.php?rest_route=\/wp\/v2\/posts"}],"about":[{"href":"https:\/\/www.invarena.cz\/index.php?rest_route=\/wp\/v2\/types\/post"}],"author":[{"embeddable":true,"href":"https:\/\/www.invarena.cz\/index.php?rest_route=\/wp\/v2\/users\/1"}],"replies":[{"embeddable":true,"href":"https:\/\/www.invarena.cz\/index.php?rest_route=%2Fwp%2Fv2%2Fcomments&post=23737"}],"version-history":[{"count":0,"href":"https:\/\/www.invarena.cz\/index.php?rest_route=\/wp\/v2\/posts\/23737\/revisions"}],"wp:featuredmedia":[{"embeddable":true,"href":"https:\/\/www.invarena.cz\/index.php?rest_route=\/wp\/v2\/media\/4001"}],"wp:attachment":[{"href":"https:\/\/www.invarena.cz\/index.php?rest_route=%2Fwp%2Fv2%2Fmedia&parent=23737"}],"wp:term":[{"taxonomy":"category","embeddable":true,"href":"https:\/\/www.invarena.cz\/index.php?rest_route=%2Fwp%2Fv2%2Fcategories&post=23737"},{"taxonomy":"post_tag","embeddable":true,"href":"https:\/\/www.invarena.cz\/index.php?rest_route=%2Fwp%2Fv2%2Ftags&post=23737"}],"curies":[{"name":"wp","href":"https:\/\/api.w.org\/{rel}","templated":true}]}}