{"id":23740,"date":"2015-12-03T11:25:59","date_gmt":"2015-12-03T10:25:59","guid":{"rendered":"http:\/\/www.invarena.cz\/?p=23740"},"modified":"2015-12-03T11:25:59","modified_gmt":"2015-12-03T10:25:59","slug":"drazba-umeleckych-del-pomuze-postizenym","status":"publish","type":"post","link":"https:\/\/www.invarena.cz\/?p=23740","title":{"rendered":"Dra\u017eba um\u011bleck\u00fdch d\u011bl pom\u016f\u017ee posti\u017een\u00fdm"},"content":{"rendered":"<p><strong>V\u00edce ne\u017e dev\u011bt des\u00edtek d\u011bl mohou v sobotu vydra\u017eit Olomou\u010dan\u00e9 p\u0159i dobro\u010dinn\u00e9 aukci, kterou po\u0159\u00e1d\u00e1 sdru\u017een\u00ed na pomoc ment\u00e1ln\u011b posti\u017een\u00fdm.<\/strong> <!--more--><\/p>\n<p>OLOMOUC Z\u00e1jemci o v\u00fdtvarn\u00e9 um\u011bn\u00ed mohou z\u00edskat d\u00edla p\u0159edn\u00edch um\u011blc\u016f v\u010detn\u011b zn\u00e1m\u00fdch socha\u0159\u016f Ivana Theimera nebo Olbrama Zoubka a vyb\u00edrat budou moci mezi kresbami, grafikou nebo keramikou. V\u00fdt\u011b\u017eek podpo\u0159\u00ed stejn\u011b jako v p\u0159edchoz\u00edch letech programy zam\u011b\u0159en\u00e9 na za\u010dlen\u011bn\u00ed posti\u017een\u00fdch do spole\u010dnosti. Naposledy se touto cestou poda\u0159ilo z\u00edskat \u010dtvrt milionu korun.<\/p>\n<p>&#8222;Tradi\u010dn\u011b bude v aukci zastoupeno d\u00edlo Olbrama a Jasana Zoubka, Kri\u0161tofa Kintery, Petra Nikla a \u0159ady dal\u0161\u00edch obl\u00edben\u00fdch um\u011blc\u016f. Do aukce op\u011bt v\u011bnoval sv\u00e9 d\u00edlo tak\u00e9 olomouck\u00fd rod\u00e1k Ivan Theimer. Celkem bude dra\u017eeno v\u00edce ne\u017e 90 polo\u017eek a \u00fa\u010dastn\u00edci aukce si mohou dom\u016f odn\u00e9st jedine\u010dn\u00fd v\u00e1no\u010dn\u00ed d\u00e1rek,&#8220; uvedla \u0159editelka sdru\u017een\u00ed Spolu Olomouc Zde\u0148ka Posp\u00ed\u0161ilov\u00e1.<\/p>\n<p>Aukci v Artum Centru v Sokolsk\u00e9 ulici p\u0159ipravuje sdru\u017een\u00ed spolu s podporou \u0159ady olomouck\u00fdch galeri\u00ed a nez\u00e1visl\u00fdch um\u011blc\u016f. Ceny dra\u017een\u00fdch p\u0159edm\u011bt\u016f se budou pohybovat od 50 korun za pr\u00e1ce samotn\u00fdch klient\u016f sdru\u017een\u00ed, nejdra\u017e\u0161\u00edm d\u00edlem v hodnot\u011b 22 tis\u00edc korun bude bronzov\u00e1 so\u0161ka Ko\u010dka od zn\u00e1m\u00e9ho socha\u0159e Ivana Theimera. V dra\u017eb\u011b se objev\u00ed tak\u00e9 bronzov\u00fd zvon z brodeck\u00e9 zvona\u0159sk\u00e9 d\u00edlny, studie Otmara Olivy \u010di litografie Jana Kanyzy.<\/p>\n<p>Mlad\u00e1 fronta DNES<\/p>\n","protected":false},"excerpt":{"rendered":"<div class=\"mh-excerpt\"><p>V\u00edce ne\u017e dev\u011bt des\u00edtek d\u011bl mohou v sobotu vydra\u017eit Olomou\u010dan\u00e9 p\u0159i dobro\u010dinn\u00e9 aukci, kterou po\u0159\u00e1d\u00e1 sdru\u017een\u00ed na pomoc ment\u00e1ln\u011b posti\u017een\u00fdm.<\/p>\n<\/div>","protected":false},"author":1,"featured_media":12793,"comment_status":"open","ping_status":"closed","sticky":false,"template":"","format":"standard","meta":{"footnotes":""},"categories":[9],"tags":[],"class_list":["post-23740","post","type-post","status-publish","format-standard","has-post-thumbnail","hentry","category-zpravy"],"_links":{"self":[{"href":"https:\/\/www.invarena.cz\/index.php?rest_route=\/wp\/v2\/posts\/23740","targetHints":{"allow":["GET"]}}],"collection":[{"href":"https:\/\/www.invarena.cz\/index.php?rest_route=\/wp\/v2\/posts"}],"about":[{"href":"https:\/\/www.invarena.cz\/index.php?rest_route=\/wp\/v2\/types\/post"}],"author":[{"embeddable":true,"href":"https:\/\/www.invarena.cz\/index.php?rest_route=\/wp\/v2\/users\/1"}],"replies":[{"embeddable":true,"href":"https:\/\/www.invarena.cz\/index.php?rest_route=%2Fwp%2Fv2%2Fcomments&post=23740"}],"version-history":[{"count":0,"href":"https:\/\/www.invarena.cz\/index.php?rest_route=\/wp\/v2\/posts\/23740\/revisions"}],"wp:featuredmedia":[{"embeddable":true,"href":"https:\/\/www.invarena.cz\/index.php?rest_route=\/wp\/v2\/media\/12793"}],"wp:attachment":[{"href":"https:\/\/www.invarena.cz\/index.php?rest_route=%2Fwp%2Fv2%2Fmedia&parent=23740"}],"wp:term":[{"taxonomy":"category","embeddable":true,"href":"https:\/\/www.invarena.cz\/index.php?rest_route=%2Fwp%2Fv2%2Fcategories&post=23740"},{"taxonomy":"post_tag","embeddable":true,"href":"https:\/\/www.invarena.cz\/index.php?rest_route=%2Fwp%2Fv2%2Ftags&post=23740"}],"curies":[{"name":"wp","href":"https:\/\/api.w.org\/{rel}","templated":true}]}}