{"id":23751,"date":"2015-12-04T14:01:49","date_gmt":"2015-12-04T13:01:49","guid":{"rendered":"http:\/\/www.invarena.cz\/?p=23751"},"modified":"2015-12-04T14:01:49","modified_gmt":"2015-12-04T13:01:49","slug":"pro-dobrou-vec-pruzkumnici-podporili-florbalem-postizene-deti","status":"publish","type":"post","link":"https:\/\/www.invarena.cz\/?p=23751","title":{"rendered":"Pro dobrou v\u011bc. Pr\u016fzkumn\u00edci podpo\u0159ili florbalem posti\u017een\u00e9 d\u011bti"},"content":{"rendered":"<p><strong>Florbalisty se ve \u010dtvrtek r\u00e1no zaplnila t\u011blocvi\u010dna prost\u011bjovsk\u00e9ho re\u00e1ln\u00e9ho gymn\u00e1zia. Neodehr\u00e1l se zde v\u0161ak tradi\u010dn\u00ed z\u00e1pas, ale turnaj po\u0159\u00e1dan\u00fd voj\u00e1ky ze 102. pr\u016fzkumn\u00e9ho praporu. A nav\u00edc charitativn\u00ed.<\/strong> <!--more--><\/p>\n<p>Prost\u011bjov \u2013 V\u00fdt\u011b\u017eek ze startovn\u00e9ho jednotliv\u00fdch t\u00fdm\u016f i p\u0159\u00edsp\u011bvky \u00fatvar\u016f poputuj\u00ed k posti\u017een\u00fdm d\u011btem, konkr\u00e9tn\u011b Asociaci rodi\u010d\u016f a p\u0159\u00e1tel zdravotn\u011b posti\u017een\u00fdch d\u011bt\u00ed v \u010cR.<\/p>\n<p>&#8222;V\u00fdt\u011b\u017eek z akce p\u016fjde na spole\u010dn\u00fd v\u00fdlet d\u011bt\u00ed, pravd\u011bpodobn\u011b do term\u00e1ln\u00edch l\u00e1zn\u00ed,&#8220; sd\u011blil velitel praporu Ren\u00e9 Sabela p\u0159ed za\u010d\u00e1tkem turnaje.<\/p>\n<p>Na \u00favod tak\u00e9 poprosil p\u0159\u00edtomn\u00e9, aby m\u011bli na pam\u011bti hlavn\u011b zdrav\u00ed. &#8222;Cht\u011bl bych p\u0159ipomenout, \u017ee florbal nen\u00ed hokej. Jedn\u00e1 se o bezkontaktn\u00ed sport,&#8220; zd\u016fraznil a dotkl se tak faktu, \u017ee mnoz\u00ed \u00fa\u010dastn\u00edci turnaje jsou bu\u010f rekrea\u010dn\u00edmi hr\u00e1\u010di, nebo je pro n\u011b florbal novinkou.<\/p>\n<p>V t\u011blocvi\u010dn\u011b se v\u0161ak spolu neutkali pouze p\u0159\u00edslu\u0161n\u00edci Arm\u00e1dy \u010cesk\u00e9 republiky. Prost\u011bjovsk\u00fd 102. pr\u016fzkumn\u00fd prapor gener\u00e1la Karla Pale\u010dka, kter\u00fd akci uspo\u0159\u00e1dal, toti\u017e pozval i n\u011bkolik host\u016f.<\/p>\n<p>&#8222;Z\u00fa\u010dastnili se policist\u00e9 i hasi\u010di. P\u0159\u00edsp\u011bvky rodi\u010d\u016fm posti\u017een\u00fdch d\u011bt\u00ed jsme vyb\u00edrali formou startovn\u00e9ho na turnaji i dobrovoln\u00fdmi p\u0159\u00edsp\u011bvky. P\u0159isp\u011bl tak\u00e9 b\u00fdval\u00fd prost\u011bjovsk\u00fd prim\u00e1tor Miroslav Pi\u0161\u0165\u00e1k,&#8220; informoval jeden z po\u0159adatel\u016f V\u00e1clav Mal\u00e1t.<\/p>\n<p>V\u00e1clav Mal\u00e1t p\u0159itom zd\u016fraznil, \u017ee se nejedn\u00e1 zdaleka o prvn\u00ed podobnou ud\u00e1lost a florbal nen\u00ed jedin\u00fdm sportem, v n\u011bm\u017e pom\u011b\u0159ily jednotky voj\u00e1k\u016f \u010di hasi\u010d\u016f sv\u00e9 s\u00edly. &#8222;Pravideln\u011b akci po\u0159\u00e1d\u00e1me od roku 2009. Za tu dobu jsme vybrali zhruba dv\u011b st\u011b tis\u00edc korun. Pen\u00edze pak poskytneme poka\u017ed\u00e9 jin\u00e9 organizaci a k r\u016fzn\u00fdm \u00fa\u010del\u016fm,&#8220; vysv\u011btlil organiz\u00e1tor.<\/p>\n<p>Pomoci a pro\u017e\u00edt hezk\u00fd den<\/p>\n<p>Turnaje se z\u00fa\u010dastnil tak\u00e9 Bohuslav Pon\u00ed\u017eil. &#8222;Byl jsem zrovna slu\u017eebn\u011b mimo, a tak jsem se dostal k p\u0159ihl\u00e1\u0161en\u00ed na turnaj p\u0159es telefon. Florbal zrovna ned\u011bl\u00e1m, ale d\u011bl\u00e1m aktivn\u011b jin\u00e9 sporty, a tak jsem se dnes tak\u00e9 zapojil,&#8220; \u0159ekl mu\u017e. Z\u00e1rove\u0148 tak\u00e9 prozradil, \u017ee jeho jednotka nep\u0159isp\u011bla na charitu pouze formou startovn\u00e9ho. &#8222;Rozhodli jsme se, \u017ee z fondu roty d\u00e1me tak\u00e9 n\u011bjakou \u010d\u00e1stku,&#8220; uvedl. Spole\u010dn\u011b se spoluhr\u00e1\u010di i protihr\u00e1\u010di mohl p\u0159isp\u00edvat i b\u011bhem turnaje. Jak ale zd\u016fraznil Ren\u00e9 Sabela, tentokr\u00e1t nebylo nutn\u00e9 zv\u00edt\u011bzit a z\u00edskat poh\u00e1r, ale pomoci a p\u0159itom pro\u017e\u00edt p\u0159\u00edjemn\u00fd den.<\/p>\n<p>MICHAL SOBECK\u00dd<br \/>\nProst\u011bjovsk\u00fd den\u00edk<br \/>\n<a href=\"http:\/\/prostejovsky.denik.cz\/\">http:\/\/prostejovsky.denik.cz\/<\/a><\/p>\n","protected":false},"excerpt":{"rendered":"<div class=\"mh-excerpt\"><p>Florbalisty se ve \u010dtvrtek r\u00e1no zaplnila t\u011blocvi\u010dna prost\u011bjovsk\u00e9ho re\u00e1ln\u00e9ho gymn\u00e1zia. Neodehr\u00e1l se zde v\u0161ak tradi\u010dn\u00ed z\u00e1pas, ale turnaj po\u0159\u00e1dan\u00fd voj\u00e1ky ze 102. pr\u016fzkumn\u00e9ho praporu. A <a class=\"mh-excerpt-more\" href=\"https:\/\/www.invarena.cz\/?p=23751\" title=\"Pro dobrou v\u011bc. Pr\u016fzkumn\u00edci podpo\u0159ili florbalem posti\u017een\u00e9 d\u011bti\">[&#8230;]<\/a><\/p>\n<\/div>","protected":false},"author":1,"featured_media":21141,"comment_status":"open","ping_status":"closed","sticky":false,"template":"","format":"standard","meta":{"footnotes":""},"categories":[9],"tags":[],"class_list":["post-23751","post","type-post","status-publish","format-standard","has-post-thumbnail","hentry","category-zpravy"],"_links":{"self":[{"href":"https:\/\/www.invarena.cz\/index.php?rest_route=\/wp\/v2\/posts\/23751","targetHints":{"allow":["GET"]}}],"collection":[{"href":"https:\/\/www.invarena.cz\/index.php?rest_route=\/wp\/v2\/posts"}],"about":[{"href":"https:\/\/www.invarena.cz\/index.php?rest_route=\/wp\/v2\/types\/post"}],"author":[{"embeddable":true,"href":"https:\/\/www.invarena.cz\/index.php?rest_route=\/wp\/v2\/users\/1"}],"replies":[{"embeddable":true,"href":"https:\/\/www.invarena.cz\/index.php?rest_route=%2Fwp%2Fv2%2Fcomments&post=23751"}],"version-history":[{"count":0,"href":"https:\/\/www.invarena.cz\/index.php?rest_route=\/wp\/v2\/posts\/23751\/revisions"}],"wp:featuredmedia":[{"embeddable":true,"href":"https:\/\/www.invarena.cz\/index.php?rest_route=\/wp\/v2\/media\/21141"}],"wp:attachment":[{"href":"https:\/\/www.invarena.cz\/index.php?rest_route=%2Fwp%2Fv2%2Fmedia&parent=23751"}],"wp:term":[{"taxonomy":"category","embeddable":true,"href":"https:\/\/www.invarena.cz\/index.php?rest_route=%2Fwp%2Fv2%2Fcategories&post=23751"},{"taxonomy":"post_tag","embeddable":true,"href":"https:\/\/www.invarena.cz\/index.php?rest_route=%2Fwp%2Fv2%2Ftags&post=23751"}],"curies":[{"name":"wp","href":"https:\/\/api.w.org\/{rel}","templated":true}]}}