{"id":23756,"date":"2015-12-04T13:51:57","date_gmt":"2015-12-04T12:51:57","guid":{"rendered":"http:\/\/www.invarena.cz\/?p=23756"},"modified":"2015-12-04T13:51:57","modified_gmt":"2015-12-04T12:51:57","slug":"uz-25-let-pomahaji-postizenym-skrti-je-vsak-byrokracie","status":"publish","type":"post","link":"https:\/\/www.invarena.cz\/?p=23756","title":{"rendered":"U\u017e 25 let pom\u00e1haj\u00ed posti\u017een\u00fdm. \u0160krt\u00ed je v\u0161ak byrokracie"},"content":{"rendered":"<p><strong>Na po\u010d\u00e1tku byla prvn\u00ed soukrom\u00e1 \u0161kola pro handicapovan\u00e9 d\u011bti v kraji, dnes poskytuje teplick\u00e1 Arkadie posti\u017een\u00fdm komplexn\u00ed slu\u017eby. Brzd\u00ed ji ale pap\u00edrov\u00e1n\u00ed.<\/strong><!--more--><\/p>\n<p>TEPLICE P\u0159ed 25 lety zalo\u017eila Arkadie prvn\u00ed t\u0159\u00eddu pro handicapovan\u00e9 d\u011bti. Dnes poskytuje u\u017e 14 slu\u017eeb a zam\u011bstn\u00e1v\u00e1 140 lid\u00ed. &#8222;Rosteme tak, jak rostou n\u011bkdej\u0161\u00ed prvn\u00ed \u017e\u00e1ci na\u0161\u00ed \u0161koly. Sledovali jsme jejich v\u00fdvoj a reagovali jsme na jejich pot\u0159eby. A d\u011bl\u00e1me to dodnes,&#8220; \u0159\u00edk\u00e1 \u0159editelka Arkadie Lenka Machalou\u0161ov\u00e1.<\/p>\n<p>&#8211; Bylo obt\u00ed\u017en\u00e9 zakl\u00e1dat v roce 1990 soukromou \u0161kolu pro posti\u017een\u00e9? Muselo j\u00edt tehdy o n\u011bco zcela nov\u00e9ho.<\/p>\n<p>J\u00e1 jsem nastoupila do rozjet\u00e9ho vlaku v roce 2001, ale z vypr\u00e1v\u011bn\u00ed zakladatelek v\u00edm, \u017ee zalo\u017een\u00ed \u0161koly, tehdy prvn\u00ed sv\u00e9ho druhu v kraji, bylo velmi dob\u0159e pr\u016fchodn\u00e9. Doba to byla euforick\u00e1, kr\u00e1sn\u00e1 a otev\u0159en\u00e1. Dnes na v\u00e1s v\u0161ude \u010d\u00edh\u00e1 ma\u0161inerie pap\u00edrov\u00e1n\u00ed. I mn\u011b se v roce 2001 l\u00e9pe d\u00fdchalo. Co bylo tehdy jednoduch\u00e9, je dnes o 20 pap\u00edr\u016f a raz\u00edtek slo\u017eit\u011bj\u0161\u00ed.<\/p>\n<p>&#8211; Dnes jste velkou organizac\u00ed s mnoha slu\u017ebami. M\u011bla Arkadie tuto vizi u\u017e na sam\u00e9m za\u010d\u00e1tku?<\/p>\n<p>Kdepak, Arkadie se nevyv\u00edjela podle n\u011bjak\u00e9ho dlouhodob\u00e9ho pl\u00e1nu, ale podle toho, jak dor\u016fstali \u017e\u00e1ci jej\u00ed \u0161koly a jak se m\u011bnily jejich pot\u0159eby. V\u011bd\u011bli jsme, \u017ee n\u00e1m skon\u010d\u00ed absolventi ve \u0161kole, ale co d\u00e1l? Budou sed\u011bt doma v papu\u010d\u00edch u televize? Vym\u00fd\u0161leli jsme proto pro ka\u017ed\u00e9ho klienta \u0159e\u0161en\u00ed t\u00e9m\u011b\u0159 na m\u00edru. Za\u010dalo to denn\u00edmi stacion\u00e1\u0159i pro lidi s t\u011b\u017e\u0161\u00edm posti\u017een\u00edm, kter\u00e9 nelze uplatnit na trhu pr\u00e1ce. Zalo\u017eili jsme chr\u00e1n\u011bn\u00e9 d\u00edlny pro ty, kte\u0159\u00ed pot\u0159ebovali zvl\u00e1\u0161tn\u00ed podporu. A kdy\u017e jsme zjistili, \u017ee se n\u011bkte\u0159\u00ed dok\u00e1\u017eou uplatnit i na trhu pr\u00e1ce, tak jsme z\u0159\u00eddili dal\u0161\u00ed slu\u017eby, kter\u00e9 toto podporuj\u00ed. V\u00fdvoj Arkadie tedy sledoval cestu t\u011bch mal\u00fdch capart\u016f, kte\u0159\u00ed nastoupili v roce 1991 do \u0161koly.<\/p>\n<p>&#8211; Sledujete jejich cestu i nad\u00e1le? Otev\u0159ete \u010dasem i domov pro seniory?<\/p>\n<p>Samoz\u0159ejm\u011b o tom mluv\u00edme. Je ale mo\u017en\u00e9, \u017ee najdeme kvalitn\u00edho partnera, kter\u00fd m\u00e1 stejnou filozofii jako my. A pokud se n\u00e1m \u017e\u00e1dn\u00fd existuj\u00edc\u00ed domov nebude l\u00edbit, tak si ho budeme muset zalo\u017eit sami.<\/p>\n<p>&#8211; Zm\u011bnilo se podle v\u00e1s za on\u011bch 25 let to, jak spole\u010dnost vn\u00edm\u00e1 lidi s handicapem?<\/p>\n<p>Jako matka posti\u017een\u00e9ho d\u00edt\u011bte mohu \u0159\u00edci, \u017ee jsem skoro \u017e\u00e1dn\u00fd posun nezaznamenala. Lid\u00e9 v Teplic\u00edch k handicapovan\u00fdm p\u0159istupuj\u00ed st\u00e1le skv\u011ble. Teplice jsou v tomto ale nezvykle osv\u00edcen\u00e9. Jsou tu toti\u017e l\u00e1zn\u011b a m\u00edstn\u00ed jsou zvykl\u00ed na to, \u017ee potk\u00e1vaj\u00ed lidi se zdravotn\u00edm \u010di ment\u00e1ln\u00edm posti\u017een\u00edm. Nikdy jsem se tu nesetkala s negativn\u00ed reakc\u00ed, ale mysl\u00edm, \u017ee je to jen d\u00edky tomuto m\u00edstu.<\/p>\n<p>&#8211; Je d\u00edky tomu snaz\u0161\u00ed i z\u00edsk\u00e1v\u00e1n\u00ed finan\u010dn\u00edch zdroj\u016f?<\/p>\n<p>V\u00fdhodou mal\u00e9ho m\u011bsta jsou osobn\u00ed vztahy, nev\u00fdhodou pak omezen\u00fd po\u010det d\u00e1rc\u016f. T\u011bmi nejv\u011bt\u0161\u00edmi jsou velk\u00e9 fabriky, ale i t\u011bch je velmi omezen\u00fd po\u010det. Finance se n\u00e1m sh\u00e1n\u011bt da\u0159\u00ed, ov\u0161em kdy\u017e se bav\u00edme s Pra\u017e\u00e1ky, tak je to \u00fapln\u011b jin\u00e1 liga. Na druhou stranu si nechci st\u011b\u017eovat. M\u00e1me spoustu st\u00e1l\u00fdch partner\u016f.<\/p>\n<p>&#8211; V roce 2012 jste se ale dostali do velk\u00fdch finan\u010dn\u00edch pot\u00ed\u017e\u00ed, proto\u017ee ministerstvo necht\u011blo podpo\u0159it va\u0161e soci\u00e1ln\u00ed slu\u017eby. Nakonec jste usp\u011bli, ale nem\u016f\u017ee se situace opakovat?<\/p>\n<p>Douf\u00e1m, \u017ee takto vyhrocen\u00e1 situace u\u017e nenastane. D\u011bl\u00e1me mnoho aktivit, tak\u017ee m\u00e1me v\u00edce zdroj\u016f financov\u00e1n\u00ed. Rovnov\u00e1ha je k\u0159ehk\u00e1 a ve chv\u00edli, kdy se naru\u0161\u00ed, jsme ve velk\u00e9m probl\u00e9mu. V onom roce do\u0161lo k p\u0159i\u0161krcen\u00ed z n\u011bkolika stran, tak\u017ee jsme dokonce zva\u017eovali, zda n\u011bkter\u00e9 slu\u017eby omezit nebo zru\u0161it.<\/p>\n<p>&#8211; M\u00e1te i dnes pot\u00ed\u017ee s financov\u00e1n\u00edm?<\/p>\n<p>Co se t\u00fd\u010de soci\u00e1ln\u00edch slu\u017eeb, st\u00e1le nev\u00edme, kolik dostaneme pen\u011bz. Ur\u010dit\u011b to ale nebude 100 procent rozpo\u010dtu, zbytek mus\u00edme doplnit z dar\u016f. Co se t\u00fd\u010de chr\u00e1n\u011bn\u00fdch d\u00edlen, tak se financov\u00e1n\u00ed m\u011bn\u00ed s ka\u017edou zm\u011bnou vl\u00e1dy a ministra. Do zam\u011bstn\u00e1v\u00e1n\u00ed zdravotn\u011b posti\u017een\u00fdch jdou obrovsk\u00e9 st\u00e1tn\u00ed pen\u00edze, tak\u017ee jde o prostor pro ohromn\u00e9 zneu\u017e\u00edv\u00e1n\u00ed. Bohu\u017eel to pak odn\u00e1\u0161\u00edme my, proto\u017ee sankce jsou plo\u0161n\u00e9. Nezv\u00fd\u0161\u00ed se kontrola, jen se p\u0159i\u0161krt\u00ed zdroje v\u0161em. Financov\u00e1n\u00ed soci\u00e1ln\u00edch slu\u017eeb ale p\u0159e\u0161lo na kraje, kter\u00e9 p\u0159ipravuj\u00ed nov\u00fd syst\u00e9m, tak se snad situace zlep\u0161\u00ed.<\/p>\n<p>&#8211; Jak by m\u011bl vypadat ide\u00e1ln\u00ed stav?<\/p>\n<p>\u00dapln\u011b by sta\u010dilo, kdybychom v\u011bd\u011bli, \u017ee na jednoho klienta ve slu\u017eb\u011b dostaneme dan\u00e9 mno\u017estv\u00ed pen\u011bz. V\u011bd\u011bli bychom, co si m\u016f\u017eeme dovolit. Pro n\u011bkoho, kdo provozuje dv\u011b slu\u017eby, to asi slo\u017eit\u00e9 nen\u00ed, ale my jich m\u00e1me 14 a to je administrativn\u00ed mazec.<\/p>\n<p>&#8212;<\/p>\n<p>Fakta Arkadie * Ob\u010dansk\u00e9 sdru\u017een\u00ed Arkadie zalo\u017eila v \u0159\u00edjnu 1990 skupinka matek posti\u017een\u00fdch d\u011bt\u00ed z Teplic a okol\u00ed. O rok pozd\u011bji otev\u0159ela soukromou pomocnou a zvl\u00e1\u0161tn\u00ed \u0161kolu. * Dnes poskytuje o. p. s. Arkadie u\u017e 14 slu\u017eeb, nap\u0159\u00edklad soci\u00e1ln\u00ed poradenstv\u00ed, soci\u00e1ln\u00ed rehabilitaci, odleh\u010dovac\u00ed slu\u017eby nebo svoz posti\u017een\u00fdch, kter\u00fd denn\u011b vyu\u017e\u00edv\u00e1 150 lid\u00ed z Teplicka. * Arkadie zam\u011bstn\u00e1v\u00e1 143 osob, z toho 90 s posti\u017een\u00edm. Dal\u0161\u00edch 25 zam\u011bstnanc\u016f m\u00e1 \u0161kola.<\/p>\n<p>Michal Dvo\u0159\u00e1k, redaktor MF DNES<\/p>\n<p>Mlad\u00e1 fronta DNES<\/p>\n","protected":false},"excerpt":{"rendered":"<div class=\"mh-excerpt\"><p>Na po\u010d\u00e1tku byla prvn\u00ed soukrom\u00e1 \u0161kola pro handicapovan\u00e9 d\u011bti v kraji, dnes poskytuje teplick\u00e1 Arkadie posti\u017een\u00fdm komplexn\u00ed slu\u017eby. Brzd\u00ed ji ale pap\u00edrov\u00e1n\u00ed.<\/p>\n<\/div>","protected":false},"author":1,"featured_media":1827,"comment_status":"open","ping_status":"closed","sticky":false,"template":"","format":"standard","meta":{"footnotes":""},"categories":[9],"tags":[],"class_list":["post-23756","post","type-post","status-publish","format-standard","has-post-thumbnail","hentry","category-zpravy"],"_links":{"self":[{"href":"https:\/\/www.invarena.cz\/index.php?rest_route=\/wp\/v2\/posts\/23756","targetHints":{"allow":["GET"]}}],"collection":[{"href":"https:\/\/www.invarena.cz\/index.php?rest_route=\/wp\/v2\/posts"}],"about":[{"href":"https:\/\/www.invarena.cz\/index.php?rest_route=\/wp\/v2\/types\/post"}],"author":[{"embeddable":true,"href":"https:\/\/www.invarena.cz\/index.php?rest_route=\/wp\/v2\/users\/1"}],"replies":[{"embeddable":true,"href":"https:\/\/www.invarena.cz\/index.php?rest_route=%2Fwp%2Fv2%2Fcomments&post=23756"}],"version-history":[{"count":0,"href":"https:\/\/www.invarena.cz\/index.php?rest_route=\/wp\/v2\/posts\/23756\/revisions"}],"wp:featuredmedia":[{"embeddable":true,"href":"https:\/\/www.invarena.cz\/index.php?rest_route=\/wp\/v2\/media\/1827"}],"wp:attachment":[{"href":"https:\/\/www.invarena.cz\/index.php?rest_route=%2Fwp%2Fv2%2Fmedia&parent=23756"}],"wp:term":[{"taxonomy":"category","embeddable":true,"href":"https:\/\/www.invarena.cz\/index.php?rest_route=%2Fwp%2Fv2%2Fcategories&post=23756"},{"taxonomy":"post_tag","embeddable":true,"href":"https:\/\/www.invarena.cz\/index.php?rest_route=%2Fwp%2Fv2%2Ftags&post=23756"}],"curies":[{"name":"wp","href":"https:\/\/api.w.org\/{rel}","templated":true}]}}