{"id":23771,"date":"2015-12-07T17:02:32","date_gmt":"2015-12-07T16:02:32","guid":{"rendered":"http:\/\/www.invarena.cz\/?p=23771"},"modified":"2015-12-07T17:06:57","modified_gmt":"2015-12-07T16:06:57","slug":"uz-pres-mesic-cekam-na-novy-prukaz-co-mam-delat","status":"publish","type":"post","link":"https:\/\/www.invarena.cz\/?p=23771","title":{"rendered":"U\u017e p\u0159es m\u011bs\u00edc \u010dek\u00e1m na nov\u00fd pr\u016fkaz. Co m\u00e1m d\u011blat?"},"content":{"rendered":"<p><strong>Dotaz:<\/strong><br \/>\n<strong> M\u00e1m platnost pr\u016fkazu do 31. 12. 2015 a beru p\u0159\u00edsp\u011bvek na mobilitu. Pr\u016fkazku jsem dostala v r.2014 na 1 rok a\u010dkoli m\u00e1m p\u0159iznan\u00fd n\u00e1rok od LPK na 4 roky. Bylo mi \u0159e\u010deno, \u017ee je to proto, \u017ee se budou pr\u016fkazy vym\u011b\u0148ovat a \u017ee si m\u00e1m ur\u010dit\u011b doj\u00edt na pracovn\u00ed \u00fa\u0159ad 2 m\u011bs\u00edce p\u0159ed koncem platnosti po\u017e\u00e1dat o v\u00fdm\u011bnu. Tak jsem u\u010dinila, bl\u00ed\u017e\u00ed se konec roku a dosud mn\u011b nikdo nekontaktoval, \u017ee se m\u00e1m dostavit pro novou pr\u016fkazku. Telefonn\u00ed \u010d\u00edsla na pobo\u010dku v Praze 2, \u0160afa\u0159\u00edkova ul.jsou st\u00e1le obsazen\u00e1. Jsem invalidn\u00ed -po operaci m\u00edchy-a nemohu sed\u011bt hodiny v \u010dek\u00e1rn\u011b jen proto, aby mn\u011b pracovnice b\u011bhem n\u011bkolika minut sd\u011blila, \u017ee m\u00e1m znovu p\u0159ij\u00edt, a \u017ee nev\u00ed, kdy to bude hotov\u00e9. Po v\u00fdm\u011bn\u011b pr\u016fkazky mus\u00edm \u017e\u00e1dat M\u00da Praha 2 o novou parkovac\u00ed kartu a o prodlou\u017een\u00ed platnosti parkovac\u00edho st\u00e1n\u00ed. To v\u0161e do konce roku. M\u016f\u017eete mi poradit, co m\u00e1m d\u011blat?<\/strong><br \/>\n<!--more--><br \/>\n<strong>Odpov\u011b\u010f:<\/strong><br \/>\nVyj\u00e1d\u0159en\u00ed \u00fa\u0159ednice, \u017ee si m\u00e1te p\u0159ij\u00edt a\u017e dva m\u011bs\u00edce p\u0159ed koncem platnosti pr\u016fkazu, bylo bohu\u017eel tro\u0161ku ne\u0161\u0165astn\u00e9, v\u0161e u\u017e jste mohla m\u00edt v klidu vy\u0159\u00edzen\u00e9 mnohem d\u0159\u00edve. D\u00e1 se ale o\u010dek\u00e1vat, \u017ee pokud jste si byla za\u017e\u00e1dat o v\u00fdm\u011bnu n\u011bkdy na za\u010d\u00e1tku listopadu, m\u011bl by V\u00e1m ka\u017ed\u00fdm dnem p\u0159ij\u00edt dopis s v\u00fdzvou k vyzvednut\u00ed nov\u00e9ho pr\u016fkazu. Doba na v\u00fdrobu pr\u016fkazu se s mno\u017estv\u00edm \u017eadatel\u016f ke konci roku jist\u011b bude zvy\u0161ovat, ale samotn\u00e1 v\u00fdroba pr\u016fkazu by ur\u010dit\u011b v\u00edce ne\u017e m\u011bs\u00edc trvat nem\u011bla.<\/p>\n<p>Doporu\u010duji V\u00e1m, abyste vytrvala je\u0161t\u011b tento t\u00fdden. Samoz\u0159ejm\u011b se tak\u00e9 m\u016f\u017eete zkusit dovolat na \u00fa\u0159ad, nemohou m\u00edt neust\u00e1le obsazeno. Tak\u00e9 m\u016f\u017eete zkusit na \u00fa\u0159ad napsat e-mail, mohli by na n\u011bj reagovat.<\/p>\n<p>Pokud by se situace b\u011bhem tohoto t\u00fddne nevy\u0159e\u0161ila, bude dobr\u00e9, kdy\u017e na \u00fa\u0159ad po\u0161lete n\u011bkoho, kdo by se tam mohl na V\u00e1\u0161 pr\u016fkaz zeptat.<br \/>\nJak jsem ale u\u017e psal, je pravd\u011bpodobn\u00e9, \u017ee V\u00e1m dopis p\u0159ijde v nejbli\u017e\u0161\u00edch dnech.<\/p>\n<p>Ji\u0159\u00ed Marek<br \/>\ninvArena<\/p>\n","protected":false},"excerpt":{"rendered":"<div class=\"mh-excerpt\"><p>Dotaz: M\u00e1m platnost pr\u016fkazu do 31. 12. 2015 a beru p\u0159\u00edsp\u011bvek na mobilitu. Pr\u016fkazku jsem dostala v r.2014 na 1 rok a\u010dkoli m\u00e1m p\u0159iznan\u00fd n\u00e1rok <a class=\"mh-excerpt-more\" href=\"https:\/\/www.invarena.cz\/?p=23771\" title=\"U\u017e p\u0159es m\u011bs\u00edc \u010dek\u00e1m na nov\u00fd pr\u016fkaz. Co m\u00e1m d\u011blat?\">[&#8230;]<\/a><\/p>\n<\/div>","protected":false},"author":3,"featured_media":13767,"comment_status":"open","ping_status":"closed","sticky":false,"template":"","format":"standard","meta":{"footnotes":""},"categories":[18],"tags":[],"class_list":["post-23771","post","type-post","status-publish","format-standard","has-post-thumbnail","hentry","category-poradna"],"_links":{"self":[{"href":"https:\/\/www.invarena.cz\/index.php?rest_route=\/wp\/v2\/posts\/23771","targetHints":{"allow":["GET"]}}],"collection":[{"href":"https:\/\/www.invarena.cz\/index.php?rest_route=\/wp\/v2\/posts"}],"about":[{"href":"https:\/\/www.invarena.cz\/index.php?rest_route=\/wp\/v2\/types\/post"}],"author":[{"embeddable":true,"href":"https:\/\/www.invarena.cz\/index.php?rest_route=\/wp\/v2\/users\/3"}],"replies":[{"embeddable":true,"href":"https:\/\/www.invarena.cz\/index.php?rest_route=%2Fwp%2Fv2%2Fcomments&post=23771"}],"version-history":[{"count":0,"href":"https:\/\/www.invarena.cz\/index.php?rest_route=\/wp\/v2\/posts\/23771\/revisions"}],"wp:featuredmedia":[{"embeddable":true,"href":"https:\/\/www.invarena.cz\/index.php?rest_route=\/wp\/v2\/media\/13767"}],"wp:attachment":[{"href":"https:\/\/www.invarena.cz\/index.php?rest_route=%2Fwp%2Fv2%2Fmedia&parent=23771"}],"wp:term":[{"taxonomy":"category","embeddable":true,"href":"https:\/\/www.invarena.cz\/index.php?rest_route=%2Fwp%2Fv2%2Fcategories&post=23771"},{"taxonomy":"post_tag","embeddable":true,"href":"https:\/\/www.invarena.cz\/index.php?rest_route=%2Fwp%2Fv2%2Ftags&post=23771"}],"curies":[{"name":"wp","href":"https:\/\/api.w.org\/{rel}","templated":true}]}}