{"id":23774,"date":"2015-12-07T10:34:50","date_gmt":"2015-12-07T09:34:50","guid":{"rendered":"http:\/\/www.invarena.cz\/?p=23774"},"modified":"2015-12-07T10:34:50","modified_gmt":"2015-12-07T09:34:50","slug":"projekt-ma-pomoci-seniorum-a-nemocnym-lidem-zustat-co-nejdele-v-domacim-prostredi","status":"publish","type":"post","link":"https:\/\/www.invarena.cz\/?p=23774","title":{"rendered":"Projekt m\u00e1 pomoci senior\u016fm a nemocn\u00fdm lidem z\u016fstat co nejd\u00e9le v dom\u00e1c\u00edm prost\u0159ed\u00ed"},"content":{"rendered":"<p><strong>Karlovarsk\u00fd kraj se zapoj\u00ed do projektu &#8222;Pe\u010dovatelsk\u00e1 slu\u017eba \u2013 p\u0159\u00edle\u017eitost pro \u017eivot doma&#8220;. Partnerstv\u00ed nab\u00eddl kraji Institut soci\u00e1ln\u00ed pr\u00e1ce, kter\u00fd celou akci p\u0159ipravuje.<\/strong> <!--more--><\/p>\n<p>Karlovarsk\u00fd kraj \u2013 Smyslem je prom\u011bnit pe\u010dovatelsk\u00e9 slu\u017eby v regionu tak, aby zaji\u0161\u0165ovaly podporu senior\u016fm a lidem se zdravotn\u00edm posti\u017een\u00edm co nejd\u00e9le v jejich dom\u00e1c\u00edm prost\u0159ed\u00ed. Projekt se uskute\u010dn\u00ed od dubna 2016 do b\u0159ezna 2018 a zapoj\u00ed se do n\u011bj p\u0159ibli\u017en\u011b dvacet poskytovatel\u016f soci\u00e1ln\u00edch slu\u017eeb v Karlovarsk\u00e9m kraji, plus pe\u010dovatelsk\u00e9 slu\u017eby z Pardubick\u00e9ho kraje a dal\u0161\u00edch region\u016f. &#8222;Kraj pova\u017euje za nutn\u00e9 podporovat tyto ter\u00e9nn\u00ed soci\u00e1ln\u00ed slu\u017eby, aby klienti mohli z\u016fstat ve sv\u00e9m dom\u00e1c\u00edm prost\u0159ed\u00ed. Takov\u00e1 slu\u017eba je i levn\u011bj\u0161\u00ed ne\u017e pobyt v za\u0159\u00edzen\u00ed. Senio\u0159i a lid\u00e9 s posti\u017een\u00edm si \u010dasto p\u0159ej\u00ed \u017e\u00edt a do\u017e\u00edt doma, co\u017e klade nov\u00e9 po\u017eadavky a n\u00e1roky na pracovn\u00edky pe\u010dovatelsk\u00e9 slu\u017eby. C\u00edlem je, aby se pe\u010dovatelsk\u00e9 slu\u017eby co nejl\u00e9pe vyrovnaly s t\u00edmto trendem,&#8220; \u0159ekl n\u00e1m\u011bstek hejtmana pro oblast soci\u00e1ln\u00edch v\u011bc\u00ed Miloslav \u010cerm\u00e1k.<\/p>\n<p>Kvalita soci\u00e1ln\u00edch slu\u017eeb, a tedy i kvalita \u017eivota posti\u017een\u00fdch osob a senior\u016f v dom\u00e1c\u00edm prost\u0159ed\u00ed je z\u00e1visl\u00e1 hlavn\u011b na odborn\u00e9 p\u0159ipravenosti a dovednostech pe\u010dovatel\u016f a soci\u00e1ln\u00edch pracovn\u00edk\u016f. Ti se v r\u00e1mci projektu nau\u010d\u00ed zji\u0161\u0165ovat pot\u0159eby klient\u016f a nastavovat pro n\u011b l\u00e9pe slu\u017eby, tak aby co nejd\u00e9le z\u016fstala zachov\u00e1na jejich samostatnost a sob\u011bsta\u010dnost. Z\u00e1rove\u0148 pe\u010dovatel\u00e9 zdokonal\u00ed sv\u00e9 um\u011bn\u00ed pe\u010dovat o osoby, kter\u00e9 maj\u00ed zvl\u00e1\u0161tn\u00ed pot\u0159eby.<\/p>\n<p>O hlavn\u00edch principech nov\u00e9ho p\u0159\u00edstupu ke klient\u016fm se vedouc\u00ed pe\u010dovatelsk\u00fdch slu\u017eeb a \u00fa\u0159edn\u00edci ze soci\u00e1ln\u00edch odbor\u016f m\u011bst a obc\u00ed dozv\u011bd\u00ed na semin\u00e1\u0159\u00edch. P\u0159i odborn\u00fdch konzultac\u00edch pochop\u00ed siln\u00e9 str\u00e1nky sv\u00fdch organizac\u00ed i rezervy a p\u0159\u00edle\u017eitosti pro rozvoj slu\u017eby. Na workshopech budou sestavovat individu\u00e1ln\u00ed pl\u00e1ny pro klienty. Zam\u011b\u0159\u00ed se nap\u0159\u00edklad na pot\u0159eby osob s omezenou hybnost\u00ed, demenc\u00ed, zrakov\u00fdm a sluchov\u00fdm posti\u017een\u00edm, Parkinsonovou chorobou, roztrou\u0161enou skler\u00f3zou. U kulat\u00fdch stol\u016f se mohou nechat inspirovat p\u0159\u00edklady dobr\u00e9 praxe.<\/p>\n<p>Dal\u0161\u00edm z\u00e1m\u011brem projektu je, aby m\u011bsta, obce a kraj v roli objednatel\u016f soci\u00e1ln\u00edch slu\u017eeb sjednotily v\u00fdchodiska pro zaji\u0161t\u011bn\u00ed p\u00e9\u010de. Rovn\u011b\u017e pro soci\u00e1ln\u00ed pracovn\u00edky obc\u00ed a kraje se uskute\u010dn\u00ed vzd\u011bl\u00e1vac\u00ed kurzy a kulat\u00e9 stoly. Z\u00e1rove\u0148 vznikne metodika transformace pe\u010dovatelsk\u00e9 slu\u017eby. Sou\u010d\u00e1st\u00ed bude i z\u00e1v\u011bre\u010dn\u00fd audit pe\u010dovatelsk\u00fdch slu\u017eeb, aby se ov\u011b\u0159ilo, jak\u00e9 pozitivn\u00ed zm\u011bny se d\u00edky projektu poda\u0159ily a na \u010dem je nutn\u00e9 nad\u00e1le pracovat.<\/p>\n<p>P\u0159ipravovan\u00fd projekt podle autor\u016f z Institutu soci\u00e1ln\u00ed pr\u00e1ce, z. s., navazuje na zku\u0161enosti z \u00fasp\u011b\u0161n\u00e9 transformace v n\u011bkter\u00fdch obc\u00edch \u010cesk\u00e9 republiky. Karlovarsk\u00fd kraj m\u00e1 roli partnera (bez nutnosti finan\u010dn\u00ed spolu\u00fa\u010dasti), jeho\u017e \u00fakolem bude oslovovat obce a pe\u010dovatelsk\u00e9 slu\u017eby a vytv\u00e1\u0159et podm\u00ednky pro jejich zapojen\u00ed do projektu. Hodl\u00e1 se pod\u00edlet i na jednotliv\u00fdch aktivit\u00e1ch formou konzultac\u00ed a odborn\u00e9 garance s\u00edt\u011b soci\u00e1ln\u00edch slu\u017eeb.<\/p>\n<p>Chebsk\u00fd den\u00edk<br \/>\n<a href=\"http:\/\/chebsky.denik.cz\/\">http:\/\/chebsky.denik.cz\/<\/a><\/p>\n","protected":false},"excerpt":{"rendered":"<div class=\"mh-excerpt\"><p>Karlovarsk\u00fd kraj se zapoj\u00ed do projektu &#8222;Pe\u010dovatelsk\u00e1 slu\u017eba \u2013 p\u0159\u00edle\u017eitost pro \u017eivot doma&#8220;. Partnerstv\u00ed nab\u00eddl kraji Institut soci\u00e1ln\u00ed pr\u00e1ce, kter\u00fd celou akci p\u0159ipravuje.<\/p>\n<\/div>","protected":false},"author":1,"featured_media":14726,"comment_status":"open","ping_status":"closed","sticky":false,"template":"","format":"standard","meta":{"footnotes":""},"categories":[9],"tags":[],"class_list":["post-23774","post","type-post","status-publish","format-standard","has-post-thumbnail","hentry","category-zpravy"],"_links":{"self":[{"href":"https:\/\/www.invarena.cz\/index.php?rest_route=\/wp\/v2\/posts\/23774","targetHints":{"allow":["GET"]}}],"collection":[{"href":"https:\/\/www.invarena.cz\/index.php?rest_route=\/wp\/v2\/posts"}],"about":[{"href":"https:\/\/www.invarena.cz\/index.php?rest_route=\/wp\/v2\/types\/post"}],"author":[{"embeddable":true,"href":"https:\/\/www.invarena.cz\/index.php?rest_route=\/wp\/v2\/users\/1"}],"replies":[{"embeddable":true,"href":"https:\/\/www.invarena.cz\/index.php?rest_route=%2Fwp%2Fv2%2Fcomments&post=23774"}],"version-history":[{"count":0,"href":"https:\/\/www.invarena.cz\/index.php?rest_route=\/wp\/v2\/posts\/23774\/revisions"}],"wp:featuredmedia":[{"embeddable":true,"href":"https:\/\/www.invarena.cz\/index.php?rest_route=\/wp\/v2\/media\/14726"}],"wp:attachment":[{"href":"https:\/\/www.invarena.cz\/index.php?rest_route=%2Fwp%2Fv2%2Fmedia&parent=23774"}],"wp:term":[{"taxonomy":"category","embeddable":true,"href":"https:\/\/www.invarena.cz\/index.php?rest_route=%2Fwp%2Fv2%2Fcategories&post=23774"},{"taxonomy":"post_tag","embeddable":true,"href":"https:\/\/www.invarena.cz\/index.php?rest_route=%2Fwp%2Fv2%2Ftags&post=23774"}],"curies":[{"name":"wp","href":"https:\/\/api.w.org\/{rel}","templated":true}]}}