{"id":23776,"date":"2015-12-07T10:42:25","date_gmt":"2015-12-07T09:42:25","guid":{"rendered":"http:\/\/www.invarena.cz\/?p=23776"},"modified":"2015-12-07T16:59:40","modified_gmt":"2015-12-07T15:59:40","slug":"hendikepovani-prekonavaji-hranice-umenim-sva-dila-vystavuji-v-plzni","status":"publish","type":"post","link":"https:\/\/www.invarena.cz\/?p=23776","title":{"rendered":"Hendikepovan\u00ed p\u0159ekon\u00e1vaj\u00ed hranice um\u011bn\u00edm, sv\u00e1 d\u00edla vystavuj\u00ed v Plzni"},"content":{"rendered":"<p><strong>Sedmadvacetilet\u00fd David Plechat\u00fd je ment\u00e1ln\u011b posti\u017een\u00fd. Druh\u00fdm domovem se pro n\u011bj stal stacion\u00e1\u0159 \u010clov\u00ed\u010dek, kde nejrad\u011bji tvo\u0159\u00ed v\u00fdrobky z keramiky. Ned\u00e1vno se vydal do N\u011bmecka na t\u0159\u00eddenn\u00ed soust\u0159ed\u011bn\u00ed, kde se nau\u010dil nov\u00e9 v\u00fdtvarn\u00e9 techniky.<\/strong> <!--more--><\/p>\n<p>Plze\u0148 \u2013 V\u00fdsledky Davidovy pr\u00e1ce i dal\u0161\u00edch \u00fa\u010dastn\u00edk\u016f akce m\u016f\u017eete do 16. prosince zhl\u00e9dnout v n\u00e1dra\u017en\u00ed budov\u011b Moving station v Plzni.<\/p>\n<p>To, \u017ee nen\u00ed \u017e\u00e1dn\u00e9 um\u011bn\u00ed p\u0159ekonat hranice, si David ov\u011b\u0159il na vlastn\u00ed k\u016f\u017ei. I kdy\u017e neum\u00ed n\u011bmecky, na setk\u00e1n\u00ed sp\u0159\u00e1telen\u00e9 Diakonie Z\u00e1pad a Diakonie Neuendettelsau, padla jazykov\u00e1 bari\u00e9ra velmi rychle. &#8222;On i Lenka, co\u017e je dal\u0161\u00ed na\u0161e klientka, sed\u011bli u stolu, malovali a dorozum\u00edvali se s ostatn\u00edmi n\u011bmeck\u00fdmi \u00fa\u010dastn\u00edky. P\u0159i\u0161lo za mnou n\u011bkolik lid\u00ed a ptalo se m\u011b, jestli David a Lenka um\u011bj\u00ed n\u011bmecky. Kdy\u017e jsem odpov\u011bd\u011bla, \u017ee v\u016fbec, byli p\u0159ekvapeni. Komunikovat se d\u00e1 i jinak ne\u017e jenom stejn\u00fdm jazykem,&#8220; popsala soci\u00e1ln\u00ed pracovnice stacion\u00e1\u0159e \u010clov\u00ed\u010dek Martina Hrdinov\u00e1.<\/p>\n<p>Prvn\u00ed \u010d\u00e1st spolupr\u00e1ce mezi dv\u011bma uveden\u00fdmi soci\u00e1ln\u00edmi za\u0159\u00edzen\u00edmi se uskute\u010dnila v tuzemsku. Klienti diakoni\u00ed vytvo\u0159ili obrazy z p\u00edsku, kam\u00ednk\u016f nebo t\u0159eba fazol\u00ed. Pak se v\u00fdprava vydala do N\u011bmecka, kde se u\u010dila malbu akrylov\u00fdmi barvami na pl\u00e1tno. David novou technikou zkusil ztv\u00e1rnit sv\u00e9 obl\u00edben\u00e9 hrdiny Spidermana a Batmana.<\/p>\n<p>&#8222;Vznikaly sp\u00ed\u0161 abstraktn\u00ed v\u011bci. David m\u011bl ale sv\u016fj styl a nenechal se ovlivnit, tak\u017ee ostatn\u00ed byli mile zasko\u010deni jeho originalitou a za\u010dali d\u011blat n\u011bco podobn\u00e9ho,&#8220; doplnila s \u00fasm\u011bvem Hrdinov\u00e1. B\u011bhem projektu vzniklo n\u011bkolik des\u00edtek prac\u00ed, kter\u00e9 se staly sou\u010d\u00e1st\u00ed putovn\u00ed v\u00fdstavy Nen\u00ed \u017e\u00e1dn\u00e9 um\u011bn\u00ed p\u0159ekonat hranice. Vernis\u00e1\u017e se uskute\u010dnila v N\u011bmecku, od minul\u00e9ho \u010dtvrtka se expozice zabydlela v plze\u0148sk\u00e9m Moving stationu na Ji\u017en\u00edm P\u0159edm\u011bst\u00ed, kde z\u016fstane do 16. prosince. N\u00e1sledn\u011b zase p\u0159ekro\u010d\u00ed hranice \u010ceska.<\/p>\n<p>Zd\u00e1 se, \u017ee spolupr\u00e1ce mezi \u010deskou i n\u011bmeckou diakoni\u00ed nekon\u010d\u00ed. &#8222;Uva\u017euje se o dal\u0161\u00edch mo\u017enostech. Hovo\u0159\u00ed se t\u0159eba o spole\u010dn\u00e9m divadle nebo zp\u00edv\u00e1n\u00ed, kter\u00e9 bychom mohli s klienty podniknout,&#8220; uzav\u0159ela soci\u00e1ln\u00ed pracovnice.<\/p>\n<p>KL\u00c1RA MR\u00c1ZOV\u00c1<br \/>\nPlze\u0148sk\u00fd den\u00edk<br \/>\n<a href=\"http:\/\/plzensky.denik.cz\/\">http:\/\/plzensky.denik.cz\/<\/a><\/p>\n","protected":false},"excerpt":{"rendered":"<div class=\"mh-excerpt\"><p>Sedmadvacetilet\u00fd David Plechat\u00fd je ment\u00e1ln\u011b posti\u017een\u00fd. Druh\u00fdm domovem se pro n\u011bj stal stacion\u00e1\u0159 \u010clov\u00ed\u010dek, kde nejrad\u011bji tvo\u0159\u00ed v\u00fdrobky z keramiky. Ned\u00e1vno se vydal do N\u011bmecka <a class=\"mh-excerpt-more\" href=\"https:\/\/www.invarena.cz\/?p=23776\" title=\"Hendikepovan\u00ed p\u0159ekon\u00e1vaj\u00ed hranice um\u011bn\u00edm, sv\u00e1 d\u00edla vystavuj\u00ed v Plzni\">[&#8230;]<\/a><\/p>\n<\/div>","protected":false},"author":1,"featured_media":0,"comment_status":"open","ping_status":"closed","sticky":false,"template":"","format":"standard","meta":{"footnotes":""},"categories":[9],"tags":[],"class_list":["post-23776","post","type-post","status-publish","format-standard","hentry","category-zpravy"],"_links":{"self":[{"href":"https:\/\/www.invarena.cz\/index.php?rest_route=\/wp\/v2\/posts\/23776","targetHints":{"allow":["GET"]}}],"collection":[{"href":"https:\/\/www.invarena.cz\/index.php?rest_route=\/wp\/v2\/posts"}],"about":[{"href":"https:\/\/www.invarena.cz\/index.php?rest_route=\/wp\/v2\/types\/post"}],"author":[{"embeddable":true,"href":"https:\/\/www.invarena.cz\/index.php?rest_route=\/wp\/v2\/users\/1"}],"replies":[{"embeddable":true,"href":"https:\/\/www.invarena.cz\/index.php?rest_route=%2Fwp%2Fv2%2Fcomments&post=23776"}],"version-history":[{"count":0,"href":"https:\/\/www.invarena.cz\/index.php?rest_route=\/wp\/v2\/posts\/23776\/revisions"}],"wp:attachment":[{"href":"https:\/\/www.invarena.cz\/index.php?rest_route=%2Fwp%2Fv2%2Fmedia&parent=23776"}],"wp:term":[{"taxonomy":"category","embeddable":true,"href":"https:\/\/www.invarena.cz\/index.php?rest_route=%2Fwp%2Fv2%2Fcategories&post=23776"},{"taxonomy":"post_tag","embeddable":true,"href":"https:\/\/www.invarena.cz\/index.php?rest_route=%2Fwp%2Fv2%2Ftags&post=23776"}],"curies":[{"name":"wp","href":"https:\/\/api.w.org\/{rel}","templated":true}]}}