{"id":23783,"date":"2015-12-08T07:39:43","date_gmt":"2015-12-08T06:39:43","guid":{"rendered":"http:\/\/www.invarena.cz\/?p=23783"},"modified":"2015-12-08T07:39:43","modified_gmt":"2015-12-08T06:39:43","slug":"gott-se-po-dalsi-chemoterapii-v-nemocnici-opet-vratil-domu","status":"publish","type":"post","link":"https:\/\/www.invarena.cz\/?p=23783","title":{"rendered":"Gott se po dal\u0161\u00ed chemoterapii v nemocnici op\u011bt vr\u00e1til dom\u016f"},"content":{"rendered":"<p><strong>Zp\u011bv\u00e1k Karel Gott se po t\u00fddenn\u00ed pobytu v nemocnici, kde prod\u011blal dal\u0161\u00ed \u010d\u00e1st l\u00e9\u010dby zhoubn\u00e9ho n\u00e1dorov\u00e9ho onemocn\u011bn\u00ed m\u00edzn\u00edch uzlin, vr\u00e1til dom\u016f. Jak a kdy bude l\u00e9\u010dba \u0161estasedmdes\u00e1tilet\u00e9ho zp\u011bv\u00e1ka pokra\u010dovat, ur\u010d\u00ed l\u00e9ka\u0159i na z\u00e1klad\u011b v\u00fdsledk\u016f jeho kontrol. \u010cTK to dnes sd\u011blila jeho mluv\u010d\u00ed Aneta Stolzov\u00e1.<\/strong><\/p>\n<p><!--more--><\/p>\n<div class=\"rows\">\n<div class=\"leftCol\">\n<div id=\"textNews\" class=\"text\">\n<p>&#8222;Kontroly pokra\u010duj\u00ed a podle jej\u00edch v\u00fdsledk\u016f l\u00e9ka\u0159i ur\u010duj\u00ed pr\u016fb\u011bh a na\u010dasov\u00e1n\u00ed dal\u0161\u00ed l\u00e9\u010dby,&#8220; doplnila mluv\u010d\u00ed.<\/p>\n<p>Gott prod\u011blal v nemocnici podle m\u00e9di\u00ed druhou s\u00e9rii chemoterapie. Do V\u0161eobecn\u00e9 fakultn\u00ed nemocnice v Praze na ni nastoupil posledn\u00ed listopadovou ned\u011bli, tedy den pot\u00e9, co po \u010dty\u0159ic\u00e1t\u00e9 zv\u00edt\u011bzil v anket\u011b \u010cesk\u00fd slav\u00edk. Prvn\u00ed d\u00e1vku chemoterapie absolvoval zp\u011bv\u00e1k v listopadu, kdy byl hospitalizov\u00e1n t\u0159i t\u00fddny. Pot\u00e9 byl n\u011bkolik dn\u00ed v dom\u00e1c\u00ed p\u00e9\u010di. Navzdory doporu\u010den\u00ed l\u00e9ka\u0159\u016f dorazil i do St\u00e1tn\u00ed opery v Praze, aby p\u0159evzal \u010cesk\u00e9ho slav\u00edka.<\/p>\n<p>L\u00e9ka\u0159i za\u010d\u00e1tkem listopadu ozn\u00e1mili, \u017ee u Gotta diagnostikovali takzvan\u00fd Non-Hodgkin\u016fv lymfom. Zjistili to p\u0159i operaci n\u00e1hl\u00e9 p\u0159\u00edhody b\u0159i\u0161n\u00ed, kter\u00e9 se zp\u011bv\u00e1k podrobil n\u011bkolik dn\u00ed p\u0159edt\u00edm v Institutu klinick\u00e9 a experiment\u00e1ln\u00ed medic\u00edny. Zp\u011bv\u00e1k ihned zah\u00e1jil c\u00edlenou onkologickou l\u00e9\u010dbu na hematologick\u00e9 klinice V\u0161eobecn\u00e9 fakultn\u00ed nemocnice.<\/p>\n<p>Po\u010d\u00e1tkem prosince v rozhovoru pro n\u011bmeck\u00fd den\u00edk Bild Gott \u0159ekl, \u017ee kv\u016fli terapii n\u011bkdy trp\u00ed bolestmi \u017ealudku a kloub\u016f a \u017ee mu za\u010daly vypad\u00e1vat vlasy. Podle n\u011bj n\u00e1dorov\u00e9 onemocn\u011bn\u00ed ale nezas\u00e1hlo \u017e\u00e1dn\u00e9 org\u00e1ny a l\u00e9ka\u0159i mu d\u00e1vaj\u00ed devades\u00e1tiprocentn\u00ed \u0161anci na p\u0159e\u017eit\u00ed. Sou\u010dasn\u011b si ale nyn\u00ed u\u017e nedovede p\u0159edstavit, \u017ee by znovu zp\u00edval.<\/p>\n<p>&#8222;Moji l\u00e9ka\u0159i mi v\u0161ak sl\u00edbili, \u017ee se mi hlas vr\u00e1t\u00ed stejn\u011b jako ostatn\u00ed \u017eivotn\u00ed s\u00edly. K tomu je ale je\u0161t\u011b dlouh\u00e1 cesta,&#8220; \u0159ekl Gott nej\u010dten\u011bj\u0161\u00edmu n\u011bmeck\u00e9mu den\u00edku.<\/p>\n<p>Gott kv\u016fli onemocn\u011bn\u00ed zru\u0161il sv\u00e9 napl\u00e1novan\u00e9 koncerty. Nejslavn\u011bj\u0161\u00ed \u010desk\u00fd zp\u011bv\u00e1k popul\u00e1rn\u00ed hudby se na hudebn\u00ed sc\u00e9n\u011b pohybuje od 50. let.<\/p>\n<\/div>\n<\/div>\n<\/div>\n","protected":false},"excerpt":{"rendered":"<div class=\"mh-excerpt\"><p>Zp\u011bv\u00e1k Karel Gott se po t\u00fddenn\u00ed pobytu v nemocnici, kde prod\u011blal dal\u0161\u00ed \u010d\u00e1st l\u00e9\u010dby zhoubn\u00e9ho n\u00e1dorov\u00e9ho onemocn\u011bn\u00ed m\u00edzn\u00edch uzlin, vr\u00e1til dom\u016f. Jak a kdy bude <a class=\"mh-excerpt-more\" href=\"https:\/\/www.invarena.cz\/?p=23783\" title=\"Gott se po dal\u0161\u00ed chemoterapii v nemocnici op\u011bt vr\u00e1til dom\u016f\">[&#8230;]<\/a><\/p>\n<\/div>","protected":false},"author":1,"featured_media":0,"comment_status":"open","ping_status":"closed","sticky":false,"template":"","format":"standard","meta":{"footnotes":""},"categories":[9],"tags":[],"class_list":["post-23783","post","type-post","status-publish","format-standard","hentry","category-zpravy"],"_links":{"self":[{"href":"https:\/\/www.invarena.cz\/index.php?rest_route=\/wp\/v2\/posts\/23783","targetHints":{"allow":["GET"]}}],"collection":[{"href":"https:\/\/www.invarena.cz\/index.php?rest_route=\/wp\/v2\/posts"}],"about":[{"href":"https:\/\/www.invarena.cz\/index.php?rest_route=\/wp\/v2\/types\/post"}],"author":[{"embeddable":true,"href":"https:\/\/www.invarena.cz\/index.php?rest_route=\/wp\/v2\/users\/1"}],"replies":[{"embeddable":true,"href":"https:\/\/www.invarena.cz\/index.php?rest_route=%2Fwp%2Fv2%2Fcomments&post=23783"}],"version-history":[{"count":0,"href":"https:\/\/www.invarena.cz\/index.php?rest_route=\/wp\/v2\/posts\/23783\/revisions"}],"wp:attachment":[{"href":"https:\/\/www.invarena.cz\/index.php?rest_route=%2Fwp%2Fv2%2Fmedia&parent=23783"}],"wp:term":[{"taxonomy":"category","embeddable":true,"href":"https:\/\/www.invarena.cz\/index.php?rest_route=%2Fwp%2Fv2%2Fcategories&post=23783"},{"taxonomy":"post_tag","embeddable":true,"href":"https:\/\/www.invarena.cz\/index.php?rest_route=%2Fwp%2Fv2%2Ftags&post=23783"}],"curies":[{"name":"wp","href":"https:\/\/api.w.org\/{rel}","templated":true}]}}