{"id":23784,"date":"2015-12-08T07:41:16","date_gmt":"2015-12-08T06:41:16","guid":{"rendered":"http:\/\/www.invarena.cz\/?p=23784"},"modified":"2015-12-08T08:04:37","modified_gmt":"2015-12-08T07:04:37","slug":"statni-zastupce-zastavil-stihani-vraha-knihovnice-z-horni-brizy","status":"publish","type":"post","link":"https:\/\/www.invarena.cz\/?p=23784","title":{"rendered":"St\u00e1tn\u00ed z\u00e1stupce zastavil st\u00edh\u00e1n\u00ed vraha knihovnice z Horn\u00ed B\u0159\u00edzy"},"content":{"rendered":"<p><strong>Krajsk\u00fd st\u00e1tn\u00ed z\u00e1stupce\u00a0 zastavil trestn\u00ed st\u00edh\u00e1n\u00ed dev\u011btadvacetilet\u00e9ho mu\u017ee, kter\u00fd letos v kv\u011btnu zavra\u017edil kuchy\u0148sk\u00fdm no\u017eem o rok mlad\u0161\u00ed knihovnici v Horn\u00ed B\u0159\u00edze.<\/strong><\/p>\n<p><!--more--><\/p>\n<p>Podle znaleck\u00fdch posudk\u016f psychiatra a psychologa byl p\u0159i \u010dinu nep\u0159\u00ed\u010detn\u00fd a neovl\u00e1dal sv\u00e9 chov\u00e1n\u00ed. St\u00e1tn\u00ed z\u00e1stupce z\u00e1rove\u0148 navrhl soudu, aby poslal vraha do zabezpe\u010dovac\u00ed detence, \u0159ekl krajsk\u00fd st\u00e1tn\u00ed z\u00e1stupce z Plzn\u011b Jakub Kubias.<\/p>\n<div class=\"rows\">\n<div class=\"leftCol\">\n<div id=\"textNews\" class=\"text\">\n<p>&#8222;Vzhledem k z\u00e1v\u011br\u016fm znaleck\u00e9ho znaleck\u00e9ho posudku ten z\u00e1v\u011br zn\u00ed tak, \u017ee byl (pachatel) jednak v dob\u011b sp\u00e1ch\u00e1n\u00ed vra\u017edy a jednak v dob\u011b nebezpe\u010dn\u00e9ho vyhro\u017eov\u00e1n\u00ed sv\u00e9 doktorce nep\u0159\u00ed\u010detn\u00fd, tak\u017ee zkr\u00e1tka nen\u00ed trestn\u011b odpov\u011bdn\u00fd. Tak\u017ee jsem dnes rozhodl o zastaven\u00ed trestn\u00edho st\u00edh\u00e1n\u00ed,&#8220; uvedl.<\/p>\n<p>Usnesen\u00ed nabude \u00fa\u010dinnosti po doru\u010den\u00ed obh\u00e1jci, soudu, pachateli i po\u0161kozen\u00fdm, tedy rodinn\u00fdm p\u0159\u00edslu\u0161n\u00edk\u016fm knihovnice. Vzhledem k tomu, \u017ee z\u00e1v\u011bry znalc\u016f m\u011blo st\u00e1tn\u00ed zastupitelstv\u00ed u\u017e v p\u00e1tek, byl pachatel ve stejn\u00fd den propu\u0161t\u011bn z vazby a je na uzav\u0159en\u00e9m odd\u011blen\u00ed Psychiatrick\u00e9 nemocnice v Dob\u0159anech u Plzn\u011b. &#8222;Nelze ho u\u017e vazebn\u011b st\u00edhat, tak\u017ee jde o standardn\u00ed postup, kter\u00fd vy\u0161el ze znaleck\u00e9ho posudku,&#8220; dodal Kubias.<\/p>\n<p>\u017dalobce z\u00e1rove\u0148 navrhl krajsk\u00e9mu soudu, aby mu\u017ei ulo\u017eil zabezpe\u010dovac\u00ed detenci. &#8222;Proto\u017ee samoz\u0159ejm\u011b ten \u010dlov\u011bk je podle toho posudku nebezpe\u010dn\u00fd a nem\u016f\u017eeme ho nechat jen tak,&#8220; uvedl Kubias. Podle informac\u00ed \u010cTK by o n\u00ed soud mohl rozhodnout zhruba za m\u011bs\u00edc.<\/p>\n<p>Psychicky nemocn\u00fd mu\u017e usmrtil knihovnici 25. kv\u011btna. Z m\u00edsta po \u010dinu utekl, ale policie s psovodem ho zhruba po p\u016flhodin\u011b dopadla v nedalek\u00e9 ubytovn\u011b u n\u00e1dra\u017e\u00ed. \u017denu bodl do zad dlouh\u00fdm kuchy\u0148sk\u00fdm no\u017eem, ta zran\u011bn\u00edm na m\u00edst\u011b podlehla. Mu\u017e se zamkl se \u017eenou uvnit\u0159 knihovny, donutil ji k telefon\u00e1tu do televize Nova a po\u017eadoval, aby na m\u00edsto p\u0159ijel televizn\u00ed \u0161t\u00e1b. Potom knihovnici ubodal. Lid\u00e9, kte\u0159\u00ed za dve\u0159mi sly\u0161eli k\u0159ik \u017eeny, se pokou\u0161eli vyrazit dve\u0159e dokonce i hasic\u00edm p\u0159\u00edstrojem, pak je ale otev\u0159el vrah s\u00e1m a z m\u00edsta v klidu ode\u0161el.<\/p>\n<p>Vrah knihovnice chodil dlouhodob\u011b do m\u00edstn\u00ed knihovny sledovat bezplatn\u00fd internet. Obec po \u010dinu knihovnu uzav\u0159ela. Soud poslal mu\u017ee do vazby kv\u016fli obav\u00e1m, \u017ee by mohl uprchnout nebo se skr\u00fdvat a v trestn\u00e9 \u010dinnosti pokra\u010dovat. Podez\u0159el\u00fd mu\u017e byl po dopaden\u00ed po l\u00e9ka\u0159sk\u00e9m vy\u0161et\u0159en\u00ed um\u00edst\u011bn do uzav\u0159en\u00e9ho odd\u011blen\u00ed psychiatrie.<\/p>\n<p>Pachatel, kter\u00fd jevil zn\u00e1mky du\u0161evn\u00ed poruchy a trp\u011bl bludy, u\u017e byl na byl na psychiatrii v\u00edcekr\u00e1t, nedobrovoln\u011b naposledy letos v lednu v Dob\u0159anech, kdy\u017e vyhro\u017eoval sv\u00e9 l\u00e9ka\u0159ce. L\u00e9\u010debna ho po n\u011bkolika t\u00fddnech propustila s t\u00edm, \u017ee na sebe pouze upozor\u0148uje. Soud ale kr\u00e1tce po propu\u0161t\u011bn\u00ed rozhodl, \u017ee m\u00e1 b\u00fdt nad\u00e1le v detenci a \u017ee se m\u00e1 l\u00e9\u010dit. Vzhledem k tomu, \u017ee u\u017e byl ale mu\u017e na svobod\u011b, soud musel \u0159\u00edzen\u00ed zastavit.<\/p>\n<p>Dva dny po \u010dinu odvolal ministr zdravotnictv\u00ed Svatopluk N\u011bme\u010dek \u0159editele nemocnice Vladislava \u017di\u017eku, i kdy\u017e se za n\u011bj postavila v\u011bt\u0161ina z 1100 zam\u011bstnanc\u016f. Podpo\u0159ili ho i dal\u0161\u00ed psychiat\u0159i a l\u00e9\u010debny.<\/p>\n<\/div>\n<\/div>\n<\/div>\n","protected":false},"excerpt":{"rendered":"<div class=\"mh-excerpt\"><p>Krajsk\u00fd st\u00e1tn\u00ed z\u00e1stupce\u00a0 zastavil trestn\u00ed st\u00edh\u00e1n\u00ed dev\u011btadvacetilet\u00e9ho mu\u017ee, kter\u00fd letos v kv\u011btnu zavra\u017edil kuchy\u0148sk\u00fdm no\u017eem o rok mlad\u0161\u00ed knihovnici v Horn\u00ed B\u0159\u00edze.<\/p>\n<\/div>","protected":false},"author":1,"featured_media":0,"comment_status":"open","ping_status":"closed","sticky":false,"template":"","format":"standard","meta":{"footnotes":""},"categories":[9],"tags":[],"class_list":["post-23784","post","type-post","status-publish","format-standard","hentry","category-zpravy"],"_links":{"self":[{"href":"https:\/\/www.invarena.cz\/index.php?rest_route=\/wp\/v2\/posts\/23784","targetHints":{"allow":["GET"]}}],"collection":[{"href":"https:\/\/www.invarena.cz\/index.php?rest_route=\/wp\/v2\/posts"}],"about":[{"href":"https:\/\/www.invarena.cz\/index.php?rest_route=\/wp\/v2\/types\/post"}],"author":[{"embeddable":true,"href":"https:\/\/www.invarena.cz\/index.php?rest_route=\/wp\/v2\/users\/1"}],"replies":[{"embeddable":true,"href":"https:\/\/www.invarena.cz\/index.php?rest_route=%2Fwp%2Fv2%2Fcomments&post=23784"}],"version-history":[{"count":0,"href":"https:\/\/www.invarena.cz\/index.php?rest_route=\/wp\/v2\/posts\/23784\/revisions"}],"wp:attachment":[{"href":"https:\/\/www.invarena.cz\/index.php?rest_route=%2Fwp%2Fv2%2Fmedia&parent=23784"}],"wp:term":[{"taxonomy":"category","embeddable":true,"href":"https:\/\/www.invarena.cz\/index.php?rest_route=%2Fwp%2Fv2%2Fcategories&post=23784"},{"taxonomy":"post_tag","embeddable":true,"href":"https:\/\/www.invarena.cz\/index.php?rest_route=%2Fwp%2Fv2%2Ftags&post=23784"}],"curies":[{"name":"wp","href":"https:\/\/api.w.org\/{rel}","templated":true}]}}