{"id":23794,"date":"2015-12-08T08:26:46","date_gmt":"2015-12-08T07:26:46","guid":{"rendered":"http:\/\/www.invarena.cz\/?p=23794"},"modified":"2015-12-08T08:26:46","modified_gmt":"2015-12-08T07:26:46","slug":"ve-vsetinske-nemocnici-se-bude-od-ledna-platit-za-parkovani","status":"publish","type":"post","link":"https:\/\/www.invarena.cz\/?p=23794","title":{"rendered":"Ve Vset\u00ednsk\u00e9 nemocnici se bude od ledna platit za parkov\u00e1n\u00ed"},"content":{"rendered":"<p><strong>V are\u00e1lu Vset\u00ednsk\u00e9 nemocnice se bude od ledna platit za parkov\u00e1n\u00ed, bezplatn\u00e1 bude jen prvn\u00ed p\u016flhodina. Dosud bylo parkov\u00e1n\u00ed v are\u00e1lu zdarma, vzhledem k mno\u017estv\u00ed aut s n\u00edm v\u0161ak byl probl\u00e9m.<\/strong><\/p>\n<p><!--more--><\/p>\n<p>Poplatek za parkov\u00e1n\u00ed uvnit\u0159 are\u00e1l\u016f nemocnic je b\u011b\u017en\u00fd i v dal\u0161\u00edch nemocnic\u00edch z\u0159izovan\u00fdch Zl\u00ednsk\u00fdm krajem.<\/p>\n<div class=\"rows\">\n<div class=\"leftCol\">\n<div id=\"textNews\" class=\"text\">\n<p>Do konce roku bude nov\u00fd parkovac\u00ed syst\u00e9m fungovat bezplatn\u011b. &#8222;\u0158idi\u010di si u vjezdu vyzvednou z automatu parkovac\u00ed l\u00edstek, kter\u00fd si uschovaj\u00ed a pozd\u011bji vyu\u017eij\u00ed p\u0159i v\u00fdjezdu z are\u00e1lu. B\u011bhem prosince bude syst\u00e9m v bezplatn\u00e9m zku\u0161ebn\u00edm provozu, aby si \u0159idi\u010di na tuto novou \u00fapravu zvykli a n\u00e1m vznikl prostor pro odlad\u011bn\u00ed p\u0159\u00edpadn\u00fdch probl\u00e9m\u016f. Od 1. ledna pak p\u0159ejdeme do b\u011b\u017en\u00e9ho provozu, kdy bude parkov\u00e1n\u00ed v are\u00e1lu zpoplatn\u011bno \u010d\u00e1stkou dvacet korun za hodinu s t\u00edm, \u017ee prvn\u00ed p\u016flhodina z\u016fstane zdarma,&#8220; uvedl \u010dlen p\u0159edstavenstva nemocnice Leo\u0161 Dost\u00e1l. Pacienti a n\u00e1v\u0161t\u011bvn\u00edci nemocnice mohou voln\u011b parkovat tak\u00e9 v okol\u00ed nemocnice.<\/p>\n<p>Ve Vset\u00edn\u011b se zm\u011bnil tak\u00e9 syst\u00e9m v\u00fdjezdu automobil\u016f. Dosud slou\u017eila ke vjezdu i v\u00fdjezdu hlavn\u00ed br\u00e1na nemocnice. Nyn\u00ed se hlavn\u00ed branou jen vj\u00ed\u017ed\u00ed, v\u00fdjezd zabezpe\u010duj\u00ed automatick\u00e9 z\u00e1vory um\u00edst\u011bn\u00e9 bl\u00ed\u017ee k chirurgick\u00e9mu pavilonu. \u0158idi\u010di osobn\u00edch aut vyu\u017e\u00edvaj\u00ed levou \u010d\u00e1st v\u00fdjezdu, prav\u00e1 je ur\u010dena pro provoz sanitek, uvedla mluv\u010d\u00ed.<\/p>\n<p>Smyslem nov\u00e9ho syst\u00e9mu je zv\u00fd\u0161it plynulost dopravy a zlep\u0161it mo\u017enosti zaparkov\u00e1n\u00ed v are\u00e1lu. &#8222;Umo\u017enit \u0159idi\u010d\u016fm p\u0159iv\u00e9zt a vylo\u017eit sv\u00e9ho p\u0159\u00edbuzn\u00e9ho, doprovodit jej do ambulance \u010di na odd\u011blen\u00ed a s automobilem op\u011bt opustit are\u00e1l, to v\u0161e bez poplatku za parkov\u00e1n\u00ed. Proto bylo rozhodnuto o prvn\u00ed p\u016flhodin\u011b zdarma. Obdobn\u011b funguj\u00ed parkovac\u00ed syst\u00e9my v mnoha dal\u0161\u00edch nemocnic\u00edch,&#8220; \u0159ekla Pla\u010dkov\u00e1. Zm\u011bna se dotkne tak\u00e9 zam\u011bstnanc\u016f nemocnice. &#8222;Jim bude vjezd povolen na z\u00e1klad\u011b vy\u0159\u00edzen\u00e9 parkovac\u00ed karty a uhrazen\u00ed p\u0159\u00edslu\u0161n\u00e9ho poplatku. Provoz urychl\u00ed kamery identifikuj\u00edc\u00ed registra\u010dn\u00ed zna\u010dky,&#8220; uvedla mluv\u010d\u00ed.<\/p>\n<p>Nemocnice se tak\u00e9 p\u0159ipravuje na stavbu nov\u00e9ho intern\u00edho pavilonu, kter\u00e1 bude zah\u00e1jena v p\u0159\u00ed\u0161t\u00edm roce. Krom\u011b nov\u00e9ho v\u00fdjezdu byl p\u0159estav\u011bn i zadn\u00ed vjezd pro z\u00e1sobov\u00e1n\u00ed, aby jej mohla vyu\u017e\u00edvat vozidla p\u0159iv\u00e1\u017eej\u00edc\u00ed nadm\u011brn\u00e9 n\u00e1klady a stavebn\u00ed materi\u00e1l.<\/p>\n<\/div>\n<\/div>\n<\/div>\n","protected":false},"excerpt":{"rendered":"<div class=\"mh-excerpt\"><p>V are\u00e1lu Vset\u00ednsk\u00e9 nemocnice se bude od ledna platit za parkov\u00e1n\u00ed, bezplatn\u00e1 bude jen prvn\u00ed p\u016flhodina. Dosud bylo parkov\u00e1n\u00ed v are\u00e1lu zdarma, vzhledem k mno\u017estv\u00ed <a class=\"mh-excerpt-more\" href=\"https:\/\/www.invarena.cz\/?p=23794\" title=\"Ve Vset\u00ednsk\u00e9 nemocnici se bude od ledna platit za parkov\u00e1n\u00ed\">[&#8230;]<\/a><\/p>\n<\/div>","protected":false},"author":1,"featured_media":9099,"comment_status":"open","ping_status":"closed","sticky":false,"template":"","format":"standard","meta":{"footnotes":""},"categories":[7],"tags":[],"class_list":["post-23794","post","type-post","status-publish","format-standard","has-post-thumbnail","hentry","category-spolecnost"],"_links":{"self":[{"href":"https:\/\/www.invarena.cz\/index.php?rest_route=\/wp\/v2\/posts\/23794","targetHints":{"allow":["GET"]}}],"collection":[{"href":"https:\/\/www.invarena.cz\/index.php?rest_route=\/wp\/v2\/posts"}],"about":[{"href":"https:\/\/www.invarena.cz\/index.php?rest_route=\/wp\/v2\/types\/post"}],"author":[{"embeddable":true,"href":"https:\/\/www.invarena.cz\/index.php?rest_route=\/wp\/v2\/users\/1"}],"replies":[{"embeddable":true,"href":"https:\/\/www.invarena.cz\/index.php?rest_route=%2Fwp%2Fv2%2Fcomments&post=23794"}],"version-history":[{"count":0,"href":"https:\/\/www.invarena.cz\/index.php?rest_route=\/wp\/v2\/posts\/23794\/revisions"}],"wp:featuredmedia":[{"embeddable":true,"href":"https:\/\/www.invarena.cz\/index.php?rest_route=\/wp\/v2\/media\/9099"}],"wp:attachment":[{"href":"https:\/\/www.invarena.cz\/index.php?rest_route=%2Fwp%2Fv2%2Fmedia&parent=23794"}],"wp:term":[{"taxonomy":"category","embeddable":true,"href":"https:\/\/www.invarena.cz\/index.php?rest_route=%2Fwp%2Fv2%2Fcategories&post=23794"},{"taxonomy":"post_tag","embeddable":true,"href":"https:\/\/www.invarena.cz\/index.php?rest_route=%2Fwp%2Fv2%2Ftags&post=23794"}],"curies":[{"name":"wp","href":"https:\/\/api.w.org\/{rel}","templated":true}]}}