{"id":23808,"date":"2015-12-22T00:40:03","date_gmt":"2015-12-21T23:40:03","guid":{"rendered":"http:\/\/www.invarena.cz\/?p=23808"},"modified":"2015-12-22T09:54:29","modified_gmt":"2015-12-22T08:54:29","slug":"posudkovi-lekari-cssz-se-zucastnili-vedecko-pracovni-konference-mezi-stezejnimi-tematy-bylo-posuzovani-deti-s-autismem-a-geriatricti-pacienti","status":"publish","type":"post","link":"https:\/\/www.invarena.cz\/?p=23808","title":{"rendered":"Na konferenci jednali o posuzov\u00e1n\u00ed d\u011bt\u00ed s autismem a geriatrick\u00fdch pacient\u016f"},"content":{"rendered":"<p><strong>Na problematiku posuzov\u00e1n\u00ed poruch autistick\u00e9ho spektra a ADHD u d\u011bt\u00ed a na posuzov\u00e1n\u00ed z\u00e1vislosti senior\u016f pro \u00fa\u010dely p\u0159izn\u00e1n\u00ed p\u0159\u00edsp\u011bvku na p\u00e9\u010di se p\u0159edev\u0161\u00edm zam\u011b\u0159ila konference, kterou po\u0159\u00e1dala Spole\u010dnost l\u00e9ka\u0159\u016f soci\u00e1ln\u00edho zabezpe\u010den\u00ed \u010cesk\u00e9 l\u00e9ka\u0159sk\u00e9 spole\u010dnosti Jana Evangelisty Purkyn\u011b v Hradci Kr\u00e1lov\u00e9 ve dnech 3. a 4. 12. 2015.<\/strong><br \/>\n<!--more--><br \/>\nNa konferenci vystoupili p\u0159edn\u00ed odborn\u00edci z l\u00e9ka\u0159sk\u00fdch obor\u016f, jejich\u017e p\u0159edn\u00e1\u0161ky podporuj\u00ed dal\u0161\u00ed vzd\u011bl\u00e1v\u00e1n\u00ed posudkov\u00fdch l\u00e9ka\u0159\u016f v oboru geriatrie a pedopsychiatrie. Posudkov\u00ed l\u00e9ka\u0159i maj\u00ed povinnost celo\u017eivotn\u011b se vzd\u011bl\u00e1vat, aby znalosti o aktu\u00e1ln\u00edch poznatc\u00edch z r\u016fzn\u00fdch medicinsk\u00fdch obor\u016f objektivn\u011b interpretovali ve form\u011b posudk\u016f pro oblast soci\u00e1ln\u00edho zabezpe\u010den\u00ed.<\/p>\n<p>St\u011b\u017eejn\u00ed refer\u00e1t p\u0159ednesl doc. PhDr. et PhDr. Radek Pt\u00e1\u010dek, Ph.D., MBA z Psychiatrick\u00e9 kliniky 1. LF UK a VFN v Praze. Sezn\u00e1mil p\u0159\u00edtomn\u00e9 s v\u00fdsledky projektu \u201eAdaptace ve st\u00e1\u0159\u00ed ve vztahu ke zdravotn\u00edmu stavu a stupni z\u00e1vislosti a etick\u00e9 hodnoty p\u0159i posuzov\u00e1n\u00ed stupn\u011b z\u00e1vislosti\u201c, \u0159e\u0161en\u00e9ho V\u0161eobecnou fakultn\u00ed nemocnic\u00ed v Praze, psychiatrickou klinikou a zadan\u00e9ho MPSV v r\u00e1mci programu BETA TA\u010cR. V\u00fdsledky projektu p\u0159in\u00e1\u0161ej\u00ed d\u016fle\u017eit\u00e9 detailn\u00ed informace o zm\u011bn\u00e1ch psychick\u00e9ho stavu a psychosoci\u00e1ln\u00ed situace senior\u016f, jejich\u017e schopnost fungovat v b\u011b\u017en\u00e9m \u017eivot\u011b je v d\u016fsledku z\u00e1va\u017en\u00fdch nebo dlouhodob\u00fdch zdravotn\u00edch probl\u00e9m\u016f naru\u0161ena. Z\u00e1v\u011bry projektu a n\u00e1vrhy na metodick\u00e1 doporu\u010den\u00ed, kter\u00e1 z n\u011bj vypl\u00fdvaj\u00ed, budou implementov\u00e1ny do praxe posudkov\u00e9 slu\u017eby. Demografickou situac\u00ed v \u010cR ve vztahu k seniorsk\u00e9 populaci, omezen\u00edm funk\u010dn\u00edch schopnost\u00ed (disabilitami) ve st\u00e1\u0159\u00ed, problematikou st\u00e1\u0159\u00ed a st\u00e1rnut\u00ed a zdravotn\u00edmi d\u016fvody p\u0159izn\u00e1n\u00ed p\u0159\u00edsp\u011bvku na p\u00e9\u010di osob\u00e1m star\u0161\u00edm 65 let se zab\u00fdval p\u0159\u00edsp\u011bvek MUDr. Aleny Zvon\u00edkov\u00e9 z odboru posudkov\u00e9 slu\u017eby MPSV. S problematikou Geriatrick\u00e9ho pacienta v dlouhodob\u00e9 p\u00e9\u010di p\u0159\u00edtomn\u00e9 sezn\u00e1mila prim. MUDr. Bo\u017eena Jur\u00e1\u0161kov\u00e1 ze III. intern\u00ed gerontometabolick\u00e9 kliniky FN HK a Subkatedry geriatrie LFUK v HK. Podstatnou je p\u0159i p\u00e9\u010di o seniory znalost rizikov\u00fdch faktor\u016f, jako jsou nap\u0159. dehydratace, podv\u00fd\u017eiva, nadu\u017e\u00edv\u00e1n\u00ed l\u00e9k\u016f, l\u00e9kov\u00e9 interakce, deprese. Zm\u00edn\u011bn\u00e9 p\u0159\u00edznaky jsou sou\u010d\u00e1st\u00ed geriatrick\u00fdch syndrom\u016f, kter\u00e9 pro seniory znamenaj\u00ed riziko sn\u00ed\u017een\u00ed nebo dokonce ztr\u00e1ty sob\u011bsta\u010dnosti.<\/p>\n<p>Problematiku posuzov\u00e1n\u00ed ADHD (anglick\u00e1 zkratka neurov\u00fdvojov\u00e9 poruchy s n\u00e1zvem Attention Deficit Hyperactivity Disorder, \u010desky hyperaktivita s poruchou pozornosti) a poruch autistick\u00e9ho spektra u d\u011bt\u00ed prezentoval MUDr. Jaroslav Mat\u00fds, p\u0159edseda Asociace d\u011btsk\u00e9 a dorostov\u00e9 psychiatrie a m\u00edstop\u0159edseda V\u00fdboru sekce d\u011btsk\u00e9 a dorostov\u00e9 psychiatrie PS \u010cLS JEP. Konstatoval, \u017ee d\u00edky v\u00fdrazn\u00fdm pokrok\u016fm ve v\u00fdzkumu neurov\u011bd a d\u00edky rozvoji poznatk\u016f v d\u011btsk\u00e9 a dorostov\u00e9 psychiatrii doch\u00e1z\u00ed podle n\u011bj na celosv\u011btov\u00e9 \u00farovni ke zm\u011bn\u011b v ch\u00e1p\u00e1n\u00ed o vzniku, diagnostice a v terapii du\u0161evn\u00edch poruch. Nejv\u00fdrazn\u011bji je to podle n\u011bj vid\u011bt u poruch autistick\u00e9ho spektra, kde se v nov\u00e9m syst\u00e9mu ji\u017e bude mluvit skute\u010dn\u011b jenom o diagn\u00f3ze \u201eporucha autistick\u00e9ho spektra\u201c, bez rozli\u0161ov\u00e1n\u00ed na d\u011btsk\u00fd autismus, typick\u00fd a atypick\u00fd autismus nebo Asperger\u016fv syndrom. Na tuto prezentaci nav\u00e1zali vedouc\u00ed posudkov\u00ed l\u00e9ka\u0159i LPS \u010cSSZ MUDr. Hana Tajovsk\u00e1 a MUDr. Vladim\u00edr Cibrik, kte\u0159\u00ed na konferenci vystoupili s popisy l\u00e9ka\u0159sky zaj\u00edmav\u00fdch p\u0159\u00edklad\u016f zam\u011b\u0159en\u00fdch na problematiku posuzov\u00e1n\u00ed d\u011bt\u00ed s poruchou autistick\u00e9ho spektra.<\/p>\n<p>S aktu\u00e1ln\u00ed situac\u00ed v LPS \u010cSSZ sezn\u00e1mil \u00fa\u010dastn\u00edky konference \u0159editel odboru l\u00e9ka\u0159sk\u00e9 posudkov\u00e9 slu\u017eby \u010cSSZ MUDr. Miroslav Bos\u00e1k. Vyzdvihl v\u0161estrannost, odbornost a zku\u0161enosti posudkov\u00fdch l\u00e9ka\u0159\u016f a jejich vz\u00e1jemnou zastupitelnost.<\/p>\n<p>V r\u00e1mci celo\u017eivotn\u00edho vzd\u011bl\u00e1v\u00e1n\u00ed se konference s garanc\u00ed \u010cesk\u00e9 l\u00e9ka\u0159sk\u00e9 komory z\u00fa\u010dastnilo v\u00edce ne\u017e 100 l\u00e9ka\u0159\u016f l\u00e9ka\u0159sk\u00e9 posudkov\u00e9 slu\u017eby \u010cesk\u00e9 spr\u00e1vy soci\u00e1ln\u00edho zabezpe\u010den\u00ed (LPS \u010cSSZ).<\/p>\n<p>Tiskov\u00e1 zpr\u00e1va \u010cSSZ<\/p>\n","protected":false},"excerpt":{"rendered":"<div class=\"mh-excerpt\"><p>Na problematiku posuzov\u00e1n\u00ed poruch autistick\u00e9ho spektra a ADHD u d\u011bt\u00ed a na posuzov\u00e1n\u00ed z\u00e1vislosti senior\u016f pro \u00fa\u010dely p\u0159izn\u00e1n\u00ed p\u0159\u00edsp\u011bvku na p\u00e9\u010di se p\u0159edev\u0161\u00edm zam\u011b\u0159ila konference, <a class=\"mh-excerpt-more\" href=\"https:\/\/www.invarena.cz\/?p=23808\" title=\"Na konferenci jednali o posuzov\u00e1n\u00ed d\u011bt\u00ed s autismem a geriatrick\u00fdch pacient\u016f\">[&#8230;]<\/a><\/p>\n<\/div>","protected":false},"author":1,"featured_media":22956,"comment_status":"open","ping_status":"closed","sticky":false,"template":"","format":"standard","meta":{"footnotes":""},"categories":[9],"tags":[],"class_list":["post-23808","post","type-post","status-publish","format-standard","has-post-thumbnail","hentry","category-zpravy"],"_links":{"self":[{"href":"https:\/\/www.invarena.cz\/index.php?rest_route=\/wp\/v2\/posts\/23808","targetHints":{"allow":["GET"]}}],"collection":[{"href":"https:\/\/www.invarena.cz\/index.php?rest_route=\/wp\/v2\/posts"}],"about":[{"href":"https:\/\/www.invarena.cz\/index.php?rest_route=\/wp\/v2\/types\/post"}],"author":[{"embeddable":true,"href":"https:\/\/www.invarena.cz\/index.php?rest_route=\/wp\/v2\/users\/1"}],"replies":[{"embeddable":true,"href":"https:\/\/www.invarena.cz\/index.php?rest_route=%2Fwp%2Fv2%2Fcomments&post=23808"}],"version-history":[{"count":0,"href":"https:\/\/www.invarena.cz\/index.php?rest_route=\/wp\/v2\/posts\/23808\/revisions"}],"wp:featuredmedia":[{"embeddable":true,"href":"https:\/\/www.invarena.cz\/index.php?rest_route=\/wp\/v2\/media\/22956"}],"wp:attachment":[{"href":"https:\/\/www.invarena.cz\/index.php?rest_route=%2Fwp%2Fv2%2Fmedia&parent=23808"}],"wp:term":[{"taxonomy":"category","embeddable":true,"href":"https:\/\/www.invarena.cz\/index.php?rest_route=%2Fwp%2Fv2%2Fcategories&post=23808"},{"taxonomy":"post_tag","embeddable":true,"href":"https:\/\/www.invarena.cz\/index.php?rest_route=%2Fwp%2Fv2%2Ftags&post=23808"}],"curies":[{"name":"wp","href":"https:\/\/api.w.org\/{rel}","templated":true}]}}