{"id":23810,"date":"2015-12-09T10:15:25","date_gmt":"2015-12-09T09:15:25","guid":{"rendered":"http:\/\/www.invarena.cz\/?p=23810"},"modified":"2015-12-09T16:21:06","modified_gmt":"2015-12-09T15:21:06","slug":"i-se-zbytky-zraku-tvori-ozdoby","status":"publish","type":"post","link":"https:\/\/www.invarena.cz\/?p=23810","title":{"rendered":"I se zbytky zraku tvo\u0159\u00ed ozdoby"},"content":{"rendered":"<p><strong>V\u00e1no\u010dn\u00ed ozdoby, aromalampy, dekorativn\u00ed pt\u00e1\u010dky nebo t\u0159eba and\u00edlky vyr\u00e1b\u011bj\u00ed v keramick\u00e9 d\u00edln\u011b olomouck\u00e9ho TyfloCentra.<\/strong><!--more--><\/p>\n<p>Olomouc \u2013 Lubo\u0161 Hrabal vykrajuje v\u00e1no\u010dn\u00ed tvary ka\u017ed\u00fd den. Sta\u010d\u00ed mu k tomu dob\u0159e vyv\u00e1len\u00e1 keramick\u00e1 hl\u00edna a klasick\u00e9 vykrajov\u00e1tko na cukrov\u00ed. &#8222;M\u00e1m jen zbytky zraku, ale kolega mi hodn\u011b pom\u00e1h\u00e1. Na co nevid\u00edm, s t\u00edm mi on pom\u016f\u017ee,&#8220; vysv\u011btluje mlad\u00fd mu\u017e. V d\u00edln\u011b soci\u00e1ln\u00ed firmy Ergones olomouck\u00e9ho TyfloCentra se aktu\u00e1ln\u011b zam\u011b\u0159uj\u00ed hlavn\u011b na dva typy v\u00fdrobk\u016f. &#8222;Jednak to jsou keramick\u00e9 polotovary, kter\u00e9 pak prod\u00e1v\u00e1me do \u0161kolek nebo i jednotlivc\u016fm a d\u011bti si je mohou samy dozdobit. Druhou \u010d\u00e1st glazujeme a zdob\u00edme. Ty se zase daj\u00ed pou\u017e\u00edt jako d\u00e1rek nebo t\u0159eba jako ozdoby na v\u00e1no\u010dn\u00ed strome\u010dek,&#8220; popisuje v\u00fdrobky \u0159editel TyfloCentra Petr Zavadil.<\/p>\n<p>Dopl\u0148uje, \u017ee v nab\u00eddce nechyb\u011bj\u00ed ani hrnky, v\u00e1zy nebo aromalampy, o kter\u00e9 je aktu\u00e1ln\u011b velk\u00fd z\u00e1jem. &#8222;Ti, kte\u0159\u00ed by si cht\u011bli doma s d\u011btmi ozdoby vymalovat nebo si koupit u\u017e na\u0161e hotov\u00e9, maj\u00ed mo\u017enost je po\u0159\u00eddit na na\u0161\u00ed v\u00fdstav\u011b Neviditeln\u00e1 Olomouc v K\u0159\u00ed\u017ekovsk\u00e9ho ulici. Otev\u0159en\u00e1 bude do 19. prosince. Nebo je pak mo\u017en\u00e9 zavolat p\u0159\u00edmo k n\u00e1m do soci\u00e1ln\u00ed firmy Ergones a nen\u00ed probl\u00e9m si vybrat a koupit ozdoby p\u0159\u00edmo u n\u00e1s,&#8220; doplnil Petr Zavadil.<\/p>\n<p>09.12.2015<br \/>\nOlomouck\u00fd den\u00edk<br \/>\n<a href=\"http:\/\/www.olomoucky.denik.cz\/\">http:\/\/www.olomoucky.denik.cz\/<\/a><\/p>\n","protected":false},"excerpt":{"rendered":"<div class=\"mh-excerpt\"><p>V\u00e1no\u010dn\u00ed ozdoby, aromalampy, dekorativn\u00ed pt\u00e1\u010dky nebo t\u0159eba and\u00edlky vyr\u00e1b\u011bj\u00ed v keramick\u00e9 d\u00edln\u011b olomouck\u00e9ho TyfloCentra.<\/p>\n<\/div>","protected":false},"author":1,"featured_media":0,"comment_status":"open","ping_status":"closed","sticky":false,"template":"","format":"standard","meta":{"footnotes":""},"categories":[9],"tags":[],"class_list":["post-23810","post","type-post","status-publish","format-standard","hentry","category-zpravy"],"_links":{"self":[{"href":"https:\/\/www.invarena.cz\/index.php?rest_route=\/wp\/v2\/posts\/23810","targetHints":{"allow":["GET"]}}],"collection":[{"href":"https:\/\/www.invarena.cz\/index.php?rest_route=\/wp\/v2\/posts"}],"about":[{"href":"https:\/\/www.invarena.cz\/index.php?rest_route=\/wp\/v2\/types\/post"}],"author":[{"embeddable":true,"href":"https:\/\/www.invarena.cz\/index.php?rest_route=\/wp\/v2\/users\/1"}],"replies":[{"embeddable":true,"href":"https:\/\/www.invarena.cz\/index.php?rest_route=%2Fwp%2Fv2%2Fcomments&post=23810"}],"version-history":[{"count":0,"href":"https:\/\/www.invarena.cz\/index.php?rest_route=\/wp\/v2\/posts\/23810\/revisions"}],"wp:attachment":[{"href":"https:\/\/www.invarena.cz\/index.php?rest_route=%2Fwp%2Fv2%2Fmedia&parent=23810"}],"wp:term":[{"taxonomy":"category","embeddable":true,"href":"https:\/\/www.invarena.cz\/index.php?rest_route=%2Fwp%2Fv2%2Fcategories&post=23810"},{"taxonomy":"post_tag","embeddable":true,"href":"https:\/\/www.invarena.cz\/index.php?rest_route=%2Fwp%2Fv2%2Ftags&post=23810"}],"curies":[{"name":"wp","href":"https:\/\/api.w.org\/{rel}","templated":true}]}}