{"id":23829,"date":"2015-12-10T14:46:24","date_gmt":"2015-12-10T13:46:24","guid":{"rendered":"http:\/\/www.invarena.cz\/?p=23829"},"modified":"2015-12-10T14:46:24","modified_gmt":"2015-12-10T13:46:24","slug":"s-nacvikem-vareni-pomuze-nevidomym-nova-kuchyn","status":"publish","type":"post","link":"https:\/\/www.invarena.cz\/?p=23829","title":{"rendered":"S n\u00e1cvikem va\u0159en\u00ed pom\u016f\u017ee nevidom\u00fdm nov\u00e1 kuchy\u0148"},"content":{"rendered":"<p><strong>Osoby se zrakov\u00fdm posti\u017een\u00edm se do\u010dkaly nov\u00e9 kuchyn\u011b. Tu v\u010dera slavnostn\u011b otev\u0159ela \u00fasteck\u00e1 pobo\u010dka Tyfloservisu.<\/strong><!--more--><\/p>\n<p>\u00dast\u00ed nad Labem \u2013 &#8222;V \u00dasteck\u00e9m kraji m\u00e1me na dv\u011b st\u011b klient\u016f, jen v \u00dast\u00ed je jich pades\u00e1t. Ti lid\u00e9 se v kuchyni \u010dasto boj\u00ed, nedovedou si p\u0159edstavit, \u017ee by v\u016fbec n\u011bco mohli d\u011blat. Na n\u00e1s je, abychom je motivovali k tomu, \u017ee to jde,&#8220; vysv\u011btlila vedouc\u00ed \u00fasteck\u00e9ho Tyfloservisu Nikol Akov\u00e1. &#8222;Kuchy\u0148, kter\u00e1 zat\u00edm st\u00e1la 230 tis\u00edc korun, je kontrastn\u00ed, vybaven\u00ed hmatov\u011b ozna\u010den\u00e9,&#8220; dodala Akov\u00e1. &#8222;Kuchy\u0148 bude z\u00e1rove\u0148 slou\u017eit lidem jako vzor, jak si ji mohou nechat upravit doma,&#8220; doplnil \u0159editel Tyfloservisu Josef Cerha.<\/p>\n<p>Na novou kuchy\u0148 p\u0159isp\u011bly \u010cSOB Private Banking a Nada\u010dn\u00ed fond Mathilda. &#8222;V\u0161em moc d\u011bkuji, hlavn\u011b \u017ee nemus\u00edm va\u0159it j\u00e1,&#8220; vtipkovala na slavnostn\u00edm zprovozn\u011bn\u00ed kuchyn\u011b hrab\u011bnka Mathilda Nostitzov\u00e1, zakladatelka a patronka Nada\u010dn\u00edho fondu.<\/p>\n<p>\u00dasteck\u00fd den\u00edk<br \/>\n<a href=\"http:\/\/www.ustecky.denik.cz\/\">http:\/\/www.ustecky.denik.cz\/<\/a><\/p>\n","protected":false},"excerpt":{"rendered":"<div class=\"mh-excerpt\"><p>Osoby se zrakov\u00fdm posti\u017een\u00edm se do\u010dkaly nov\u00e9 kuchyn\u011b. Tu v\u010dera slavnostn\u011b otev\u0159ela \u00fasteck\u00e1 pobo\u010dka Tyfloservisu.<\/p>\n<\/div>","protected":false},"author":1,"featured_media":5894,"comment_status":"open","ping_status":"closed","sticky":false,"template":"","format":"standard","meta":{"footnotes":""},"categories":[9],"tags":[],"class_list":["post-23829","post","type-post","status-publish","format-standard","has-post-thumbnail","hentry","category-zpravy"],"_links":{"self":[{"href":"https:\/\/www.invarena.cz\/index.php?rest_route=\/wp\/v2\/posts\/23829","targetHints":{"allow":["GET"]}}],"collection":[{"href":"https:\/\/www.invarena.cz\/index.php?rest_route=\/wp\/v2\/posts"}],"about":[{"href":"https:\/\/www.invarena.cz\/index.php?rest_route=\/wp\/v2\/types\/post"}],"author":[{"embeddable":true,"href":"https:\/\/www.invarena.cz\/index.php?rest_route=\/wp\/v2\/users\/1"}],"replies":[{"embeddable":true,"href":"https:\/\/www.invarena.cz\/index.php?rest_route=%2Fwp%2Fv2%2Fcomments&post=23829"}],"version-history":[{"count":0,"href":"https:\/\/www.invarena.cz\/index.php?rest_route=\/wp\/v2\/posts\/23829\/revisions"}],"wp:featuredmedia":[{"embeddable":true,"href":"https:\/\/www.invarena.cz\/index.php?rest_route=\/wp\/v2\/media\/5894"}],"wp:attachment":[{"href":"https:\/\/www.invarena.cz\/index.php?rest_route=%2Fwp%2Fv2%2Fmedia&parent=23829"}],"wp:term":[{"taxonomy":"category","embeddable":true,"href":"https:\/\/www.invarena.cz\/index.php?rest_route=%2Fwp%2Fv2%2Fcategories&post=23829"},{"taxonomy":"post_tag","embeddable":true,"href":"https:\/\/www.invarena.cz\/index.php?rest_route=%2Fwp%2Fv2%2Ftags&post=23829"}],"curies":[{"name":"wp","href":"https:\/\/api.w.org\/{rel}","templated":true}]}}