{"id":23831,"date":"2015-12-10T14:56:24","date_gmt":"2015-12-10T13:56:24","guid":{"rendered":"http:\/\/www.invarena.cz\/?p=23831"},"modified":"2015-12-10T14:56:24","modified_gmt":"2015-12-10T13:56:24","slug":"transformace-skoncila-pres-sto-postizenych-bydli-v-novem","status":"publish","type":"post","link":"https:\/\/www.invarena.cz\/?p=23831","title":{"rendered":"Transformace skon\u010dila, p\u0159es sto posti\u017een\u00fdch bydl\u00ed v nov\u00e9m"},"content":{"rendered":"<p><strong>Plze\u0148sk\u00fd kraj te\u010f bude sledovat, jestli se roz\u010dlen\u011bn\u00ed stodsk\u00e9ho centra skute\u010dn\u011b vyplatilo<\/strong> <!--more--><\/p>\n<p>Chot\u011b\u0161ov, Stod \u2013 &#8222;Jsme sv\u011bdky toho, \u017ee to jde,&#8220; \u0159ekl spokojen\u011b \u0159editel Centra soci\u00e1ln\u00edch slu\u017eeb Stod Radom\u00edr Bedn\u00e1\u0159 na \u00fatern\u00edm zakon\u010den\u00ed druh\u00e9 etapy takzvan\u00e9 transformace tohoto za\u0159\u00edzen\u00ed.<\/p>\n<p>Centrum, je\u017e bylo d\u0159\u00edve Domovem pro osoby se zdravotn\u00edm posti\u017een\u00edm, se za posledn\u00ed roky vypr\u00e1zdnilo \u2013 128 jeho klient\u016f za\u010dalo \u017e\u00edt v samostatn\u00fdch dom\u00e1cnostech v okoln\u00edch m\u011bstech a obc\u00edch.<\/p>\n<p>&#8222;Trvalo to \u0161est let,&#8220; vzpomn\u011bl Bedn\u00e1\u0159. &#8222;Kdy\u017e jsme se o projektu na za\u010d\u00e1tku s n\u011bkter\u00fdmi lidmi bavili, fandili mu, ale a\u017e po letech jsem se dozv\u011bd\u011bl, \u017ee nev\u011b\u0159ili, \u017ee to zvl\u00e1dneme,&#8220; dodal.<\/p>\n<p>Samostatn\u00e9 dom\u00e1cnosti vznikly p\u0159\u00edmo ve Stod\u011b, v Hol\u00fd\u0161ov\u011b, Vejprnic\u00edch, N\u00fd\u0159anech, Dne\u0161ic\u00edch, Tlu\u010dn\u00e9, Sta\u0148kov\u011b a tak\u00e9 v Chot\u011b\u0161ov\u011b, kde se \u00fatern\u00ed zakon\u010den\u00ed konalo. Tamn\u00ed zrekonstruovan\u00fd d\u016fm v\u0161ak zat\u00edm nen\u00ed ani obydlen\u00fd, ani za\u0159\u00edzen\u00fd. Klienti se do n\u011bj nast\u011bhuj\u00ed po Nov\u00e9m roce. Transformace centra si vy\u017e\u00e1dala p\u0159es sto milion\u016f korun.<\/p>\n<p>&#8222;N\u00e1klady na prvn\u00ed etapu \u010dinily 57 milion\u016f, na druhou etapu 50 milion\u016f korun,&#8220; uvedla mluv\u010d\u00ed Krajsk\u00e9ho \u00fa\u0159adu Alena Mare\u0161ov\u00e1.<\/p>\n<p>I proto te\u010f bude Plze\u0148sk\u00fd kraj sledovat, jak se klient\u016fm i dom\u00e1cnostem vede. &#8222;Pan \u0159editel tvrd\u00ed, \u017ee n\u00e1klady na provoz dom\u00e1cnost\u00ed budou ni\u017e\u0161\u00ed ne\u017e na provoz centra. Budu r\u00e1d, kdy\u017e bude m\u00edt pravdu, a tak\u00e9 kdy\u017e se klient\u016fm bude opravdu dob\u0159e bydlet,&#8220; vyj\u00e1d\u0159il se krajsk\u00fd radn\u00ed pro oblast soci\u00e1ln\u00edch v\u011bc\u00ed Zden\u011bk Honz.<\/p>\n<p>Radom\u00edr Bedn\u00e1\u0159 na jeho slova zareagoval t\u00edm, \u017ee stodsk\u00e9 centrum m\u00e1 u\u017e ro\u010dn\u00ed zku\u0161enost s fungov\u00e1n\u00edm samostatn\u00fdch dom\u00e1cnost\u00ed. Podle \u0159editele p\u0159inesla transformace zlep\u0161en\u00ed pr\u00e1ce pro zam\u011bstnance a klient\u016fm d\u00edky za\u010dlen\u011bn\u00ed do b\u011b\u017en\u00e9ho prost\u0159ed\u00ed zv\u00fd\u0161ila kvalitu \u017eivota. &#8222;Nebyla to jen teorie. Projekt t\u00edm, \u017ee zm\u011bnil tradi\u010dn\u00ed prost\u0159ed\u00ed v prost\u0159ed\u00ed komunitn\u00ed, funguje p\u0159esn\u011b tak, jak m\u00e1. Vypov\u00edd\u00e1 to o tom, \u017ee t\u011bch \u0161est let m\u011blo smysl,&#8220; \u0159ekl.<\/p>\n<p>Podle radn\u00edho Honze si te\u010f kraj pohr\u00e1v\u00e1 s my\u0161lenkou transformaci dot\u00e1hnout do \u00fapln\u00e9ho konce \u2013 v are\u00e1lu stodsk\u00e9ho centra toti\u017e z\u016fstalo 45 klient\u016f, kte\u0159\u00ed by se v budoucnu mohli zabydlet stejn\u011b jako 128 jejich koleg\u016f. O vypr\u00e1zdn\u011bn\u00fd are\u00e1l by pak m\u011bl z\u00e1jem D\u011btsk\u00fd domov Sta\u0148kov.<\/p>\n<p>Transformace I. etapa &#8211; Hol\u00fd\u0161ov (t\u0159i rodinn\u00e9 domy) &#8211; Stod (t\u0159i rodinn\u00e9 domy) &#8211; Dne\u0161ice (dv\u011b dom\u00e1cnosti) &#8211; N\u00fd\u0159any (dva rodinn\u00e9 domy) II. etapa &#8211; Tlu\u010dn\u00e1 (dva rodinn\u00e9 domy) &#8211; Sta\u0148kov (dva rodinn\u00e9 domy) &#8211; Vejprnice (jeden rodinn\u00fd d\u016fm) &#8211; Chot\u011b\u0161ov (jeden rodinn\u00fd d\u016fm) &#8211; ze 185 klient\u016f Centra soci\u00e1ln\u00edch slu\u017eeb Stod u\u017e 128 bydl\u00ed v dom\u00e1cnostech, dal\u0161\u00ed se k nim p\u0159idaj\u00ed po Nov\u00e9m roce a v centru zbude 45 klient\u016f<\/p>\n<p>PAVEL KORELUS<br \/>\nKlatovsk\u00fd den\u00edk<br \/>\n<a href=\"http:\/\/klatovsky.denik.cz\/\">http:\/\/klatovsky.denik.cz\/<\/a><\/p>\n","protected":false},"excerpt":{"rendered":"<div class=\"mh-excerpt\"><p>Plze\u0148sk\u00fd kraj te\u010f bude sledovat, jestli se roz\u010dlen\u011bn\u00ed stodsk\u00e9ho centra skute\u010dn\u011b vyplatilo<\/p>\n<\/div>","protected":false},"author":1,"featured_media":4001,"comment_status":"open","ping_status":"closed","sticky":false,"template":"","format":"standard","meta":{"footnotes":""},"categories":[9],"tags":[],"class_list":["post-23831","post","type-post","status-publish","format-standard","has-post-thumbnail","hentry","category-zpravy"],"_links":{"self":[{"href":"https:\/\/www.invarena.cz\/index.php?rest_route=\/wp\/v2\/posts\/23831","targetHints":{"allow":["GET"]}}],"collection":[{"href":"https:\/\/www.invarena.cz\/index.php?rest_route=\/wp\/v2\/posts"}],"about":[{"href":"https:\/\/www.invarena.cz\/index.php?rest_route=\/wp\/v2\/types\/post"}],"author":[{"embeddable":true,"href":"https:\/\/www.invarena.cz\/index.php?rest_route=\/wp\/v2\/users\/1"}],"replies":[{"embeddable":true,"href":"https:\/\/www.invarena.cz\/index.php?rest_route=%2Fwp%2Fv2%2Fcomments&post=23831"}],"version-history":[{"count":0,"href":"https:\/\/www.invarena.cz\/index.php?rest_route=\/wp\/v2\/posts\/23831\/revisions"}],"wp:featuredmedia":[{"embeddable":true,"href":"https:\/\/www.invarena.cz\/index.php?rest_route=\/wp\/v2\/media\/4001"}],"wp:attachment":[{"href":"https:\/\/www.invarena.cz\/index.php?rest_route=%2Fwp%2Fv2%2Fmedia&parent=23831"}],"wp:term":[{"taxonomy":"category","embeddable":true,"href":"https:\/\/www.invarena.cz\/index.php?rest_route=%2Fwp%2Fv2%2Fcategories&post=23831"},{"taxonomy":"post_tag","embeddable":true,"href":"https:\/\/www.invarena.cz\/index.php?rest_route=%2Fwp%2Fv2%2Ftags&post=23831"}],"curies":[{"name":"wp","href":"https:\/\/api.w.org\/{rel}","templated":true}]}}