{"id":23833,"date":"2015-12-10T15:02:41","date_gmt":"2015-12-10T14:02:41","guid":{"rendered":"http:\/\/www.invarena.cz\/?p=23833"},"modified":"2015-12-10T15:02:41","modified_gmt":"2015-12-10T14:02:41","slug":"kladensti-nevidomi-se-na-akcich-nikdy-nenudi","status":"publish","type":"post","link":"https:\/\/www.invarena.cz\/?p=23833","title":{"rendered":"Kladen\u0161t\u00ed nevidom\u00ed se na akc\u00edch nikdy nenud\u00ed"},"content":{"rendered":"<p><strong>Kladensk\u00e1 odbo\u010dka Sjednocen\u00e9 organizace nevidom\u00fdch a slabozrak\u00fdch je otev\u0159en\u00e9 ob\u010dansk\u00e9 sdru\u017een\u00ed. Jej\u00edmi \u010dleny jsou zrakov\u011b posti\u017een\u00ed ob\u010dan\u00e9, jejich rodinn\u00ed p\u0159\u00edslu\u0161n\u00edci a p\u0159\u00e1tel\u00e9, a to z kladensk\u00e9ho okresu i mimo n\u011bj.<\/strong><!--more--><\/p>\n<p>Kladno \u2013 Poskytujeme r\u016fzn\u00e9 slu\u017eby a poradenstv\u00ed, volno\u010dasov\u00e9 aktivity, kulturn\u00ed akce, klubovou \u010dinnost, p\u0159edn\u00e1\u0161ky, besedy, simulovanou st\u0159elbu a po\u0159\u00e1d\u00e1n\u00ed rekondi\u010dn\u00edch pobyt\u016f. C\u00edlem t\u011bchto aktivit je za\u010dle\u0148ov\u00e1n\u00ed handicapovan\u00e9ho ob\u010dana do b\u011b\u017en\u00e9 spole\u010dnosti a tak\u00e9 mo\u017enost setkat se s lidmi se stejn\u00fdm \u010di odli\u0161n\u00fdm handicapem a p\u0159edat si zku\u0161enosti.<\/p>\n<p>Na\u0161e organizace funguje zejm\u00e9na d\u00edky podpo\u0159e Magistr\u00e1tu m\u011bsta Kladna. Dost\u00e1v\u00e1me dotace na provoz na\u0161eho centra v Met\u011b a z fondu prim\u00e1tora na na\u0161\u00ed \u010dinnost.<\/p>\n<p>Tento rok byl bohat\u00fd na akce. Po\u0159\u00e1dali jsme n\u011bkolik v\u00fdlet\u016f Nav\u0161t\u00edvili jsme hrad K\u0159ivokl\u00e1t, vodn\u00ed park \u010cab\u00e1rnu a uspo\u0159\u00e1dali exkurzi do Sen\u00e1tu. V kv\u011btnu jsme str\u00e1vili v\u00edkend v Mlad\u00e9 Boleslavi na ran\u010di, kde jsme jezdili na kon\u00edch a nav\u0161t\u00edvili nov\u00e9 leteck\u00e9 muzeum Metod\u011bje Vlacha. V\u011bnujeme se i sportovn\u00edm akc\u00edm, jako je nap\u0159\u00edklad bowling, \u0161ipky a zvukov\u00e1 st\u0159elba.<\/p>\n<p>Ani letos nechyb\u011bl t\u00fddenn\u00ed rekondi\u010dn\u00ed pobyt, kter\u00fd se konal v hotelu \u0160tikov u Nov\u00e9 Paky. V\u011bnovali jsme se v\u011bdomostn\u00edm sout\u011b\u017e\u00edm, sportovn\u00edm aktivit\u00e1m a samoz\u0159ejm\u011b v\u00fdlet\u016fm. Nav\u0161t\u00edvili jsme z\u00e1mek Mnichovo hradi\u0161t\u011b, Hospic Kuks a Zoo Dv\u016fr Kr\u00e1lov\u00e9. Zlat\u00fdm h\u0159ebem cel\u00e9ho t\u00fddne byl vzlet upoutan\u00fdm horkovzdu\u0161n\u00fdm balonem.<\/p>\n<p>V z\u00e1\u0159\u00ed jsme po\u0159\u00e1dali je\u0161t\u011b jeden v\u00edkendov\u00fd pobyt, kter\u00fd jsme str\u00e1vili v Klatovech. Nav\u0161t\u00edvili jsme vodn\u00ed hrad \u0160vihov a vydali jsme se na p\u011b\u0161\u00ed t\u00faru povod\u00edm \u0159eky Vydry. V \u0159\u00edjnu se konala celost\u00e1tn\u00ed sb\u00edrka B\u00edl\u00e1 pastelka, v\u011bnovan\u00e1 na podporu zrakov\u011b posti\u017een\u00fdm, jejich vzd\u011bl\u00e1v\u00e1n\u00ed a podpo\u0159e na pracovn\u00edm trhu. Na\u0161i \u010dlenov\u00e9 se aktivn\u011b zapojili do t\u00e9to sb\u00edrky, proto jste je mohli v tento den potkat v ulic\u00edch Kladna. Za finan\u010dn\u00ed podporu v\u0161em d\u011bkujeme!<\/p>\n<p>V sou\u010dasn\u00e9 dob\u011b na\u0161e organizace \u010d\u00edt\u00e1 86 \u010dlen\u016f od mlad\u00fdch lid\u00ed a\u017e po seniory, kter\u00fdm je p\u0159es osmdes\u00e1t let. Proto se i v p\u0159\u00ed\u0161t\u00edm roce budeme sna\u017eit zachovat takovou skladbu aktivit, ze kter\u00e9 si vyberou mlad\u0161\u00ed i star\u0161\u00ed \u010dlenov\u00e9.<\/p>\n<p>IVANA MACOUNOV\u00c1<br \/>\nKladensk\u00fd den\u00edk<br \/>\n<a href=\"http:\/\/www.kladensky.denik.cz\/\">http:\/\/www.kladensky.denik.cz\/<\/a><\/p>\n","protected":false},"excerpt":{"rendered":"<div class=\"mh-excerpt\"><p>Kladensk\u00e1 odbo\u010dka Sjednocen\u00e9 organizace nevidom\u00fdch a slabozrak\u00fdch je otev\u0159en\u00e9 ob\u010dansk\u00e9 sdru\u017een\u00ed. Jej\u00edmi \u010dleny jsou zrakov\u011b posti\u017een\u00ed ob\u010dan\u00e9, jejich rodinn\u00ed p\u0159\u00edslu\u0161n\u00edci a p\u0159\u00e1tel\u00e9, a to z <a class=\"mh-excerpt-more\" href=\"https:\/\/www.invarena.cz\/?p=23833\" title=\"Kladen\u0161t\u00ed nevidom\u00ed se na akc\u00edch nikdy nenud\u00ed\">[&#8230;]<\/a><\/p>\n<\/div>","protected":false},"author":1,"featured_media":4723,"comment_status":"open","ping_status":"closed","sticky":false,"template":"","format":"standard","meta":{"footnotes":""},"categories":[9],"tags":[],"class_list":["post-23833","post","type-post","status-publish","format-standard","has-post-thumbnail","hentry","category-zpravy"],"_links":{"self":[{"href":"https:\/\/www.invarena.cz\/index.php?rest_route=\/wp\/v2\/posts\/23833","targetHints":{"allow":["GET"]}}],"collection":[{"href":"https:\/\/www.invarena.cz\/index.php?rest_route=\/wp\/v2\/posts"}],"about":[{"href":"https:\/\/www.invarena.cz\/index.php?rest_route=\/wp\/v2\/types\/post"}],"author":[{"embeddable":true,"href":"https:\/\/www.invarena.cz\/index.php?rest_route=\/wp\/v2\/users\/1"}],"replies":[{"embeddable":true,"href":"https:\/\/www.invarena.cz\/index.php?rest_route=%2Fwp%2Fv2%2Fcomments&post=23833"}],"version-history":[{"count":0,"href":"https:\/\/www.invarena.cz\/index.php?rest_route=\/wp\/v2\/posts\/23833\/revisions"}],"wp:featuredmedia":[{"embeddable":true,"href":"https:\/\/www.invarena.cz\/index.php?rest_route=\/wp\/v2\/media\/4723"}],"wp:attachment":[{"href":"https:\/\/www.invarena.cz\/index.php?rest_route=%2Fwp%2Fv2%2Fmedia&parent=23833"}],"wp:term":[{"taxonomy":"category","embeddable":true,"href":"https:\/\/www.invarena.cz\/index.php?rest_route=%2Fwp%2Fv2%2Fcategories&post=23833"},{"taxonomy":"post_tag","embeddable":true,"href":"https:\/\/www.invarena.cz\/index.php?rest_route=%2Fwp%2Fv2%2Ftags&post=23833"}],"curies":[{"name":"wp","href":"https:\/\/api.w.org\/{rel}","templated":true}]}}