{"id":23835,"date":"2015-12-10T15:14:04","date_gmt":"2015-12-10T14:14:04","guid":{"rendered":"http:\/\/www.invarena.cz\/?p=23835"},"modified":"2015-12-10T15:16:01","modified_gmt":"2015-12-10T14:16:01","slug":"vuz-s-rucnim-rizenim-nemame","status":"publish","type":"post","link":"https:\/\/www.invarena.cz\/?p=23835","title":{"rendered":"V\u016fz s ru\u010dn\u00edm \u0159\u00edzen\u00edm? Nem\u00e1me"},"content":{"rendered":"<p><strong>Auto\u0161kol je na Vyso\u010din\u011b nepo\u010d\u00edtan\u011b, ov\u0161em z\u00e1jemc\u016fm odk\u00e1zan\u00fdm na invalidn\u00ed voz\u00edk nab\u00edz\u00ed z\u00edsk\u00e1n\u00ed \u0159idi\u010dsk\u00e9ho pr\u016fkazu pouze jedin\u00e1.<\/strong> <!--more--><\/p>\n<p>JIHLAVA P\u0159ed \u010dasem p\u0159i\u0161el vlastn\u00ed vinou o \u0159idi\u010dsk\u00fd pr\u016fkaz a na \u0159\u00edzen\u00ed auta musel na n\u011bkolik m\u011bs\u00edc\u016f zapomenout. Te\u010f u\u017e by sice za volant zase mohl, jen\u017ee nejd\u0159\u00edv pot\u0159ebuje usp\u011bt v praktick\u00e9 zkou\u0161ce z j\u00edzdy, kter\u00e1 mu navr\u00e1cen\u00ed doklad\u016f zpe\u010det\u00ed. Zat\u00edmco pro zdrav\u00e9ho \u010dlov\u011bka jde o minim\u00e1ln\u00ed p\u0159ek\u00e1\u017eku, pro t\u011blesn\u011b posti\u017een\u00e9ho \u0159idi\u010de to znamen\u00e1 velk\u00fd probl\u00e9m. &#8222;Zkou\u0161eli jsme se poptat u v\u0161ech auto\u0161kol v Jihlav\u011b, ale ani jedna nem\u00e1 auto uzp\u016fsoben\u00e9 na ru\u010dn\u00ed \u0159\u00edzen\u00ed,&#8220; sv\u011b\u0159uje se pan\u00ed Eva, jej\u00ed\u017e p\u0159\u00edtel se tak bude muset kv\u016fli absolvov\u00e1n\u00ed testu vypravit s nejv\u011bt\u0161\u00ed pravd\u011bpodobnost\u00ed do Prahy \u010di do Brna.<\/p>\n<p>Jen\u017ee pro \u010dlov\u011bka trvale odk\u00e1zan\u00e9ho na zdravotn\u00ed pom\u016fcky &#8211; a\u0165 u\u017e invalidn\u00ed voz\u00edk, nebo francouzsk\u00e9 hole &#8211; je to hodn\u011b komplikovan\u00e9 \u0159e\u0161en\u00ed. &#8222;V Praze si p\u0159\u00edtel p\u0159ed lety d\u011blal i \u0159idi\u010d\u00e1k. Ale podle n\u00e1s je velk\u00e1 \u0161koda, \u017ee tady takov\u00e1 mo\u017enost nen\u00ed. Proto\u017ee lid\u00ed na voz\u00ed\u010dku, kte\u0159\u00ed by cht\u011bli \u0159\u00eddit, je na Vyso\u010din\u011b ur\u010dit\u011b spousta,&#8220; argumentuje \u017eena, kter\u00e1 si nep\u0159\u00e1la zve\u0159ejnit cel\u00e9 jm\u00e9no.<\/p>\n<p>Chyb\u00ed z\u00e1jem, tvrd\u00ed provozovatel\u00e9 auto\u0161kol<\/p>\n<p>Jen\u017ee podle provozovatel\u016f a majitel\u016f auto\u0161kol je opak pravdou. &#8222;Za celou dobu, co svoji \u017dlutou auto\u0161kolu v Jihlav\u011b m\u00e1m, se mi neozval ani jeden takov\u00fd z\u00e1jemce,&#8220; reaguje Anton\u00edn Bezrouk.<\/p>\n<p>A \u00fapln\u011b stejn\u00e9 zku\u0161enosti s popt\u00e1vkou p\u0159edkl\u00e1d\u00e1 tak\u00e9 Anton\u00edn Musil z 1. Soukrom\u00e9 auto\u0161koly v Jihlav\u011b. &#8222;Nem\u011bl jsem jedin\u00fd telefon\u00e1t na tohle t\u00e9ma. Jedinou zku\u0161enost, kterou s t\u011blesn\u011b posti\u017een\u00fdmi zat\u00edm m\u00e1me, je ta, \u017ee jsme asi ve t\u0159ech p\u0159\u00edpadech m\u011bli v kurzu nesly\u0161\u00edc\u00edho z\u00e1jemce o \u0159idi\u010d\u00e1k,&#8220; prozrazuje.<\/p>\n<p>P\u0159esto se pr\u00fd p\u0159ed \u010dasem po mo\u017enosti upravit jedno z aut i pro ru\u010dn\u00ed \u0159\u00edzen\u00ed p\u00eddil. Odradila ho v\u0161ak vysok\u00e1 cena.<\/p>\n<p>&#8222;Po\u0159\u00edzen\u00ed takov\u00e9ho auta by se v\u00fdrazn\u011b prodra\u017eilo. Kdy\u017e si vezmete, \u017ee jenom oby\u010dejn\u00e9 ped\u00e1ly pro u\u010ditele do standardn\u00edho vozidla stoj\u00ed kolem 12 tis\u00edc korun, je jasn\u00e9, \u017ee tady to bude mnohon\u00e1sobn\u011b hor\u0161\u00ed. Pot\u0159ebujete speci\u00e1ln\u00ed volant, \u0159azen\u00ed&#8230; Je to z\u00e1sah do cel\u00e9ho vozidla,&#8220; vysv\u011btluje. &#8222;A je tedy jasn\u00e9, \u017ee t\u00edm p\u00e1dem by musel b\u00fdt v\u00fdrazn\u011b dra\u017e\u0161\u00ed i cel\u00fd kurz,&#8220; dopl\u0148uje.<\/p>\n<p>Na cel\u00e9 Vyso\u010din\u011b je aktu\u00e1ln\u011b pouze jedin\u00e1 auto\u0161kola, kter\u00e1 autem s ru\u010dn\u00edm \u0159\u00edzen\u00edm disponuje &#8211; Auto\u0161kola Vyso\u010dina ve \u017d\u010f\u00e1ru nad S\u00e1zavou. Moc lid\u00ed o n\u00ed ale nev\u00ed. &#8222;Tak tu jsme p\u0159i hled\u00e1n\u00ed opravdu nena\u0161li,&#8220; p\u0159izn\u00e1v\u00e1 pan\u00ed Eva.<\/p>\n<p>Ostatn\u011b nev\u011bd\u00ed o n\u00ed ani konkurenti. &#8222;Podle m\u00fdch informac\u00ed je nejbli\u017e\u0161\u00ed v Brn\u011b,&#8220; hl\u00e1s\u00ed Bezrouk. &#8222;Ano, jsou takov\u00e9 v Praze a v Brn\u011b. \u017de by podobn\u00e1 byla i na Vyso\u010din\u011b, to si nemysl\u00edm,&#8220; p\u0159id\u00e1v\u00e1 se Musil.<\/p>\n<p>Speci\u00e1ln\u00ed kurz nepot\u0159ebuj\u00ed v\u0161ichni<\/p>\n<p>Ka\u017edop\u00e1dn\u011b ve zmi\u0148ovan\u00e9 \u017e\u010f\u00e1rsk\u00e9 auto\u0161kole m\u011bli letos pouze jedinou t\u011blesn\u011b posti\u017eenou klientku. &#8222;Ani v jin\u00fdch letech nebylo to \u010d\u00edslo vy\u0161\u0161\u00ed. Snad jenom v roce 2013 se p\u0159ihl\u00e1sili za cel\u00fd rok dva,&#8220; \u0159\u00edk\u00e1 Alena K\u0159\u00ed\u017eov\u00e1 z Auto\u0161koly Vyso\u010dina. &#8222;Moc nech\u00e1pu, pro\u010d zrovna na Vyso\u010din\u011b nen\u00ed o tuhle slu\u017ebu z\u00e1jem,&#8220; kr\u010d\u00ed rameny.<\/p>\n<p>D\u016fle\u017eitou roli podle n\u00ed z\u0159ejm\u011b hraje fakt, \u017ee ne ka\u017ed\u00fd handicapovan\u00fd \u0159idi\u010d mus\u00ed speci\u00e1ln\u00edm kurzem \u0159\u00edzen\u00ed proj\u00edt.<\/p>\n<p>&#8222;Je spousta t\u011bch, kter\u00fdm se stal \u00faraz a\u017e pozd\u011bji, kdy\u017e u\u017e \u0159idi\u010d\u00e1k m\u011bli. V takov\u00e9m p\u0159\u00edpad\u011b pak sta\u010d\u00ed, kdy\u017e si nechaj\u00ed p\u0159ed\u011blat auto na ru\u010dn\u00ed \u0159\u00edzen\u00ed a nic v\u00edc k tomu nepot\u0159ebuj\u00ed,&#8220; vysv\u011btluje K\u0159\u00ed\u017eov\u00e1.<\/p>\n<p>A jej\u00ed slova potvrzuje nap\u0159\u00edklad Petr Kl\u00edma ze Zho\u0159e. Dvaadvacetilet\u00fd mlad\u00edk p\u0159i\u0161el p\u0159ed dv\u011bma lety p\u0159i nehod\u011b na motorce o ob\u011b nohy, ov\u0161em jen co se dal zdravotn\u011b trochu do po\u0159\u00e1dku, vyrazil na silnici znovu. Tentokr\u00e1t u\u017e v aut\u011b s ru\u010dn\u00edm \u0159\u00edzen\u00edm.<\/p>\n<p>&#8222;Pot\u0159eboval jsem b\u00fdt mobiln\u00ed a \u0159idi\u010d\u00e1k u\u017e jsem m\u011bl p\u0159edt\u00edm. D\u00edky finan\u010dn\u00ed podpo\u0159e ze sb\u00edrky a p\u0159\u00edsp\u011bvku na zvl\u00e1\u0161tn\u00ed pom\u016fcku jsem si tak nechal auto p\u0159ed\u011blat a mohl jsem zase jet,&#8220; prozrazuje. &#8222;\u0158\u00eddit pouze rukama nen\u00ed nic t\u011b\u017ek\u00e9ho. Z d\u00edlny jsem odjel \u00fapln\u011b s\u00e1m. Jde jenom o zvyk,&#8220; tvrd\u00ed.<\/p>\n<p>Eva Streichsbierov\u00e1, redaktorka MF DNES<\/p>\n<p>Mlad\u00e1 fronta DNES<\/p>\n","protected":false},"excerpt":{"rendered":"<div class=\"mh-excerpt\"><p>Auto\u0161kol je na Vyso\u010din\u011b nepo\u010d\u00edtan\u011b, ov\u0161em z\u00e1jemc\u016fm odk\u00e1zan\u00fdm na invalidn\u00ed voz\u00edk nab\u00edz\u00ed z\u00edsk\u00e1n\u00ed \u0159idi\u010dsk\u00e9ho pr\u016fkazu pouze jedin\u00e1.<\/p>\n<\/div>","protected":false},"author":1,"featured_media":22866,"comment_status":"open","ping_status":"closed","sticky":false,"template":"","format":"standard","meta":{"footnotes":""},"categories":[9],"tags":[],"class_list":["post-23835","post","type-post","status-publish","format-standard","has-post-thumbnail","hentry","category-zpravy"],"_links":{"self":[{"href":"https:\/\/www.invarena.cz\/index.php?rest_route=\/wp\/v2\/posts\/23835","targetHints":{"allow":["GET"]}}],"collection":[{"href":"https:\/\/www.invarena.cz\/index.php?rest_route=\/wp\/v2\/posts"}],"about":[{"href":"https:\/\/www.invarena.cz\/index.php?rest_route=\/wp\/v2\/types\/post"}],"author":[{"embeddable":true,"href":"https:\/\/www.invarena.cz\/index.php?rest_route=\/wp\/v2\/users\/1"}],"replies":[{"embeddable":true,"href":"https:\/\/www.invarena.cz\/index.php?rest_route=%2Fwp%2Fv2%2Fcomments&post=23835"}],"version-history":[{"count":0,"href":"https:\/\/www.invarena.cz\/index.php?rest_route=\/wp\/v2\/posts\/23835\/revisions"}],"wp:featuredmedia":[{"embeddable":true,"href":"https:\/\/www.invarena.cz\/index.php?rest_route=\/wp\/v2\/media\/22866"}],"wp:attachment":[{"href":"https:\/\/www.invarena.cz\/index.php?rest_route=%2Fwp%2Fv2%2Fmedia&parent=23835"}],"wp:term":[{"taxonomy":"category","embeddable":true,"href":"https:\/\/www.invarena.cz\/index.php?rest_route=%2Fwp%2Fv2%2Fcategories&post=23835"},{"taxonomy":"post_tag","embeddable":true,"href":"https:\/\/www.invarena.cz\/index.php?rest_route=%2Fwp%2Fv2%2Ftags&post=23835"}],"curies":[{"name":"wp","href":"https:\/\/api.w.org\/{rel}","templated":true}]}}