{"id":23850,"date":"2015-12-14T12:40:35","date_gmt":"2015-12-14T11:40:35","guid":{"rendered":"http:\/\/www.invarena.cz\/?p=23850"},"modified":"2015-12-14T12:53:19","modified_gmt":"2015-12-14T11:53:19","slug":"penize-na-asistenty-pro-skolaky","status":"publish","type":"post","link":"https:\/\/www.invarena.cz\/?p=23850","title":{"rendered":"Pen\u00edze na asistenty pro \u0161kol\u00e1ky pr\u00fd budou"},"content":{"rendered":"<p><strong>Sehnat asistenty a hlavn\u011b pen\u00edze na n\u011b. \u0160koly od st\u00e1tu nedost\u00e1vaj\u00ed na podporu zdravotn\u011b nebo soci\u00e1ln\u011b znev\u00fdhodn\u011bn\u00fdch d\u011bt\u00ed tolik, kolik by pot\u0159ebovaly. \u010casto mus\u00ed s\u00e1hnout i na odm\u011bny u\u010ditel\u016f, aby mohly asistenty zaplatit. Ministerstvo \u0161kolstv\u00ed te\u010f avizuje zm\u011bnu.<\/strong><!--more--><\/p>\n<p> \u010cesk\u00e1 televize <\/p>\n<p>Na vysok\u00e9 \u0161kole je studentem, tady na z\u00e1kladn\u00ed asistentem. Trp\u011blivost Luk\u00e1\u0161 Krun\u010d\u00edk pot\u0159ebuje asi v\u00edc ve sv\u00e9 druh\u00e9 roli &#8211; pom\u00e1h\u00e1 toti\u017e \u017e\u00e1kovi s autismem.<\/p>\n<p>Studuje pedagogickou fakultu a cht\u011bl poznat, jak to ve \u0161kole chod\u00ed. Na t\u00e9hle \u0161kole pot\u0159ebuje asistenty n\u011bkolik des\u00edtek soci\u00e1ln\u011b znev\u00fdhodn\u011bn\u00fdch nebo zdravotn\u011b posti\u017een\u00fdch d\u011bt\u00ed. Je jich tu na n\u011b ale jen dev\u011bt. Pro pen\u00edze se tahle pr\u00e1ce d\u011blat ned\u00e1. To moc dob\u0159e v\u00ed i Jaroslava Kromkov\u00e1,kter\u00e1 pom\u00e1h\u00e1 u\u010ditel\u016fm se soci\u00e1ln\u011b znev\u00fdhodn\u011bn\u00fdmi d\u011btmi.<\/p>\n<p>Je jednou ze t\u0159\u00ed asistentek, kter\u00e9 si \u0161kola m\u016f\u017ee dovolit. I sem p\u0159itom chod\u00ed mnohem v\u00edc d\u011bt\u00ed, kter\u00e9 by je pot\u0159ebo \u010cesk\u00e1 televize valy.<\/p>\n<p>Jaroslava KROMKOV\u00c1, asistentka pedagoga:<br \/>\nVe \u0161kole m\u00e1m t\u0159icet hodin t\u00fddn\u011b a d\u011bt\u00ed starost m\u00e1m konkr\u00e9tn\u00ed t\u0159i.<\/p>\n<p>Petr DO\u0160EK, \u0159editel, Z\u0160 Velvary:<br \/>\nM\u00e1me n\u00e1rok na t\u0159in\u00e1ct asistent\u016f ze st\u00e1tn\u00edch pen\u011bz. Krajsk\u00fd \u00fa\u0159ad n\u00e1m dop\u0159eje na dva a p\u016fl \u00favazku.<\/p>\n<p>redaktor:<br \/>\nNav\u00edc jen do konce roku. \u0158editel\u00e9 proto \u010dasto mus\u00ed s\u00e1hnout i na pen\u00edze, kter\u00e9 maj\u00ed na odm\u011bny pro u\u010ditele.<\/p>\n<p>Radmila JEDLI\u010cKOV\u00c1, \u0159editelka, Z\u0160 Grafick\u00e1:<br \/>\nPro leto\u0161n\u00ed rok je to asi zat\u00edm p\u0159ibli\u017en\u011b, proto\u017ee je\u0161t\u011b celkov\u00e9 vy\u00fa\u010dtov\u00e1n\u00ed nen\u00ed, sto \u0161edes\u00e1t tis\u00edc korun.<\/p>\n<p><strong>Ministerstvo \u0161kolstv\u00ed ale slibuje, \u017ee pen\u00edze na asistenty budou. A od z\u00e1\u0159\u00ed na n\u011b \u0161koly dokonce budou n\u00e1rok.<br \/>\n<\/strong><br \/>\nStanislav \u0160TECH, n\u00e1m\u011bstek ministryn\u011b \u0161kolstv\u00ed:<br \/>\nDo doby, ne\u017e jaksi ten n\u00e1rok nastane, od 1. z\u00e1\u0159\u00ed, tak jsou p\u0159ipraveny prost\u0159edky na to, aby \u0161kola, kter\u00e1 pot\u0159ebuje, skute\u010dn\u011b m\u011bla dostatek financ\u00ed.<\/p>\n<p>redaktor:<br \/>\nSpole\u010dn\u00e9 vzd\u011bl\u00e1v\u00e1n\u00ed v\u0161ech d\u011bt\u00ed bez rozd\u00edlu handicapu toti\u017e pat\u0159\u00ed mezi hlavn\u00ed priority ministerstva. A jen v p\u0159\u00ed\u0161t\u00edm roce na n\u011bj chce p\u0159idat p\u016fl miliardy korun. <\/p>\n<p> \u010cesk\u00e1 televize <\/p>\n","protected":false},"excerpt":{"rendered":"<div class=\"mh-excerpt\"><p>Sehnat asistenty a hlavn\u011b pen\u00edze na n\u011b. \u0160koly od st\u00e1tu nedost\u00e1vaj\u00ed na podporu zdravotn\u011b nebo soci\u00e1ln\u011b znev\u00fdhodn\u011bn\u00fdch d\u011bt\u00ed tolik, kolik by pot\u0159ebovaly. \u010casto mus\u00ed s\u00e1hnout <a class=\"mh-excerpt-more\" href=\"https:\/\/www.invarena.cz\/?p=23850\" title=\"Pen\u00edze na asistenty pro \u0161kol\u00e1ky pr\u00fd budou\">[&#8230;]<\/a><\/p>\n<\/div>","protected":false},"author":1,"featured_media":14680,"comment_status":"open","ping_status":"closed","sticky":false,"template":"","format":"standard","meta":{"footnotes":""},"categories":[1],"tags":[],"class_list":["post-23850","post","type-post","status-publish","format-standard","has-post-thumbnail","hentry","category-nezarazene"],"_links":{"self":[{"href":"https:\/\/www.invarena.cz\/index.php?rest_route=\/wp\/v2\/posts\/23850","targetHints":{"allow":["GET"]}}],"collection":[{"href":"https:\/\/www.invarena.cz\/index.php?rest_route=\/wp\/v2\/posts"}],"about":[{"href":"https:\/\/www.invarena.cz\/index.php?rest_route=\/wp\/v2\/types\/post"}],"author":[{"embeddable":true,"href":"https:\/\/www.invarena.cz\/index.php?rest_route=\/wp\/v2\/users\/1"}],"replies":[{"embeddable":true,"href":"https:\/\/www.invarena.cz\/index.php?rest_route=%2Fwp%2Fv2%2Fcomments&post=23850"}],"version-history":[{"count":0,"href":"https:\/\/www.invarena.cz\/index.php?rest_route=\/wp\/v2\/posts\/23850\/revisions"}],"wp:featuredmedia":[{"embeddable":true,"href":"https:\/\/www.invarena.cz\/index.php?rest_route=\/wp\/v2\/media\/14680"}],"wp:attachment":[{"href":"https:\/\/www.invarena.cz\/index.php?rest_route=%2Fwp%2Fv2%2Fmedia&parent=23850"}],"wp:term":[{"taxonomy":"category","embeddable":true,"href":"https:\/\/www.invarena.cz\/index.php?rest_route=%2Fwp%2Fv2%2Fcategories&post=23850"},{"taxonomy":"post_tag","embeddable":true,"href":"https:\/\/www.invarena.cz\/index.php?rest_route=%2Fwp%2Fv2%2Ftags&post=23850"}],"curies":[{"name":"wp","href":"https:\/\/api.w.org\/{rel}","templated":true}]}}