{"id":23851,"date":"2015-12-14T12:46:37","date_gmt":"2015-12-14T11:46:37","guid":{"rendered":"http:\/\/www.invarena.cz\/?p=23851"},"modified":"2015-12-14T12:51:33","modified_gmt":"2015-12-14T11:51:33","slug":"prispevek-na-peci-o-zdravotne-postizene-chce-vlada-zvysit-o-10-procent","status":"publish","type":"post","link":"https:\/\/www.invarena.cz\/?p=23851","title":{"rendered":"P\u0159\u00edsp\u011bvek na p\u00e9\u010di o zdravotn\u011b posti\u017een\u00e9 chce vl\u00e1da zv\u00fd\u0161it o 10 procent"},"content":{"rendered":"<p><strong>Zv\u00fd\u0161en\u00ed p\u0159\u00edsp\u011bvku na p\u00e9\u010di o hendikepovan\u00e9 schv\u00e1lila vl\u00e1da. \u201eOd 1.srpna 2016 zv\u00fd\u0161\u00edme p\u0159\u00edsp\u011bvek na p\u00e9\u010di pro zdravotn\u011b posti\u017een\u00e9 o 10 procent,\u201c uvedl premi\u00e9r Bohuslav Sobotka. Potvrdit rozhodnut\u00ed vl\u00e1dy ale mus\u00ed je\u0161t\u011b parlament, jde toti\u017e o zm\u011bnu z\u00e1kona.<\/strong><!--more--><\/p>\n<p>    \u201eJde o pomoc zejm\u00e9na pro ty, kte\u0159\u00ed se ve sv\u00e9 slo\u017eit\u00e9 \u017eivotn\u00ed a zdravotn\u00ed situaci neobejdou bez pomoci a p\u00e9\u010de. Dlouholet\u00e9 zmrazen\u00ed valorizace tohoto p\u0159\u00edsp\u011bvku (od r. 2006 &#8211; pozn. red.) dostalo postupn\u011b \u0159adu t\u011b\u017ece zdravotn\u011b posti\u017een\u00fdch do slo\u017eit\u00e9 finan\u010dn\u00ed situace, a i proto je navr\u017een\u00e1 valorizace tolik d\u016fle\u017eit\u00e1,\u201c uvedl p\u0159edseda vl\u00e1dy a soci\u00e1ln\u00ed demokracie Sobotka.<\/p>\n<p>    P\u016fvodn\u011b vl\u00e1da cht\u011bla zv\u00fd\u0161it p\u0159\u00edsp\u011bvek o p\u011bt procent od \u010dervence 2016 a o dal\u0161\u00edch p\u011bt procent do ledna 2017. <\/p>\n<p>    N\u00e1rodn\u00ed rada osob se zdravotn\u00edm posti\u017een\u00edm ale po\u017eadovala p\u0159id\u00e1n\u00ed o deset procent od ledna 2016. Poukazovala na to, \u017ee se d\u00e1vka n\u011bkolik let nevalorizovala, ceny rostly a kabinet v dob\u011b hospod\u00e1\u0159sk\u00e9ho r\u016fstu p\u0159id\u00e1v\u00e1 v\u0161em, nem\u011bl by tedy zapom\u00ednat ani na lidi odk\u00e1zan\u00e9 na pomoc druh\u00fdch.<\/p>\n<p>    Vl\u00e1da nakonec zvolila kompromis, chce od poslanc\u016f, aby se p\u0159\u00edsp\u011bvek zv\u00fd\u0161il rovnou o deset procent, ale ne u\u017e od poloviny roku, ale a\u017e od srpna 2016. \u201eAbychom to byli schopni ufinancovat,\u201c \u0159ekl vicepremi\u00e9r Pavel B\u011blobr\u00e1dek z KDU-\u010cSL.<br \/>\n     I kdy\u017e to nakonec vl\u00e1da schv\u00e1lila a\u017e od srpna, hodnotil to p\u0159edseda NRZP V\u00e1clav Kr\u00e1sa jako dobr\u00fd sign\u00e1l, kter\u00fdm kabinet uk\u00e1zal, \u017ee mysl\u00ed na lidi z\u00e1visl\u00e9 i pe\u010duj\u00edc\u00ed. &#8222;Zv\u00fd\u0161en\u00ed o deset procent bylo na\u0161\u00ed snahou, jednali jsme o tom s vl\u00e1dou cel\u00fd rok. Ale nen\u00ed to \u00fapln\u011b dorovn\u00e1n\u00ed propadu, kter\u00fd t\u011bch t\u00e9m\u011b\u0159 dev\u011bt let p\u0159ineslo,&#8220; uvedl. Souhrnn\u00e1 inflace za obdob\u00ed, kdy se p\u0159\u00edsp\u011bvek nenavy\u0161oval, podle n\u011bj \u010dinila 17 procent. Ceny soci\u00e1ln\u00edch slu\u017eeb se za tu dobu pr\u00fd zv\u00fd\u0161ily o 53 procent.<\/p>\n<p>Rada poukazuje na to, \u017ee se d\u00e1vka dosud nevalorizovala, ceny rostly a kabinet v dob\u011b hospod\u00e1\u0159sk\u00e9ho r\u016fstu p\u0159id\u00e1v\u00e1 v\u0161em, nem\u011bl by tedy zapom\u00ednat ani na lidi odk\u00e1zan\u00e9 na pomoc druh\u00fdch. Veden\u00ed rady cht\u011blo usilovat o to, aby se p\u0159i projedn\u00e1v\u00e1n\u00ed ve Sn\u011bmovn\u011b novela je\u0161t\u011b upravila a p\u0159\u00edsp\u011bvek se od pololet\u00ed nakonec zvedl o deset procent. Podle odbor\u016f je navrhovan\u00e9 p\u0159id\u00e1n\u00ed nedostate\u010dn\u00e9. \u017d\u00e1daj\u00ed r\u016fst p\u0159\u00edsp\u011bvku o 32 procent. Pr\u00e1v\u011b o tolik se podle ministerstva pr\u00e1ce zvedly od roku 2007 ceny soci\u00e1ln\u00ed p\u00e9\u010de.<\/p>\n<p>    To, \u017ee se p\u0159\u00edsp\u011bvek na p\u00e9\u010di zv\u00fd\u0161\u00ed v\u00edc, ne\u017e p\u016fvodn\u011b vl\u00e1da p\u0159edpokl\u00e1dala, ale a\u017e od srpna, si podle B\u011blobr\u00e1dka vy\u017e\u00e1d\u00e1 nav\u00edc 250 a\u017e 300 milion\u016f korun, kter\u00e9 bude t\u0159eba naj\u00edt jinde ve st\u00e1tn\u00edm rozpo\u010dtu.<\/p>\n<p>    P\u0159\u00edsp\u011bvek na p\u00e9\u010di se vypl\u00e1c\u00ed od roku 2007. Posti\u017een\u00ed a senio\u0159i si za n\u011bj maj\u00ed zajistit opatrov\u00e1n\u00ed v n\u011bjak\u00e9m za\u0159\u00edzen\u00ed \u010di pomoc doma. Dosp\u011bl\u00ed nyn\u00ed dost\u00e1vaj\u00ed podle sv\u00e9 z\u00e1vislosti na pomoci m\u011bs\u00ed\u010dn\u011b 800, 4 000, 8 000 nebo 12 000 korun. Od srpna by tak dosp\u011bl\u00ed m\u011bli a\u017e 13 200 korun.<br \/>\nD\u011bti dosud m\u011bli p\u0159\u00edsp\u011bvek na p\u00e9\u010di t\u0159i, \u0161est, dev\u011bt nebo dvan\u00e1ct tis\u00edc korun. <\/p>\n<p>Letos v l\u00e9t\u011b p\u0159\u00edsp\u011bvek pob\u00edralo p\u0159es 335 tis\u00edc lid\u00ed.<\/p>\n","protected":false},"excerpt":{"rendered":"<div class=\"mh-excerpt\"><p>Zv\u00fd\u0161en\u00ed p\u0159\u00edsp\u011bvku na p\u00e9\u010di o hendikepovan\u00e9 schv\u00e1lila vl\u00e1da. \u201eOd 1.srpna 2016 zv\u00fd\u0161\u00edme p\u0159\u00edsp\u011bvek na p\u00e9\u010di pro zdravotn\u011b posti\u017een\u00e9 o 10 procent,\u201c uvedl premi\u00e9r Bohuslav Sobotka. <a class=\"mh-excerpt-more\" href=\"https:\/\/www.invarena.cz\/?p=23851\" title=\"P\u0159\u00edsp\u011bvek na p\u00e9\u010di o zdravotn\u011b posti\u017een\u00e9 chce vl\u00e1da zv\u00fd\u0161it o 10 procent\">[&#8230;]<\/a><\/p>\n<\/div>","protected":false},"author":1,"featured_media":14424,"comment_status":"open","ping_status":"closed","sticky":false,"template":"","format":"standard","meta":{"footnotes":""},"categories":[9],"tags":[],"class_list":["post-23851","post","type-post","status-publish","format-standard","has-post-thumbnail","hentry","category-zpravy"],"_links":{"self":[{"href":"https:\/\/www.invarena.cz\/index.php?rest_route=\/wp\/v2\/posts\/23851","targetHints":{"allow":["GET"]}}],"collection":[{"href":"https:\/\/www.invarena.cz\/index.php?rest_route=\/wp\/v2\/posts"}],"about":[{"href":"https:\/\/www.invarena.cz\/index.php?rest_route=\/wp\/v2\/types\/post"}],"author":[{"embeddable":true,"href":"https:\/\/www.invarena.cz\/index.php?rest_route=\/wp\/v2\/users\/1"}],"replies":[{"embeddable":true,"href":"https:\/\/www.invarena.cz\/index.php?rest_route=%2Fwp%2Fv2%2Fcomments&post=23851"}],"version-history":[{"count":0,"href":"https:\/\/www.invarena.cz\/index.php?rest_route=\/wp\/v2\/posts\/23851\/revisions"}],"wp:featuredmedia":[{"embeddable":true,"href":"https:\/\/www.invarena.cz\/index.php?rest_route=\/wp\/v2\/media\/14424"}],"wp:attachment":[{"href":"https:\/\/www.invarena.cz\/index.php?rest_route=%2Fwp%2Fv2%2Fmedia&parent=23851"}],"wp:term":[{"taxonomy":"category","embeddable":true,"href":"https:\/\/www.invarena.cz\/index.php?rest_route=%2Fwp%2Fv2%2Fcategories&post=23851"},{"taxonomy":"post_tag","embeddable":true,"href":"https:\/\/www.invarena.cz\/index.php?rest_route=%2Fwp%2Fv2%2Ftags&post=23851"}],"curies":[{"name":"wp","href":"https:\/\/api.w.org\/{rel}","templated":true}]}}