{"id":23863,"date":"2015-12-22T09:39:04","date_gmt":"2015-12-22T08:39:04","guid":{"rendered":"http:\/\/www.invarena.cz\/?p=23863"},"modified":"2015-12-22T09:39:26","modified_gmt":"2015-12-22T08:39:26","slug":"od-srpna-se-zvysi-prispevek-na-peci","status":"publish","type":"post","link":"https:\/\/www.invarena.cz\/?p=23863","title":{"rendered":"Od srpna se zv\u00fd\u0161\u00ed p\u0159\u00edsp\u011bvek na p\u00e9\u010di"},"content":{"rendered":"<p><strong>Od srpna roku 2016 dojde ke zv\u00fd\u0161en\u00ed p\u0159\u00edsp\u011bvku na p\u00e9\u010di a to o cel\u00fdch 10%. Jedn\u00e1 se o v\u00fdhru v\u0161ech handicapovan\u00fdch, kte\u0159\u00ed po cel\u00fd rok za zv\u00fd\u0161en\u00ed p\u0159\u00edsp\u011bvku na p\u00e9\u010di bojovali.<\/strong><br \/>\n<!--more-->ilustra\u010dn\u00ed foto: Cohdra \/ MorgueFile<\/p>\n<p>&nbsp;<\/p>\n<p>Vl\u00e1da schv\u00e1lila, \u017ee dojde ke zv\u00fd\u0161en\u00ed p\u0159\u00edsp\u011bvku na p\u00e9\u010di o 10%. Nakonec ne od \u010dervence, ale od srpna roku 2016.<br \/>\n\u201ePova\u017euji za z\u00e1sadn\u00ed, \u017ee jsme p\u0159esv\u011bd\u010dili ministra financ\u00ed o nav\u00fd\u0161en\u00ed o cel\u00fdch 10 % u\u017e od 1. srpna p\u0159\u00ed\u0161t\u00edho roku. Lid\u00e9, kte\u0159\u00ed p\u0159\u00edsp\u011bvek pob\u00edraj\u00ed, si desetiprocentn\u00ed valorizaci ur\u010dit\u011b zaslou\u017e\u00ed,\u201c \u0159ekla ministryn\u011b Michaela Marksov\u00e1.<\/p>\n<p>\u201eVl\u00e1da naplnila na\u0161e o\u010dek\u00e1v\u00e1n\u00ed. Je\u0161t\u011b dnes jsem komunikoval s p\u0159edstaviteli koalice a na\u0161e celoro\u010dn\u00ed snaha byla \u00fasp\u011b\u0161n\u00e1. Te\u010f z\u00e1le\u017e\u00ed pouze na tom, aby Parlament n\u00e1vrh z\u00e1kona schv\u00e1lil dostate\u010dn\u011b rychle, aby mohly b\u00fdt provedeny administrativn\u00ed kroky k realizaci usnesen\u00ed vl\u00e1dy,\u201e uvedl p\u0159edseda N\u00e1rodn\u00ed rady osob se zdravotn\u00edm posti\u017een\u00edm \u010cR V\u00e1clav Kr\u00e1sa.<\/p>\n<p><strong>V\u00fd\u0161e p\u0159\u00edsp\u011bvku od 1. 8. 2016 za kalend\u00e1\u0159n\u00ed m\u011bs\u00edc<\/strong><br \/>\n<strong> Stupe\u0148 z\u00e1vislosti<\/strong><br \/>\n<em>mlad\u0161\u00ed 18let<\/em><br \/>\n<em> star\u0161\u00ed 18 let<\/em><\/p>\n<p>I. lehk\u00e1 z\u00e1vislost<br \/>\n3 300<br \/>\n880<br \/>\nII. st\u0159edn\u011b t\u011b\u017ek\u00e1 z\u00e1vislost<br \/>\n6 600<br \/>\n4 400<br \/>\nIII. t\u011b\u017ek\u00e1 z\u00e1vislost<br \/>\n9 900<br \/>\n8 800<br \/>\nIV. \u00fapln\u00e1 z\u00e1vislost<br \/>\n13 200<br \/>\n13 200<\/p>\n<p>Ji\u0159\u00ed Marek<br \/>\ninvArena<\/p>\n","protected":false},"excerpt":{"rendered":"<div class=\"mh-excerpt\"><p>Od srpna roku 2016 dojde ke zv\u00fd\u0161en\u00ed p\u0159\u00edsp\u011bvku na p\u00e9\u010di a to o cel\u00fdch 10%. Jedn\u00e1 se o v\u00fdhru v\u0161ech handicapovan\u00fdch, kte\u0159\u00ed po cel\u00fd rok <a class=\"mh-excerpt-more\" href=\"https:\/\/www.invarena.cz\/?p=23863\" title=\"Od srpna se zv\u00fd\u0161\u00ed p\u0159\u00edsp\u011bvek na p\u00e9\u010di\">[&#8230;]<\/a><\/p>\n<\/div>","protected":false},"author":3,"featured_media":14576,"comment_status":"open","ping_status":"closed","sticky":false,"template":"","format":"standard","meta":{"footnotes":""},"categories":[1,6],"tags":[],"class_list":["post-23863","post","type-post","status-publish","format-standard","has-post-thumbnail","hentry","category-nezarazene","category-politika"],"_links":{"self":[{"href":"https:\/\/www.invarena.cz\/index.php?rest_route=\/wp\/v2\/posts\/23863","targetHints":{"allow":["GET"]}}],"collection":[{"href":"https:\/\/www.invarena.cz\/index.php?rest_route=\/wp\/v2\/posts"}],"about":[{"href":"https:\/\/www.invarena.cz\/index.php?rest_route=\/wp\/v2\/types\/post"}],"author":[{"embeddable":true,"href":"https:\/\/www.invarena.cz\/index.php?rest_route=\/wp\/v2\/users\/3"}],"replies":[{"embeddable":true,"href":"https:\/\/www.invarena.cz\/index.php?rest_route=%2Fwp%2Fv2%2Fcomments&post=23863"}],"version-history":[{"count":0,"href":"https:\/\/www.invarena.cz\/index.php?rest_route=\/wp\/v2\/posts\/23863\/revisions"}],"wp:featuredmedia":[{"embeddable":true,"href":"https:\/\/www.invarena.cz\/index.php?rest_route=\/wp\/v2\/media\/14576"}],"wp:attachment":[{"href":"https:\/\/www.invarena.cz\/index.php?rest_route=%2Fwp%2Fv2%2Fmedia&parent=23863"}],"wp:term":[{"taxonomy":"category","embeddable":true,"href":"https:\/\/www.invarena.cz\/index.php?rest_route=%2Fwp%2Fv2%2Fcategories&post=23863"},{"taxonomy":"post_tag","embeddable":true,"href":"https:\/\/www.invarena.cz\/index.php?rest_route=%2Fwp%2Fv2%2Ftags&post=23863"}],"curies":[{"name":"wp","href":"https:\/\/api.w.org\/{rel}","templated":true}]}}