{"id":23870,"date":"2015-12-15T15:31:04","date_gmt":"2015-12-15T14:31:04","guid":{"rendered":"http:\/\/www.invarena.cz\/?p=23870"},"modified":"2015-12-15T15:31:04","modified_gmt":"2015-12-15T14:31:04","slug":"pri-tanecnich-v-kosatci-zustal-vozik-v-koute","status":"publish","type":"post","link":"https:\/\/www.invarena.cz\/?p=23870","title":{"rendered":"P\u0159i tane\u010dn\u00edch v Kosatci z\u016fstal voz\u00edk v kout\u011b"},"content":{"rendered":"<p><strong>Po\u010din \u010cesk\u00e9 abilympijsk\u00e9 asociace a Emotions dance zaslou\u017e\u00ed obdiv a uzn\u00e1n\u00ed.<\/strong> <!--more--><\/p>\n<p>Pardubice \u2013 Tane\u010dn\u00ed pro hendikepovan\u00e9? Zd\u00e1 se v\u00e1m to nere\u00e1ln\u00e9? Chyba l\u00e1vky \u2013 realita! \u010cesk\u00e1 abilympijsk\u00e1 asociace (CAA) tyto kursy uspo\u0159\u00e1dala. Ve velk\u00e9m s\u00e1le Integra\u010dn\u00edho centra soci\u00e1ln\u00edch aktivit, pro n\u011bj\u017e se v m\u011bst\u011b pern\u00edku a \u0161irok\u00e9m okol\u00ed v\u017eil n\u00e1zev Kosatec, se od z\u00e1\u0159\u00ed do prosince uskute\u010dnilo dev\u011bt lekc\u00ed.<\/p>\n<p>&#8222;Sna\u017e\u00edme se nab\u00edzet na\u0161im klient\u016fm pestrou \u010dinnost, chceme se vyh\u00fdbat stereotyp\u016fm,&#8220; sd\u011blila Pardubick\u00e9mu den\u00edku V\u00e1clava Hrube\u0161ov\u00e1, vedouc\u00ed Klubu lv\u00ed\u010dek a dodala: &#8222;P\u0159i na\u0161ich programech jsme se dostali i na pov\u00edd\u00e1n\u00ed o tane\u010dn\u00edch a n\u011bkte\u0159\u00ed si posteskli, \u017ee jim bylo v\u017edycky l\u00edto, kdy\u017e se jich nemohli z\u00fa\u010dastnit. Tak jsme to riskli a pustili se do toho.&#8220;<\/p>\n<p>Bez honor\u00e1\u0159e<\/p>\n<p>S velkou vst\u0159\u00edcnost\u00ed se CAA setkala p\u0159i zaji\u0161\u0165ov\u00e1n\u00ed odborn\u00e9ho veden\u00ed kurz\u016f. Nezi\u0161tn\u011b, bez n\u00e1roku na jak\u00fdkoliv honor\u00e1\u0159, se toho chopila Tane\u010dn\u00ed \u0161kola Emotions dance\u2026<\/p>\n<p>Za\u010d\u00ednalo jeden\u00e1ct p\u00e1r\u016f lid\u00ed s r\u016fzn\u00fdm typem posti\u017een\u00ed, dev\u011bt jich vydr\u017eelo do konce. Jezdili lidi z P\u0159elou\u010de, Holic, Sezemic, Opo\u010dinku a samoz\u0159ejm\u011b nechyb\u011bli Pardubi\u010dt\u00ed.<\/p>\n<p>Tancovali t\u00e1ta s posti\u017eenou dcerou, maminka s posti\u017een\u00fdm synem, daly se dohromady p\u00e1ry s r\u016fzn\u00fdm typem posti\u017een\u00ed. &#8222;Kdy\u017e \u010dlov\u011bk nahl\u00e9dne do jejich sv\u011bta, mus\u00ed jim slo\u017eit obdiv, jak dok\u00e1\u017e\u00ed c\u00edtit rytmus. Bylo vid\u011bt, \u017ee je kurzy skute\u010dn\u011b bavily. Jejich radost a \u00fasm\u011bv z tance byly pro n\u00e1s t\u00edm nejv\u011bt\u0161\u00edm honor\u00e1\u0159em,&#8220; sv\u011b\u0159ila se Eva Alin\u010dov\u00e1, kter\u00e1 lekce vedla.<\/p>\n<p>V Kosatci se tan\u010dilo ka\u017edou st\u0159edu, \u0161lo o dvouhodinovky s nutnou p\u0159est\u00e1vkou po hodin\u011b pohybu na parketu. Za\u010d\u00ednalo se mazurkou, ale do\u0161lo i na obvyklou sestavu tanc\u016f. Na po\u0159adu byla dokonce i tane\u010dn\u00ed sout\u011b\u017e, ve kter\u00e9 se bojovalo o postup do t\u0159\u00ed\u010dlenn\u00e9ho fin\u00e1le bez vyhl\u00e1\u0161en\u00ed jednoho v\u00edt\u011bze. Te\u010dkou tane\u010dn\u00edch kurz\u016f v Kosatci byl minul\u00fd t\u00fdden hodn\u011b vyda\u0159en\u00fd v\u011bne\u010dek, na kter\u00fd p\u0159i\u0161li i rodi\u010de a tane\u010dn\u00edci si dom\u016f odnesli certifik\u00e1t o \u00fasp\u011b\u0161n\u00e9m dokon\u010den\u00ed kurzu.<\/p>\n<p>&#8222;V na\u0161\u00ed \u010dinnosti chceme oslovit co nejv\u00edce lid\u00ed, proto pro n\u00e1s byla nab\u00eddka od \u010cesk\u00e9 abilympijsk\u00e9 asociace velkou v\u00fdzvou a pro n\u00e1s n\u011bco \u00fapln\u011b nov\u00e9ho,&#8220; \u0159ekl Martin Synek, \u0159editel Tane\u010dn\u00ed \u0161koly Emotions dance a dodal: &#8220; Jsme velice r\u00e1di, \u017ee jsme s touhle spolupr\u00e1ci souhlasili, i p\u0159esto, \u017ee jsme nem\u011bli \u017e\u00e1dn\u00e9 zku\u0161enosti s hendikepovan\u00fdmi. U\u017e p\u0159i prvn\u00ed lekci jsme po p\u00e1r minut\u00e1ch zjistili, \u017ee pr\u00e1ce s t\u011bmito lidmi je sice jin\u00e1, ale p\u0159\u00edjemn\u00e1 a lekce s nimi velmi rychle ut\u00edkaj\u00ed. R\u00e1di bychom cht\u011bli s \u010ceskou abilympijskou asociac\u00ed spolupracovat i d\u00e1l a vymyslet dal\u0161\u00ed zaj\u00edmav\u00e9 projekty, ve kter\u00fdch by se mohli jej\u00ed klienti realizovat.&#8220;<\/p>\n<p>Tane\u010dn\u00ed \u0161kola Emotions dance, kter\u00e1 vznikla p\u0159ed dv\u011bma lety, se specializuje na latinsko-americk\u00e9 tance, ale n\u00e1v\u0161t\u011bvn\u00edci se v n\u00ed setkaj\u00ed i s jin\u00fdmi druhy tanc\u016f. V sou\u010dasn\u00e9 dob\u011b m\u00e1 hodiny pro d\u00e1my, pohybovou pr\u016fpravu pro p\u0159ed\u0161kol\u00e1ky a \u0161kol\u00e1ky, tane\u010dn\u00ed pro st\u0159edo\u0161kol\u00e1ky a juniorsk\u00e9 p\u00e1ry, kter\u00e9 p\u0159ipravuje na z\u00e1vodn\u00ed tancov\u00e1n\u00ed.<\/p>\n<p>&#8222;Sna\u017e\u00edme se, aby slu\u017eby na\u0161\u00ed \u0161koly byly co nejkomplexn\u011bj\u0161\u00ed, proto jsme zalo\u017eili i zna\u010dku Emotions Design, pod kterou \u0161ijeme tane\u010dn\u00ed kost\u00fdmy a tr\u00e9ninkov\u00e9 oble\u010den\u00ed,&#8220; up\u0159esnil Martin Synek.<\/p>\n<p>Spokojeni tane\u010dn\u00edci<\/p>\n<p>Z Holic na tane\u010dn\u00ed do Kosatce doj\u00ed\u017ed\u011bl pan Kamil: &#8222;Byl to moc dobr\u00fd n\u00e1pad, tane\u010dn\u00ed se mn\u011b moc l\u00edbily. Byli jsme parta lid\u00ed, kter\u00e1 je na jedn\u00e9 lodi a m\u00e1 si co \u0159\u00edct. Nikdo nikoho nepozoruje, nikdo se t\u00edm p\u00e1dem nestyd\u00ed. Osobn\u011b jsem se l\u00edp c\u00edtil p\u0159i standardn\u00edch tanc\u00edch, ale jsem r\u00e1d, \u017ee jsem mohl vyzkou\u0161et i ty latinskoamerick\u00e9. Do n\u00e1pln\u011b kurzu dob\u0159e zapadly i z\u00e1klady spole\u010densk\u00e9ho chov\u00e1n\u00ed.&#8220;<\/p>\n<p>K zaj\u00edmav\u00e9mu momentu do\u0161lo p\u0159i prvn\u00ed hodin\u011b, kdy Martina z Opo\u010dinku, kter\u00e1 skon\u010dila na voz\u00ed\u010dku po \u00farazu, \u0159ekla sv\u00e9mu tat\u00ednkovi, \u017ee pokud si mysl\u00ed, \u017ee bude tane\u010dn\u00ed absolvovat jenom na voz\u00edku, tak se hrozn\u011b m\u00fdl\u00ed. A hned p\u0159i \u00favodn\u00edch t\u00f3nech doprovodn\u00e9 hudby se zvedla a dv\u011b hodiny s n\u00edm protan\u010dila p\u011bkn\u011b po sv\u00fdch, stejn\u011b jako p\u0159i v\u0161ech dal\u0161\u00edch lekc\u00edch. &#8222;Samoz\u0159ejm\u011b, \u017ee to nen\u00ed jednoduch\u00e9, ale \u0159ekla jsem si, \u017ee to zkus\u00edm a v\u0161echny lekce vydr\u017e\u00edm. P\u0159ed \u00farazem jsem tancovala, tak\u017ee tyhle pravideln\u00e9 hodiny v Kosatci pro m\u011b byly hodn\u011b cenn\u00e9 a p\u0159\u00edjemn\u00e9. Tanec se mn\u011b moc l\u00edb\u00ed, bav\u00ed m\u011b standard i latina. R\u00e1da se d\u00edv\u00e1m na sobotn\u00ed televizn\u00ed StarDance a my jsme svoje StarDance m\u011bli ka\u017edou st\u0159edu v Kosatci.&#8220;<\/p>\n<p>Jej\u00ed tat\u00ednek Martin a z\u00e1rove\u0148 tane\u010dn\u00ed partner dodal: &#8222;V\u0161echny tane\u010dn\u00ed hodiny jsme si moc u\u017e\u00edvali, byl to v\u00fdborn\u00fd n\u00e1pad. V\u0161em, kte\u0159\u00ed se o n\u011bj zaslou\u017eili a lidem s posti\u017een\u00edm umo\u017enili za\u017e\u00edt p\u0159\u00edjemn\u00e9 chvilky v p\u0159\u00edjemn\u00e9 atmosf\u00e9\u0159e, bych r\u00e1d jako otec posti\u017een\u00e9 dcery moc pod\u011bkoval. Bylo to mnohdy lep\u0161\u00ed relaxa\u010dn\u00ed cvi\u010den\u00ed ne\u017e n\u011bkdy \u00famorn\u00e1 a nep\u0159\u00edjemn\u00e1 d\u0159ina p\u0159i b\u011b\u017en\u00e9 rehabilitaci.&#8220;<\/p>\n<p>Pardubick\u00fd den\u00edk<br \/>\n<a href=\"http:\/\/pardubicky.denik.cz\/\">http:\/\/pardubicky.denik.cz\/<\/a><\/p>\n","protected":false},"excerpt":{"rendered":"<div class=\"mh-excerpt\"><p>Po\u010din \u010cesk\u00e9 abilympijsk\u00e9 asociace a Emotions dance zaslou\u017e\u00ed obdiv a uzn\u00e1n\u00ed.<\/p>\n<\/div>","protected":false},"author":1,"featured_media":0,"comment_status":"open","ping_status":"closed","sticky":false,"template":"","format":"standard","meta":{"footnotes":""},"categories":[9],"tags":[],"class_list":["post-23870","post","type-post","status-publish","format-standard","hentry","category-zpravy"],"_links":{"self":[{"href":"https:\/\/www.invarena.cz\/index.php?rest_route=\/wp\/v2\/posts\/23870","targetHints":{"allow":["GET"]}}],"collection":[{"href":"https:\/\/www.invarena.cz\/index.php?rest_route=\/wp\/v2\/posts"}],"about":[{"href":"https:\/\/www.invarena.cz\/index.php?rest_route=\/wp\/v2\/types\/post"}],"author":[{"embeddable":true,"href":"https:\/\/www.invarena.cz\/index.php?rest_route=\/wp\/v2\/users\/1"}],"replies":[{"embeddable":true,"href":"https:\/\/www.invarena.cz\/index.php?rest_route=%2Fwp%2Fv2%2Fcomments&post=23870"}],"version-history":[{"count":0,"href":"https:\/\/www.invarena.cz\/index.php?rest_route=\/wp\/v2\/posts\/23870\/revisions"}],"wp:attachment":[{"href":"https:\/\/www.invarena.cz\/index.php?rest_route=%2Fwp%2Fv2%2Fmedia&parent=23870"}],"wp:term":[{"taxonomy":"category","embeddable":true,"href":"https:\/\/www.invarena.cz\/index.php?rest_route=%2Fwp%2Fv2%2Fcategories&post=23870"},{"taxonomy":"post_tag","embeddable":true,"href":"https:\/\/www.invarena.cz\/index.php?rest_route=%2Fwp%2Fv2%2Ftags&post=23870"}],"curies":[{"name":"wp","href":"https:\/\/api.w.org\/{rel}","templated":true}]}}