{"id":23873,"date":"2015-12-23T17:57:47","date_gmt":"2015-12-23T16:57:47","guid":{"rendered":"http:\/\/www.invarena.cz\/?p=23873"},"modified":"2015-12-23T17:57:47","modified_gmt":"2015-12-23T16:57:47","slug":"nejhorsi-vzdy-byl-navrat-z-lecebny-rika-schizofrenik","status":"publish","type":"post","link":"https:\/\/www.invarena.cz\/?p=23873","title":{"rendered":"Nejhor\u0161\u00ed v\u017edy byl n\u00e1vrat z l\u00e9\u010debny, \u0159\u00edk\u00e1 schizofrenik"},"content":{"rendered":"<p><strong>Pod siln\u00fdmi ti\u0161\u00edc\u00edmi l\u00e9ky a p\u0159\u00edsn\u00fdm dohledem v l\u00e9\u010debn\u011b a pak bez pomoci ze dne na den naplno zp\u00e1tky v b\u011b\u017en\u00e9m \u017eivot\u011b. <\/strong><!--more--><\/p>\n<p>foto: MorgueFile<\/p>\n<p>Tak Pr\u00e1vu popsal sv\u00e9 zku\u0161enosti s l\u00e9\u010dbou psychiatrick\u00fdch pacient\u016f 46let\u00fd paranoidn\u00ed schizofrenik. \u0158\u00edkejme mu t\u0159eba pan Jarom\u00edr.<br \/>\nP\u0159\u00edstup v\u016f\u010di v\u00e1\u017en\u011b du\u0161evn\u011b nemocn\u00fdm pacient\u016fm se te\u010f d\u00edky sv\u00fdm osobn\u00edm z\u00e1\u017eitk\u016fm sna\u017e\u00ed zm\u011bnit. Jako \u010dlen sdru\u017een\u00ed Fokus, v\u011bnuj\u00edc\u00ed se lidem s du\u0161evn\u00ed poruchou, se zasadil o vznik prvn\u00edho Centra du\u0161evn\u00edho zdrav\u00ed v Praze.<br \/>\nTo je p\u0159estupn\u00ed stanic\u00ed mezi \u00fastavn\u00ed l\u00e9\u010dbou a tradi\u010dn\u00ed ambulantn\u00ed p\u00e9\u010d\u00ed. Dosud pacient bez v\u011bt\u0161\u00ed kontroly a pomoci jen dobrovoln\u011b doch\u00e1zel jednou za \u010das ke sv\u00e9mu o\u0161et\u0159uj\u00edc\u00edmu psychia -trovi.<br \/>\nPan Jarom\u00edr m\u00e1 kv\u016fli sv\u00e9 nemoci za sebou p\u011bt hospitalizac\u00ed v psychiatrick\u00e9 l\u00e9\u010debn\u011b, naposledy v roce 2013.<br \/>\nJen jednou se tam vr\u00e1til dobrovoln\u011b. &#8222;\u017d\u00e1dn\u00e1 zku\u0161ebn\u00ed vych\u00e1zka, abych se t\u0159eba zkusil proj\u00edt dom\u016f, jak to tam vypad\u00e1,&#8220; vzpom\u00edn\u00e1 na dobu, kdy musel l\u00e9\u010debnu po hospitalizaci opustit.<br \/>\nB\u011bhem pobytu tzv. venku se mu poda\u0159ilo sehnat pr\u00e1ci v turistick\u00e9m ruchu.<br \/>\nOv\u0161em p\u0159es zimu, kdy pr\u00e1ce nebyla, se zav\u00edral ve sv\u00e9m byt\u011b a jeho du\u0161evn\u00ed porucha propukla nanovo.<br \/>\nPan Jarom\u00edr je dnes v invalidn\u00edm d\u016fchodu a pracuje jako tzv. peer pracovn\u00edk. Tedy jako \u010dlov\u011bk, kter\u00fd se s ostatn\u00edmi d\u011bl\u00ed o sv\u00e9 vlastn\u00ed zku\u0161enosti. <\/p>\n<p>Nemocn\u00ed se pr\u00fd l\u00e9\u010deben boj\u00ed <\/p>\n<p>Jedn\u00edm z velk\u00fdch ne\u0161var\u016f l\u00e9\u010dby psychiatrick\u00fdch nemocn\u00fdch je podle n\u011bj nedostate\u010dn\u00e1 komunikace s pacienty a odlid\u0161t\u011bn\u00ed person\u00e1lu. Situace by se podle jeho slov m\u011bla zm\u011bnit.<br \/>\n&#8222;Ud\u011blali jsme si na odd\u011blen\u00ed anketu, kdo je nejlep\u0161\u00edm terapeutem, a vyhr\u00e1la to ukrajinsk\u00e1 ukl\u00edze\u010dka, proto\u017ee ta jedin\u00e1 si s n\u00e1mi pov\u00eddala,&#8220; dodal.<br \/>\nNedostatek d\u016fv\u011bry a \u0161patn\u00e9 z\u00e1\u017eitky z l\u00e9\u010debny p\u0159itom podle n\u011bj mohou m\u00edt a\u017e fat\u00e1ln\u00ed dopad.<br \/>\n&#8222;V Otrokovic\u00edch byl p\u0159\u00edpad, kdy \u010dlov\u011bk vzal na policisty, kte\u0159\u00ed ho cht\u011bli odv\u00e9zt do nemocnice, sekeru a oni ho zast\u0159elili,&#8220; uvedl Jarom\u00edr.<br \/>\nDal\u0161\u00edm p\u0159\u00edkladem je schizofreni\u010dka Barbora Orlov\u00e1, kter\u00e1 p\u0159ed rokem zabila studenta ve \u017d\u010f\u00e1ru nad S\u00e1zavou.<br \/>\nTa zhor\u0161en\u00ed sv\u00e9ho du\u0161evn\u00edho stavu p\u0159ed ostatn\u00edmi tajila, a\u017e nakonec v jeho d\u016fsledku do\u0161lo k trag\u00e9dii.<br \/>\nSdru\u017een\u00ed Fokus a Psychiatrick\u00e1 nemocnice v Praze-Bohnic\u00edch p\u0159ed m\u011bs\u00edcem zah\u00e1jily provoz centra, kter\u00e9 propu\u0161t\u011bn\u00fdm pacient\u016fm pom\u00e1h\u00e1 s \u0159e\u0161en\u00edm probl\u00e9m\u016f na \u00fa\u0159adech nebo p\u0159i n\u00e1v\u0161t\u011bv\u011b praktick\u00e9ho l\u00e9ka\u0159e. P\u0159\u00edpadn\u011b poskytuje terapii v komunit\u011b.<br \/>\nPodle prim\u00e1\u0159e Psychiatrick\u00e9 nemocnice v Bohnic\u00edch Martina Holl\u00e9ho m\u00e1 zdravotnick\u00fd t\u00fdm v datab\u00e1zi asi dv\u011b st\u011b lid\u00ed.<\/p>\n<p>Pr\u00e1vo<\/p>\n","protected":false},"excerpt":{"rendered":"<div class=\"mh-excerpt\"><p>Pod siln\u00fdmi ti\u0161\u00edc\u00edmi l\u00e9ky a p\u0159\u00edsn\u00fdm dohledem v l\u00e9\u010debn\u011b a pak bez pomoci ze dne na den naplno zp\u00e1tky v b\u011b\u017en\u00e9m \u017eivot\u011b.<\/p>\n<\/div>","protected":false},"author":1,"featured_media":21147,"comment_status":"open","ping_status":"closed","sticky":false,"template":"","format":"standard","meta":{"footnotes":""},"categories":[9],"tags":[],"class_list":["post-23873","post","type-post","status-publish","format-standard","has-post-thumbnail","hentry","category-zpravy"],"_links":{"self":[{"href":"https:\/\/www.invarena.cz\/index.php?rest_route=\/wp\/v2\/posts\/23873","targetHints":{"allow":["GET"]}}],"collection":[{"href":"https:\/\/www.invarena.cz\/index.php?rest_route=\/wp\/v2\/posts"}],"about":[{"href":"https:\/\/www.invarena.cz\/index.php?rest_route=\/wp\/v2\/types\/post"}],"author":[{"embeddable":true,"href":"https:\/\/www.invarena.cz\/index.php?rest_route=\/wp\/v2\/users\/1"}],"replies":[{"embeddable":true,"href":"https:\/\/www.invarena.cz\/index.php?rest_route=%2Fwp%2Fv2%2Fcomments&post=23873"}],"version-history":[{"count":0,"href":"https:\/\/www.invarena.cz\/index.php?rest_route=\/wp\/v2\/posts\/23873\/revisions"}],"wp:featuredmedia":[{"embeddable":true,"href":"https:\/\/www.invarena.cz\/index.php?rest_route=\/wp\/v2\/media\/21147"}],"wp:attachment":[{"href":"https:\/\/www.invarena.cz\/index.php?rest_route=%2Fwp%2Fv2%2Fmedia&parent=23873"}],"wp:term":[{"taxonomy":"category","embeddable":true,"href":"https:\/\/www.invarena.cz\/index.php?rest_route=%2Fwp%2Fv2%2Fcategories&post=23873"},{"taxonomy":"post_tag","embeddable":true,"href":"https:\/\/www.invarena.cz\/index.php?rest_route=%2Fwp%2Fv2%2Ftags&post=23873"}],"curies":[{"name":"wp","href":"https:\/\/api.w.org\/{rel}","templated":true}]}}