{"id":23923,"date":"2015-12-21T08:09:35","date_gmt":"2015-12-21T07:09:35","guid":{"rendered":"http:\/\/www.invarena.cz\/?p=23923"},"modified":"2015-12-21T08:09:35","modified_gmt":"2015-12-21T07:09:35","slug":"domov-se-zvlastnim-rezimem-v-chrudimi-prijal-prvni-klienty","status":"publish","type":"post","link":"https:\/\/www.invarena.cz\/?p=23923","title":{"rendered":"Domov se zvl\u00e1\u0161tn\u00edm re\u017eimem v Chrudimi p\u0159ijal prvn\u00ed klienty"},"content":{"rendered":"<p><strong>Specializovan\u00e9 za\u0159\u00edzen\u00ed pro seniory v nov\u011b opraven\u00e9 budov\u011b b\u00fdval\u00e9 l\u00e9\u010debny dlouhodob\u011b nemocn\u00fdch v Chrudimi u\u017e p\u0159ijalo prvn\u00edch \u0161est klient\u016f trp\u00edc\u00ed Alzheimerovou chorobu. <\/strong><!--more--><\/p>\n<p>foto. K. Kendall \/ Flickr.com<\/p>\n<p>Ti ned\u00e1vno museli opustit Centrum spokojen\u00e9ho st\u00e1\u0159\u00ed pro lidi s demenc\u00ed, kter\u00e9 provozovaly L\u00e9\u010debn\u00e9 l\u00e1zn\u011b Bohdane\u010d, pro poskytov\u00e1n\u00ed slu\u017eby v\u0161ak nem\u011bly dostatek kvalifikovan\u00e9ho person\u00e1lu. Cel\u00e9 za\u0159\u00edzen\u00ed bude slavnostn\u011b otev\u0159eno v lednu p\u0159\u00ed\u0161t\u00edho roku, \u0159ekl \u010cTK \u0159editel Senior rezidence Chrudim Marek B\u00ed\u0161ko.<\/p>\n<p>&#8222;Kolaudaci ji\u017e m\u00e1me za sebou, bez toho bychom nez\u00edskali registraci soci\u00e1ln\u00ed slu\u017eby. Chceme jen je\u0161t\u011b doladit n\u011bkter\u00e9 interi\u00e9ry,&#8220; uvedl B\u00ed\u0161ko.<\/p>\n<p>Domov se zvl\u00e1\u0161tn\u00edm re\u017eimem bude m\u00edt 94 l\u016f\u017eek. Je ur\u010den\u00fd pro seniory s v\u011bt\u0161\u00edmi n\u00e1roky na pe\u010dovatelsk\u00e9 a o\u0161et\u0159ovatelsk\u00e9 slu\u017eby. Sou\u010d\u00e1st\u00ed je tak\u00e9 p\u00e9\u010de o seniory trp\u00edc\u00ed Alzheimerovou chorobu \u010di jinou formou sta\u0159eck\u00e9 demence. Podle B\u00ed\u0161ka je z\u00e1jem o nov\u00e9 za\u0159\u00edzen\u00ed zna\u010dn\u00fd.<\/p>\n<p>V budov\u011b je dev\u011bt samostatn\u00fdch dom\u00e1cnost\u00ed po \u010dty\u0159ech pokoj\u00edch, v ka\u017ed\u00e9 bude bydlet deset \u010di 12 klient\u016f. M\u011bs\u00ed\u010dn\u011b budou platit od 4000 do 7000 korun, dal\u0161\u00ed \u010d\u00e1st hrad\u00ed zdravotn\u00ed poji\u0161\u0165ovny.<\/p>\n<p>Domov s n\u00e1zvem Senior rezidence Chrudim provozuje spole\u010dnost Senior holding. Za n\u00ed st\u00e1la p\u016fvodn\u011b rakousk\u00e1 firma Senecura, kter\u00e1 p\u0159ed \u010dasem splynula s francouzskou spole\u010dnost\u00ed Orpea.<\/p>\n<p>Domov vznikl v architektonicky zaj\u00edmav\u00e9 budov\u011b s pozdn\u011b rondokubistickou plastickou fas\u00e1dou s p\u016flkruhov\u00fdm vstupem. Pardubick\u00fd kraj, kter\u00fd ji vlastnil, ji cht\u011bl p\u016fvodn\u011b zbourat a na jej\u00edm m\u00edst\u011b postavit depozit\u00e1\u0159 pro Region\u00e1ln\u00ed muzeum. Nakonec ale objekt n\u011bkdej\u0161\u00edho v\u00fdzkumn\u00e9ho \u00fastavu prodal.<\/p>\n<p>V Pardubick\u00e9m kraji po zru\u0161en\u00ed bohdane\u010dsk\u00e9ho centra existuje krom\u011b chrudimsk\u00e9ho deset domov\u016f se zvl\u00e1\u0161tn\u00edm re\u017eimem, je\u017e pe\u010duj\u00ed o lidi s Alzheimerovou chorobou a dal\u0161\u00edmi typy demenc\u00ed. Poskytuj\u00ed okolo tis\u00edcovky l\u016f\u017eek.<\/p>\n","protected":false},"excerpt":{"rendered":"<div class=\"mh-excerpt\"><p>Specializovan\u00e9 za\u0159\u00edzen\u00ed pro seniory v nov\u011b opraven\u00e9 budov\u011b b\u00fdval\u00e9 l\u00e9\u010debny dlouhodob\u011b nemocn\u00fdch v Chrudimi u\u017e p\u0159ijalo prvn\u00edch \u0161est klient\u016f trp\u00edc\u00ed Alzheimerovou chorobu.<\/p>\n<\/div>","protected":false},"author":1,"featured_media":21033,"comment_status":"open","ping_status":"closed","sticky":false,"template":"","format":"standard","meta":{"footnotes":""},"categories":[7],"tags":[],"class_list":["post-23923","post","type-post","status-publish","format-standard","has-post-thumbnail","hentry","category-spolecnost"],"_links":{"self":[{"href":"https:\/\/www.invarena.cz\/index.php?rest_route=\/wp\/v2\/posts\/23923","targetHints":{"allow":["GET"]}}],"collection":[{"href":"https:\/\/www.invarena.cz\/index.php?rest_route=\/wp\/v2\/posts"}],"about":[{"href":"https:\/\/www.invarena.cz\/index.php?rest_route=\/wp\/v2\/types\/post"}],"author":[{"embeddable":true,"href":"https:\/\/www.invarena.cz\/index.php?rest_route=\/wp\/v2\/users\/1"}],"replies":[{"embeddable":true,"href":"https:\/\/www.invarena.cz\/index.php?rest_route=%2Fwp%2Fv2%2Fcomments&post=23923"}],"version-history":[{"count":0,"href":"https:\/\/www.invarena.cz\/index.php?rest_route=\/wp\/v2\/posts\/23923\/revisions"}],"wp:featuredmedia":[{"embeddable":true,"href":"https:\/\/www.invarena.cz\/index.php?rest_route=\/wp\/v2\/media\/21033"}],"wp:attachment":[{"href":"https:\/\/www.invarena.cz\/index.php?rest_route=%2Fwp%2Fv2%2Fmedia&parent=23923"}],"wp:term":[{"taxonomy":"category","embeddable":true,"href":"https:\/\/www.invarena.cz\/index.php?rest_route=%2Fwp%2Fv2%2Fcategories&post=23923"},{"taxonomy":"post_tag","embeddable":true,"href":"https:\/\/www.invarena.cz\/index.php?rest_route=%2Fwp%2Fv2%2Ftags&post=23923"}],"curies":[{"name":"wp","href":"https:\/\/api.w.org\/{rel}","templated":true}]}}