{"id":23928,"date":"2015-12-22T09:36:08","date_gmt":"2015-12-22T08:36:08","guid":{"rendered":"http:\/\/www.invarena.cz\/?p=23928"},"modified":"2015-12-22T09:36:08","modified_gmt":"2015-12-22T08:36:08","slug":"pocet-novych-pripadu-hiv-rekordni","status":"publish","type":"post","link":"https:\/\/www.invarena.cz\/?p=23928","title":{"rendered":"Po\u010det nov\u00fdch p\u0159\u00edpad\u016f HIV rekordn\u00ed"},"content":{"rendered":"<div class=\"contentHeader\">\u00a0L\u00e9ka\u0159i v \u010cesku evidovali letos od ledna do konce listopadu 242 nov\u00fdch naka\u017een\u00fdch virem HIV. Je to o sedm v\u00edc ne\u017e za cel\u00fd rok 2013, kdy byl po\u010det nov\u00fdch p\u0159\u00edpad\u016f rekordn\u00ed.<\/div>\n<p><!--more--><\/p>\n<div class=\"contentHeader\">V leto\u0161n\u00edm roce p\u0159ibylo 27 pacient\u016f s AIDS. Sedm lid\u00ed na tuto nemoc selh\u00e1n\u00ed imunity zem\u0159elo. \u010cTK \u00fadaje poskytla n\u00e1rodn\u00ed referen\u010dn\u00ed laborato\u0159 pro HIV\/AIDS St\u00e1tn\u00edho zdravotn\u00edho \u00fastavu.<\/div>\n<div class=\"rows\">\n<div class=\"leftCol\">\n<div id=\"textNews\" class=\"text\">\n<p>Od po\u010d\u00e1tku sledov\u00e1n\u00ed za bezm\u00e1la t\u0159i desetilet\u00ed experti v \u010cR zaznamenali celkem 2596 infikovan\u00fdch &#8211; 2197 mu\u017e\u016f a 399 \u017een. Nemoc AIDS se rozvinula u 455 lid\u00ed, zem\u0159elo 234 osob.<\/p>\n<p>Podle odborn\u00edk\u016f je r\u016fst po\u010dtu naka\u017een\u00fdch v posledn\u00edch letech varovn\u00fd. Z\u00e1stupci neziskov\u00fdch organizac\u00ed i l\u00e9ka\u0159i poukazuj\u00ed na to, \u017ee strach z nemoci opadl, lid\u00e9 se p\u0159ed n\u00ed p\u0159est\u00e1vaj\u00ed chr\u00e1nit a spol\u00e9haj\u00ed tak\u00e9 na modern\u00ed l\u00e9\u010dbu. D\u00edky n\u00ed mohou nemocn\u00ed \u017e\u00edt v\u00fdrazn\u011b d\u00e9le. Dokto\u0159i ale zd\u016fraz\u0148uj\u00ed, \u017ee i kdy\u017e terapie m\u00e1 m\u00e9n\u011b vedlej\u0161\u00edch \u00fa\u010dink\u016f ne\u017e d\u0159\u00edv, p\u0159esto je st\u00e1le velmi nep\u0159\u00edjemn\u00e1 a chorobu nevyl\u00e9\u010d\u00ed.<\/p>\n<p>Loni l\u00e9ka\u0159i evidovali celkem 232 a p\u0159edloni 235 nov\u00fdch p\u0159\u00edpad\u016f n\u00e1kazy virem HIV. V roce 2012 jich bylo 212. V roce 2011 laborato\u0159 zaznamenala 153 nov\u00fdch infikovan\u00fdch, v roce 2010 jich bylo 180, v roce 2009 pak 156 a v roce 2008 dohromady 148.<\/p>\n<p>Letos v listopadu zdravotn\u00edci provedli bezm\u00e1la 103.000 test\u016f. Z nich 74.000 ud\u011blali d\u00e1rc\u016fm krve, org\u00e1n\u016f a tk\u00e1n\u00ed. T\u011bhotn\u00e9 \u017eeny podstoupily 11.000 kontrol. Na vlastn\u00ed \u017e\u00e1dost se nechalo vy\u0161et\u0159it zhruba 2100 lid\u00ed. N\u00e1kaza se potvrdila u 26 mu\u017e\u016f a t\u0159\u00ed \u017een.<\/p>\n<p>Vir HIV napad\u00e1 lymfocyty v krvi a ve st\u0159ev\u011b, kter\u00e9 jsou nezbytn\u00e9 pro imunitu. Jejich mno\u017estv\u00ed po naka\u017een\u00ed do zhruba \u0161esti t\u00fddn\u016f prudce klesne. Pak se propad zastav\u00ed a situace se zlep\u0161\u00ed. Postupn\u011b ale znovu ub\u00fdvaj\u00ed, co\u017e m\u016f\u017ee trvat i osm let. Po nich obvykle nemoc AIDS propuk\u00e1. Bez l\u00e9\u010dby nemocn\u00ed do n\u011bkolika let um\u00edraj\u00ed.<\/p>\n<p>\u010cesko pat\u0159\u00ed ve sv\u011bt\u011b i v Evrop\u011b k zem\u00edm s mal\u00fdm v\u00fdskytem infekce. Kv\u016fli v\u00fdvoji situace v posledn\u00edch letech nepat\u0159\u00ed u\u017e do skupiny zem\u00ed s nejni\u017e\u0161\u00edmi hodnotami, p\u0159esunulo se mezi v\u00edc zasa\u017een\u00e9 st\u00e1ty.<\/p>\n<\/div>\n<\/div>\n<\/div>\n","protected":false},"excerpt":{"rendered":"<div class=\"mh-excerpt\"><p>\u00a0L\u00e9ka\u0159i v \u010cesku evidovali letos od ledna do konce listopadu 242 nov\u00fdch naka\u017een\u00fdch virem HIV. Je to o sedm v\u00edc ne\u017e za cel\u00fd rok 2013, <a class=\"mh-excerpt-more\" href=\"https:\/\/www.invarena.cz\/?p=23928\" title=\"Po\u010det nov\u00fdch p\u0159\u00edpad\u016f HIV rekordn\u00ed\">[&#8230;]<\/a><\/p>\n<\/div>","protected":false},"author":1,"featured_media":0,"comment_status":"open","ping_status":"closed","sticky":false,"template":"","format":"standard","meta":{"footnotes":""},"categories":[9],"tags":[],"class_list":["post-23928","post","type-post","status-publish","format-standard","hentry","category-zpravy"],"_links":{"self":[{"href":"https:\/\/www.invarena.cz\/index.php?rest_route=\/wp\/v2\/posts\/23928","targetHints":{"allow":["GET"]}}],"collection":[{"href":"https:\/\/www.invarena.cz\/index.php?rest_route=\/wp\/v2\/posts"}],"about":[{"href":"https:\/\/www.invarena.cz\/index.php?rest_route=\/wp\/v2\/types\/post"}],"author":[{"embeddable":true,"href":"https:\/\/www.invarena.cz\/index.php?rest_route=\/wp\/v2\/users\/1"}],"replies":[{"embeddable":true,"href":"https:\/\/www.invarena.cz\/index.php?rest_route=%2Fwp%2Fv2%2Fcomments&post=23928"}],"version-history":[{"count":0,"href":"https:\/\/www.invarena.cz\/index.php?rest_route=\/wp\/v2\/posts\/23928\/revisions"}],"wp:attachment":[{"href":"https:\/\/www.invarena.cz\/index.php?rest_route=%2Fwp%2Fv2%2Fmedia&parent=23928"}],"wp:term":[{"taxonomy":"category","embeddable":true,"href":"https:\/\/www.invarena.cz\/index.php?rest_route=%2Fwp%2Fv2%2Fcategories&post=23928"},{"taxonomy":"post_tag","embeddable":true,"href":"https:\/\/www.invarena.cz\/index.php?rest_route=%2Fwp%2Fv2%2Ftags&post=23928"}],"curies":[{"name":"wp","href":"https:\/\/api.w.org\/{rel}","templated":true}]}}