{"id":23930,"date":"2015-12-21T08:51:37","date_gmt":"2015-12-21T07:51:37","guid":{"rendered":"http:\/\/www.invarena.cz\/?p=23930"},"modified":"2015-12-21T08:53:03","modified_gmt":"2015-12-21T07:53:03","slug":"nemecky-vedec-pry-nasel-dukaz-ze-hitler-mel-jen-jedno-varle","status":"publish","type":"post","link":"https:\/\/www.invarena.cz\/?p=23930","title":{"rendered":"N\u011bmeck\u00fd v\u011bdec pr\u00fd na\u0161el d\u016fkaz, \u017ee Hitler m\u011bl jen jedno varle"},"content":{"rendered":"<p><strong>Legenda o tom, \u017ee nacistick\u00fd v\u016fdce Adolf Hitler m\u011bl jen jedno varle, m\u00e1 faktick\u00fd z\u00e1klad.<\/strong><!--more--><\/p>\n<p>Tvrd\u00ed to n\u011bmeck\u00fd v\u011bdec, kter\u00fd v archivech objevil l\u00e9ka\u0159skou zpr\u00e1vu potvrzuj\u00edc\u00ed Hitlerovu t\u011blesnou anom\u00e1lii. Napsal to list <span class=\"linkTagNoBg\"><a href=\"http:\/\/www.telegraph.co.uk\/news\/worldnews\/europe\/germany\/12058755\/Adolf-Hitler-really-did-have-only-one-testicle-according-to-new-medical-report.html\" target=\"_blank\">The Daily Telegraph<\/a><\/span>.<\/p>\n<div class=\"rows\">\n<div class=\"leftCol\">\n<div id=\"textNews\" class=\"text\">\n<p>Profesor Peter Fleischmann z norimbersk\u00e9 univerzity se dostal ke zpr\u00e1v\u011b o Hitlerov\u011b vy\u0161et\u0159en\u00ed z roku 1923. Tu sepsal l\u00e9ka\u0159 ve v\u011bznici, kam byl budouc\u00ed dikt\u00e1tor um\u00edst\u011bn po ne\u00fasp\u011b\u0161n\u00e9m pokusu o pu\u010d v Mnichov\u011b. Hitler byl podle hodnocen\u00ed l\u00e9ka\u0159e Josefa Steinera Brina &#8222;zdrav\u00fd a siln\u00fd&#8220;, av\u0161ak trp\u011bl &#8222;pravostrann\u00fdm kryptorchidismem&#8220;.<\/p>\n<p>Tato v\u00fdvojov\u00e1 porucha znamen\u00e1, \u017ee jedinci b\u011bhem jeho rann\u00e9ho v\u00fdvoje nesestoupilo varle do \u0161ourku. &#8222;Varle bylo z\u0159ejm\u011b nevyvinut\u00e9,&#8220; uvedl nyn\u00ed Fleischmann.<\/p>\n<p>Vada Hitlerova pohlavn\u00edho org\u00e1nu byla p\u0159edm\u011btem \u0159ady spekulac\u00ed, Britov\u00e9 za druh\u00e9 sv\u011btov\u00e9 v\u00e1lky slo\u017eili na toto t\u00e9ma o nep\u0159\u00e1telsk\u00e9m v\u016fdci posm\u011b\u0161nou p\u00edse\u0148. Nejroz\u0161\u00ed\u0159en\u011bj\u0161\u00ed teorie v\u0161ak tvrdila, \u017ee Hitler p\u0159i\u0161el o varle n\u00e1sledkem zran\u011bn\u00ed z prvn\u00ed sv\u011btov\u00e9 v\u00e1lky. To nov\u011b objeven\u00fd dokument zpochyb\u0148uje.<\/p>\n<p>L\u00e9ka\u0159sk\u00fd z\u00e1znam byl historiky dlouho hled\u00e1n a pova\u017eov\u00e1n za ztracen\u00fd, ne\u017e se p\u0159ed p\u011bti lety objevil v jedn\u00e9 aukci. Tehdy jej okam\u017eit\u011b zabavily bavorsk\u00e9 \u00fa\u0159ady a a\u017e nyn\u00ed byl podrobn\u011b prostudov\u00e1n.<\/p>\n<\/div>\n<\/div>\n<\/div>\n","protected":false},"excerpt":{"rendered":"<div class=\"mh-excerpt\"><p>Legenda o tom, \u017ee nacistick\u00fd v\u016fdce Adolf Hitler m\u011bl jen jedno varle, m\u00e1 faktick\u00fd z\u00e1klad.<\/p>\n<\/div>","protected":false},"author":1,"featured_media":0,"comment_status":"open","ping_status":"closed","sticky":false,"template":"","format":"standard","meta":{"footnotes":""},"categories":[9],"tags":[],"class_list":["post-23930","post","type-post","status-publish","format-standard","hentry","category-zpravy"],"_links":{"self":[{"href":"https:\/\/www.invarena.cz\/index.php?rest_route=\/wp\/v2\/posts\/23930","targetHints":{"allow":["GET"]}}],"collection":[{"href":"https:\/\/www.invarena.cz\/index.php?rest_route=\/wp\/v2\/posts"}],"about":[{"href":"https:\/\/www.invarena.cz\/index.php?rest_route=\/wp\/v2\/types\/post"}],"author":[{"embeddable":true,"href":"https:\/\/www.invarena.cz\/index.php?rest_route=\/wp\/v2\/users\/1"}],"replies":[{"embeddable":true,"href":"https:\/\/www.invarena.cz\/index.php?rest_route=%2Fwp%2Fv2%2Fcomments&post=23930"}],"version-history":[{"count":0,"href":"https:\/\/www.invarena.cz\/index.php?rest_route=\/wp\/v2\/posts\/23930\/revisions"}],"wp:attachment":[{"href":"https:\/\/www.invarena.cz\/index.php?rest_route=%2Fwp%2Fv2%2Fmedia&parent=23930"}],"wp:term":[{"taxonomy":"category","embeddable":true,"href":"https:\/\/www.invarena.cz\/index.php?rest_route=%2Fwp%2Fv2%2Fcategories&post=23930"},{"taxonomy":"post_tag","embeddable":true,"href":"https:\/\/www.invarena.cz\/index.php?rest_route=%2Fwp%2Fv2%2Ftags&post=23930"}],"curies":[{"name":"wp","href":"https:\/\/api.w.org\/{rel}","templated":true}]}}