{"id":23938,"date":"2015-12-23T08:40:38","date_gmt":"2015-12-23T07:40:38","guid":{"rendered":"http:\/\/www.invarena.cz\/?p=23938"},"modified":"2015-12-23T08:40:38","modified_gmt":"2015-12-23T07:40:38","slug":"chystal-atentat-na-prince-charlese-ceka-ho-ustavni-lecba","status":"publish","type":"post","link":"https:\/\/www.invarena.cz\/?p=23938","title":{"rendered":"Chystal atent\u00e1t na prince Charlese, \u010dek\u00e1 ho \u00fastavn\u00ed l\u00e9\u010dba"},"content":{"rendered":"<p>Lond\u00fdnsk\u00fd soud dnes na\u0159\u00eddil psychiatrickou l\u00e9\u010dbu na dobu neur\u010ditou pro 37let\u00e9ho Marka Colborneho, kter\u00e9ho v z\u00e1\u0159\u00ed shledal vinn\u00fdm z p\u0159\u00edpravy teroristick\u00fdch \u00fatok\u016f.<\/p>\n<p><!--more--><\/p>\n<p> Ve sv\u00e9m den\u00edku odsouzen\u00fd psal nap\u0159\u00edklad o \u00favah\u00e1ch na sp\u00e1ch\u00e1n\u00ed atent\u00e1tu na prince Charlese a pod\u00e1v\u00e1n\u00ed jedu &#8222;ne\u00e1rijc\u016fm&#8220;. Podle britsk\u00fdch m\u00e9di\u00ed cht\u011bl &#8222;ry\u0161av\u00fd extremista&#8220; Colborne zast\u0159elit prince Charlese, aby uvolnil cestu na tr\u016fn princi Harrymu, kter\u00fd m\u00e1 stejn\u011b jako odsouzen\u00fd zrzav\u00e9 vlasy.<\/p>\n<p>Colborne se podle prokuratury p\u0159irovn\u00e1val k norsk\u00e9mu masov\u00e9mu vrahovi Andersi Breivikovi, kter\u00fd v roce 2011 v Norsku povra\u017edil 77 osob. Mimo jin\u00e9 pr\u00fd psal o kyanidov\u00e9m \u00fatoku na &#8222;ne\u00e1rijce&#8220; a shroma\u017e\u010foval p\u0159\u00edslu\u0161n\u00e9 chemick\u00e9 l\u00e1tky a knihy o jedech.<\/p>\n<p>&#8222;Chci masov\u00e9 repres\u00e1lie, masov\u00fd atent\u00e1t, kter\u00fd upozorn\u00ed na na\u0161e utrpen\u00ed. A to nejen moje, ale v\u0161ech m\u00fdch brat\u0159\u00ed ve sv\u011bt\u011b. Chci, aby sv\u011bt byl sv\u011bdkem m\u00e9 prom\u011bny z p\u0159edstavitele uboh\u00e9 a u\u0161lap\u00e1van\u00e9 obce zrzav\u00fdch na teroristu,&#8220; napsal podle agentury AFP nap\u0159\u00edklad v den\u00edku.<\/p>\n<p>&#8222;Je to velmi divn\u00fd p\u0159\u00edpad s velmi divn\u00fdm mu\u017eem,&#8220; \u0159ekl p\u0159i vynesen\u00ed rozsudku soudce John Bevan. Colborna podle webu BBC ozna\u010dil za &#8222;zjevn\u011b nebezpe\u010dn\u00e9ho&#8220; mu\u017ee, jeho\u017e &#8222;ohromn\u011b n\u00e1silnick\u00e9 p\u0159edstavy&#8220; vzbuzuj\u00ed v\u00e1\u017en\u00e9 obavy.<\/p>\n<p>Colborne se podle \u017ealobc\u016f c\u00edtil b\u00fdt odcizen\u00fd a odstrkovan\u00fd jako\u017eto mu\u017e b\u00edl\u00e9 pleti s rezav\u00fdmi vlasy. Na svou obhajobu tvrdil, \u017ee jeho pozn\u00e1mky v den\u00edku byly pouh\u00fdmi &#8222;v\u00fdlevy zloby&#8220;, kter\u00e9 \u010dinil pot\u00e9, co p\u0159estal br\u00e1t l\u00e9ky na deprese.<\/p>\n<p>Mu\u017e byl zat\u010den loni v \u010dervnu, ale soud nejd\u0159\u00edve v kv\u011btnu nedosp\u011bl k \u017e\u00e1dn\u00e9mu verdiktu. A\u017e obnoven\u00fd proces vedl v z\u00e1\u0159\u00ed k jeho usv\u011bd\u010den\u00ed z pl\u00e1nov\u00e1n\u00ed teroristick\u00fdch \u010din\u016f.<\/p>\n","protected":false},"excerpt":{"rendered":"<div class=\"mh-excerpt\"><p>Lond\u00fdnsk\u00fd soud dnes na\u0159\u00eddil psychiatrickou l\u00e9\u010dbu na dobu neur\u010ditou pro 37let\u00e9ho Marka Colborneho, kter\u00e9ho v z\u00e1\u0159\u00ed shledal vinn\u00fdm z p\u0159\u00edpravy teroristick\u00fdch \u00fatok\u016f.<\/p>\n<\/div>","protected":false},"author":1,"featured_media":0,"comment_status":"open","ping_status":"closed","sticky":false,"template":"","format":"standard","meta":{"footnotes":""},"categories":[9],"tags":[],"class_list":["post-23938","post","type-post","status-publish","format-standard","hentry","category-zpravy"],"_links":{"self":[{"href":"https:\/\/www.invarena.cz\/index.php?rest_route=\/wp\/v2\/posts\/23938","targetHints":{"allow":["GET"]}}],"collection":[{"href":"https:\/\/www.invarena.cz\/index.php?rest_route=\/wp\/v2\/posts"}],"about":[{"href":"https:\/\/www.invarena.cz\/index.php?rest_route=\/wp\/v2\/types\/post"}],"author":[{"embeddable":true,"href":"https:\/\/www.invarena.cz\/index.php?rest_route=\/wp\/v2\/users\/1"}],"replies":[{"embeddable":true,"href":"https:\/\/www.invarena.cz\/index.php?rest_route=%2Fwp%2Fv2%2Fcomments&post=23938"}],"version-history":[{"count":0,"href":"https:\/\/www.invarena.cz\/index.php?rest_route=\/wp\/v2\/posts\/23938\/revisions"}],"wp:attachment":[{"href":"https:\/\/www.invarena.cz\/index.php?rest_route=%2Fwp%2Fv2%2Fmedia&parent=23938"}],"wp:term":[{"taxonomy":"category","embeddable":true,"href":"https:\/\/www.invarena.cz\/index.php?rest_route=%2Fwp%2Fv2%2Fcategories&post=23938"},{"taxonomy":"post_tag","embeddable":true,"href":"https:\/\/www.invarena.cz\/index.php?rest_route=%2Fwp%2Fv2%2Ftags&post=23938"}],"curies":[{"name":"wp","href":"https:\/\/api.w.org\/{rel}","templated":true}]}}