{"id":23939,"date":"2015-12-23T08:50:31","date_gmt":"2015-12-23T07:50:31","guid":{"rendered":"http:\/\/www.invarena.cz\/?p=23939"},"modified":"2015-12-23T08:50:31","modified_gmt":"2015-12-23T07:50:31","slug":"exprimar-milanske-nemocnice-dostal-za-zbytecne-operace-dozivoti","status":"publish","type":"post","link":"https:\/\/www.invarena.cz\/?p=23939","title":{"rendered":"Exprim\u00e1\u0159 mil\u00e1nsk\u00e9 nemocnice dostal za zbyte\u010dn\u00e9 operace do\u017eivot\u00ed"},"content":{"rendered":"<p>B\u00fdval\u00fd prim\u00e1\u0159 soukrom\u00e9 nemocnice v Mil\u00e1nu, kter\u00e9 se \u0159\u00edkalo &#8222;hororov\u00e1 poliklinika&#8220; kv\u016fli mno\u017estv\u00ed zbyte\u010dn\u00fdch operac\u00ed pro pen\u00edze, z nich\u017e \u0159ada skon\u010dila zmrza\u010den\u00edm i smrt\u00ed pacient\u016f, byl odsouzen k do\u017eivotn\u00edmu v\u011bzen\u00ed.<br \/>\n<!--more--><\/p>\n<p>Odvolac\u00ed soud v Mil\u00e1nu tak potvrdil verdikt, kter\u00fd nad Bregou Massonem vynesl minul\u00fd rok soud prvn\u00ed instance.<\/p>\n<p>Jednoho z prim\u00e1\u0159ov\u00fdch asistent\u016f, kter\u00fd byl p\u016fvodn\u011b odsouzen k 26 let\u016fm odn\u011bt\u00ed svobody, odvolac\u00ed soud ob\u017ealoby zprostil. Druh\u00e9mu asistentovi pak ulo\u017een\u00fd trest zm\u00edrnil, m\u00edsto 30 let str\u00e1v\u00ed v cele 26 let, informovala italsk\u00e1 m\u00e9dia.<\/p>\n<p>Odsouzen\u00ed tak budou potrest\u00e1ni za v\u00e1\u017en\u00e9 t\u011blesn\u00e9 \u00fajmy, kter\u00e9 v nemocnici Santa Rita zp\u016fsobili pacient\u016fm v 86 prok\u00e1zan\u00fdch p\u0159\u00edpadech. \u010cty\u0159i lidi st\u00e1ly jejich z\u00e1kroky \u017eivot. Ziskuchtiv\u00ed l\u00e9ka\u0159i si podle ob\u017ealoby zbyte\u010dn\u00fdmi operacemi nic netu\u0161\u00edc\u00edch pacient\u016f p\u0159i\u0161li na celkem 2,5 milionu eur (t\u00e9m\u011b\u0159 68 milion\u016f korun).<\/p>\n<p>V ob\u017ealob\u011b se nap\u0159\u00edklad uv\u00e1d\u011bl p\u0159\u00edpad dvaa\u010dty\u0159icetilet\u00e9 \u017eeny, kter\u00e9 byl od\u0148at prs kv\u016fli dv\u011bma uzl\u00edk\u016fm, z nich\u017e jeden byl tukov\u00fd. Dal\u0161\u00ed p\u0159\u00edpad se t\u00fdkal osmn\u00e1ctilet\u00e9 d\u00edvky, kter\u00e1 byla podobn\u011b zmrza\u010dena jen proto, aby j\u00ed byl odstran\u011bn nezhoubn\u00fd n\u00e1dor. Mezi posti\u017een\u00e9 pat\u0159il i osmat\u0159icetilet\u00fd mu\u017e se z\u00e1palem plic, kter\u00fd mohl b\u00fdt l\u00e9\u010den dren\u00e1\u017e\u00ed a antibiotiky, ale l\u00e9ka\u0159i mu odoperovali polovinu plic.<\/p>\n","protected":false},"excerpt":{"rendered":"<div class=\"mh-excerpt\"><p>B\u00fdval\u00fd prim\u00e1\u0159 soukrom\u00e9 nemocnice v Mil\u00e1nu, kter\u00e9 se \u0159\u00edkalo &#8222;hororov\u00e1 poliklinika&#8220; kv\u016fli mno\u017estv\u00ed zbyte\u010dn\u00fdch operac\u00ed pro pen\u00edze, z nich\u017e \u0159ada skon\u010dila zmrza\u010den\u00edm i smrt\u00ed pacient\u016f, <a class=\"mh-excerpt-more\" href=\"https:\/\/www.invarena.cz\/?p=23939\" title=\"Exprim\u00e1\u0159 mil\u00e1nsk\u00e9 nemocnice dostal za zbyte\u010dn\u00e9 operace do\u017eivot\u00ed\">[&#8230;]<\/a><\/p>\n<\/div>","protected":false},"author":1,"featured_media":0,"comment_status":"open","ping_status":"closed","sticky":false,"template":"","format":"standard","meta":{"footnotes":""},"categories":[9],"tags":[],"class_list":["post-23939","post","type-post","status-publish","format-standard","hentry","category-zpravy"],"_links":{"self":[{"href":"https:\/\/www.invarena.cz\/index.php?rest_route=\/wp\/v2\/posts\/23939","targetHints":{"allow":["GET"]}}],"collection":[{"href":"https:\/\/www.invarena.cz\/index.php?rest_route=\/wp\/v2\/posts"}],"about":[{"href":"https:\/\/www.invarena.cz\/index.php?rest_route=\/wp\/v2\/types\/post"}],"author":[{"embeddable":true,"href":"https:\/\/www.invarena.cz\/index.php?rest_route=\/wp\/v2\/users\/1"}],"replies":[{"embeddable":true,"href":"https:\/\/www.invarena.cz\/index.php?rest_route=%2Fwp%2Fv2%2Fcomments&post=23939"}],"version-history":[{"count":0,"href":"https:\/\/www.invarena.cz\/index.php?rest_route=\/wp\/v2\/posts\/23939\/revisions"}],"wp:attachment":[{"href":"https:\/\/www.invarena.cz\/index.php?rest_route=%2Fwp%2Fv2%2Fmedia&parent=23939"}],"wp:term":[{"taxonomy":"category","embeddable":true,"href":"https:\/\/www.invarena.cz\/index.php?rest_route=%2Fwp%2Fv2%2Fcategories&post=23939"},{"taxonomy":"post_tag","embeddable":true,"href":"https:\/\/www.invarena.cz\/index.php?rest_route=%2Fwp%2Fv2%2Ftags&post=23939"}],"curies":[{"name":"wp","href":"https:\/\/api.w.org\/{rel}","templated":true}]}}