{"id":23944,"date":"2015-12-25T13:40:48","date_gmt":"2015-12-25T12:40:48","guid":{"rendered":"http:\/\/www.invarena.cz\/?p=23944"},"modified":"2015-12-25T13:40:48","modified_gmt":"2015-12-25T12:40:48","slug":"gott-na-facebooku-popral-priznivcum-krasne-a-klidne-vanoce","status":"publish","type":"post","link":"https:\/\/www.invarena.cz\/?p=23944","title":{"rendered":"Gott na facebooku pop\u0159\u00e1l p\u0159\u00edznivc\u016fm kr\u00e1sn\u00e9 a klidn\u00e9 V\u00e1noce"},"content":{"rendered":"<p>Karel Gott, kter\u00fd kv\u016fli chemoterapii tr\u00e1v\u00ed V\u00e1noce v nemocnici, prost\u0159ednictv\u00edm soci\u00e1ln\u00ed s\u00edt\u011b facebook pozdravil sv\u00e9 p\u0159\u00edznivce a pop\u0159\u00e1l jim kr\u00e1sn\u00e9 a klidn\u00e9 sv\u00e1tky. <!--more--><\/p>\n<p>Jeho man\u017eelka Ivana p\u0159ipojila fotografie po\u0159\u00edzen\u00e9 p\u0159ed n\u011bkolika dny p\u0159i jejich proch\u00e1zce na Kamp\u011b. Nejpopul\u00e1rn\u011bj\u0161\u00ed tuzemsk\u00fd zp\u011bv\u00e1k trp\u00ed zhoubn\u00fdm n\u00e1dorov\u00fdm onemocn\u011bn\u00edm m\u00edzn\u00edch uzlin.<\/p>\n<p>&#8222;Moji mil\u00ed p\u0159\u00edznivci, kte\u0159\u00ed na m\u011b v posledn\u00edch dnech mysl\u00edte. D\u011bkuji v\u00e1m za va\u0161i velkou podporu, p\u0159\u00edze\u0148, p\u0159\u00e1n\u00ed i d\u00e1rky k V\u00e1noc\u016fm. A proto\u017ee je \u0160t\u011bdr\u00fd den, p\u0159eju v\u00e1m kr\u00e1sn\u00e9 pro\u017eit\u00ed sv\u00e1tk\u016f v kruhu nejbli\u017e\u0161\u00edch a u\u017eijte si co nejl\u00e9pe sv\u00e1te\u010dn\u00ed n\u00e1lady,&#8220; vzk\u00e1zal v p\u016flminutov\u00e9 audio nahr\u00e1vce Gott.<\/p>\n<p>Prvn\u00ed chemoterapii Gott absolvoval v listopadu, druhou na p\u0159elomu listopadu a prosince a na t\u0159et\u00ed nastoupil p\u0159ed v\u00e1no\u010dn\u00edmi sv\u00e1tky.<\/p>\n<p>L\u00e9ka\u0159i za\u010d\u00e1tkem listopadu ozn\u00e1mili, \u017ee u Gotta diagnostikovali takzvan\u00fd Non-Hodgkin\u016fv lymfom. Zjistili to p\u0159i operaci n\u00e1hl\u00e9 p\u0159\u00edhody b\u0159i\u0161n\u00ed, kter\u00e9 se zp\u011bv\u00e1k podrobil n\u011bkolik dn\u00ed p\u0159edt\u00edm v Institutu klinick\u00e9 a experiment\u00e1ln\u00ed medic\u00edny. Zp\u011bv\u00e1k ihned zah\u00e1jil c\u00edlenou onkologickou l\u00e9\u010dbu na hematologick\u00e9 klinice V\u0161eobecn\u00e9 fakultn\u00ed nemocnice.<\/p>\n<p>Po\u010d\u00e1tkem prosince v rozhovoru pro n\u011bmeck\u00fd den\u00edk Bild \u0159ekl Gott, \u017ee kv\u016fli terapii n\u011bkdy trp\u00ed bolestmi a za\u010daly mu vypad\u00e1vat vlasy. L\u00e9ka\u0159i mu podle jeho vyj\u00e1d\u0159en\u00ed d\u00e1vaj\u00ed devades\u00e1tiprocentn\u00ed \u0161anci na p\u0159e\u017eit\u00ed, sou\u010dasn\u011b si ale Gott nyn\u00ed u\u017e nedovede p\u0159edstavit, \u017ee by znovu zp\u00edval. &#8222;Moji l\u00e9ka\u0159i mi v\u0161ak sl\u00edbili, \u017ee se mi hlas vr\u00e1t\u00ed stejn\u011b jako ostatn\u00ed \u017eivotn\u00ed s\u00edly. K tomu je ale je\u0161t\u011b dlouh\u00e1 cesta,&#8220; \u0159ekl den\u00edku.<\/p>\n<p>Gott kv\u016fli onemocn\u011bn\u00ed zru\u0161il sv\u00e9 napl\u00e1novan\u00e9 koncerty. Nejslavn\u011bj\u0161\u00ed \u010desk\u00fd zp\u011bv\u00e1k popul\u00e1rn\u00ed hudby se na hudebn\u00ed sc\u00e9n\u011b pohybuje od 50. let.<\/p>\n","protected":false},"excerpt":{"rendered":"<div class=\"mh-excerpt\"><p>Karel Gott, kter\u00fd kv\u016fli chemoterapii tr\u00e1v\u00ed V\u00e1noce v nemocnici, prost\u0159ednictv\u00edm soci\u00e1ln\u00ed s\u00edt\u011b facebook pozdravil sv\u00e9 p\u0159\u00edznivce a pop\u0159\u00e1l jim kr\u00e1sn\u00e9 a klidn\u00e9 sv\u00e1tky.<\/p>\n<\/div>","protected":false},"author":1,"featured_media":0,"comment_status":"open","ping_status":"closed","sticky":false,"template":"","format":"standard","meta":{"footnotes":""},"categories":[9],"tags":[],"class_list":["post-23944","post","type-post","status-publish","format-standard","hentry","category-zpravy"],"_links":{"self":[{"href":"https:\/\/www.invarena.cz\/index.php?rest_route=\/wp\/v2\/posts\/23944","targetHints":{"allow":["GET"]}}],"collection":[{"href":"https:\/\/www.invarena.cz\/index.php?rest_route=\/wp\/v2\/posts"}],"about":[{"href":"https:\/\/www.invarena.cz\/index.php?rest_route=\/wp\/v2\/types\/post"}],"author":[{"embeddable":true,"href":"https:\/\/www.invarena.cz\/index.php?rest_route=\/wp\/v2\/users\/1"}],"replies":[{"embeddable":true,"href":"https:\/\/www.invarena.cz\/index.php?rest_route=%2Fwp%2Fv2%2Fcomments&post=23944"}],"version-history":[{"count":0,"href":"https:\/\/www.invarena.cz\/index.php?rest_route=\/wp\/v2\/posts\/23944\/revisions"}],"wp:attachment":[{"href":"https:\/\/www.invarena.cz\/index.php?rest_route=%2Fwp%2Fv2%2Fmedia&parent=23944"}],"wp:term":[{"taxonomy":"category","embeddable":true,"href":"https:\/\/www.invarena.cz\/index.php?rest_route=%2Fwp%2Fv2%2Fcategories&post=23944"},{"taxonomy":"post_tag","embeddable":true,"href":"https:\/\/www.invarena.cz\/index.php?rest_route=%2Fwp%2Fv2%2Ftags&post=23944"}],"curies":[{"name":"wp","href":"https:\/\/api.w.org\/{rel}","templated":true}]}}