{"id":23945,"date":"2015-12-25T13:47:00","date_gmt":"2015-12-25T12:47:00","guid":{"rendered":"http:\/\/www.invarena.cz\/?p=23945"},"modified":"2015-12-25T13:47:00","modified_gmt":"2015-12-25T12:47:00","slug":"zvedavci-pry-komplikovali-zasah-v-nemocnici-v-saudske-arabii","status":"publish","type":"post","link":"https:\/\/www.invarena.cz\/?p=23945","title":{"rendered":"Zv\u011bdavci pr\u00fd komplikovali z\u00e1sah v nemocnici v Sa\u00fadsk\u00e9 Ar\u00e1bii"},"content":{"rendered":"<p><strong>Sa\u00fadskoarabsk\u00e9 \u00fa\u0159ady dnes obvinily ob\u010dany, \u017ee zkomplikovali z\u00e1chrann\u00e9 pr\u00e1ce p\u0159i \u010dtvrte\u010dn\u00edm po\u017e\u00e1ru v nemocnici na jihu zem\u011b. Uho\u0159elo tam 25 lid\u00ed a p\u0159es 140 bylo zran\u011bno. <\/strong><!--more--><\/p>\n<p>Z\u00e1chrann\u00e9 t\u00fdmy se pr\u00fd nemohly dostat dlouho k pacient\u016fm, proto\u017ee zv\u011bdavci blokovali vstupy. N\u011bkte\u0159\u00ed ze sv\u011bdk\u016f ale tvrd\u00ed, \u017ee vid\u011bli na \u0159et\u011bzy zav\u0159en\u00e9 \u00fanikov\u00e9 v\u00fdchody, tak\u017ee se lid\u00e9 z ho\u0159\u00edc\u00ed budovy nemohly dostat.<\/p>\n<p>Ne\u0161t\u011bst\u00ed se stalo ve m\u011bst\u011b D\u017e\u00e1z\u00e1n, kter\u00e9 je st\u0159ediskem stejnojmenn\u00e9 provincie zem\u011b, kter\u00e1 pat\u0159\u00ed k nejchud\u0161\u00edm. Oblast le\u017e\u00ed nedaleko jemensk\u00e9 hranice a je v posledn\u00edch dnech ter\u010dem raketov\u00fdch \u00fatok\u016f z Jemenu.<\/p>\n<p>Ve \u010dtvrtek za\u010dalo ho\u0159et v nemocnici m\u011bsta D\u017e\u00e1z\u00e1n a po\u017e\u00e1ry zni\u010dily tamn\u00ed jednotku intenzivn\u00ed p\u00e9\u010de a porodn\u00ed odd\u011blen\u00ed. Mezi mrtv\u00fdmi je jedno d\u00edt\u011b.<\/p>\n<p>N\u00e1m\u011bstek guvern\u00e9ra D\u017e\u00e1z\u00e1nu \u0159ekl v rozhovoru s listem A\u0161-\u0160ark al-Avsat, \u017ee z\u00e1chranu pacient\u016f zkomplikovali zv\u011bdavci, kte\u0159\u00ed p\u0159ib\u011bhli k nemocnici. &#8222;Byl tam bohu\u017eel velk\u00fd dav a n\u011bkte\u0159\u00ed lid\u00e9 b\u011b\u017eeli do nemocnice, aby pomohli. Ve skute\u010dnosti ale br\u00e1nili evakuaci a komplikovali pr\u00e1ci z\u00e1chran\u00e1\u0159\u016fm. Pades\u00e1t z t\u011bchto lid\u00ed s zranilo a od\u010derpali tak kapacity zdravotn\u00edk\u016f, kte\u0159\u00ed jim museli pom\u00e1hat,&#8220; \u0159ekl Saad Mukr\u00edn.<\/p>\n<p>U\u017eivatel\u00e9 soci\u00e1ln\u00edch s\u00edt\u00ed ale tvrd\u00ed, \u017ee nemocnice je \u0161patn\u011b zabezpe\u010den\u00e1. Report\u00e9r stanice Al-Arab\u00edja pr\u00fd vid\u011bl na \u0159et\u011bz zav\u0159en\u00e9 \u00fanikov\u00e9 v\u00fdchody. &#8222;Trag\u00e9die v D\u017e\u00e1z\u00e1nu je v\u00fdsledkem velk\u00e9 nedbalosti ministerstva zdravotnictv\u00ed, zejm\u00e9na ministra, veden\u00ed nemocnice, ministerstva vnitra a civiln\u00ed obrany,&#8220; napsal jeden z u\u017eivatel\u016f.<\/p>\n<p>Ministr zdravotnictv\u00ed Ch\u00e1lid F\u00e1lih p\u0159iznal, \u017ee ministerstvo selhalo, ale je pr\u00fd p\u0159ed\u010dasn\u00e9 \u0159\u00edci, kdo je odpov\u011bdn\u00fd. Z\u00e1le\u017eitost se pr\u00fd mus\u00ed vy\u0161et\u0159it. P\u0159\u00ed\u010dina po\u017e\u00e1ru zat\u00edm nebyla stanovena, spekuluje se o poru\u0161e na elektrick\u00e9m veden\u00ed.<\/p>\n<p>Ob\u010dasn\u00e9 ji\u017en\u00edch oblast\u00ed na soci\u00e1ln\u00edch s\u00edt\u00edch tvrd\u00ed, \u017ee Rij\u00e1d dlouhodob\u011b tuto \u010d\u00e1st zem\u011b zanedb\u00e1v\u00e1.<\/p>\n","protected":false},"excerpt":{"rendered":"<div class=\"mh-excerpt\"><p>Sa\u00fadskoarabsk\u00e9 \u00fa\u0159ady dnes obvinily ob\u010dany, \u017ee zkomplikovali z\u00e1chrann\u00e9 pr\u00e1ce p\u0159i \u010dtvrte\u010dn\u00edm po\u017e\u00e1ru v nemocnici na jihu zem\u011b. Uho\u0159elo tam 25 lid\u00ed a p\u0159es 140 bylo <a class=\"mh-excerpt-more\" href=\"https:\/\/www.invarena.cz\/?p=23945\" title=\"Zv\u011bdavci pr\u00fd komplikovali z\u00e1sah v nemocnici v Sa\u00fadsk\u00e9 Ar\u00e1bii\">[&#8230;]<\/a><\/p>\n<\/div>","protected":false},"author":1,"featured_media":6815,"comment_status":"open","ping_status":"closed","sticky":false,"template":"","format":"standard","meta":{"footnotes":""},"categories":[7],"tags":[],"class_list":["post-23945","post","type-post","status-publish","format-standard","has-post-thumbnail","hentry","category-spolecnost"],"_links":{"self":[{"href":"https:\/\/www.invarena.cz\/index.php?rest_route=\/wp\/v2\/posts\/23945","targetHints":{"allow":["GET"]}}],"collection":[{"href":"https:\/\/www.invarena.cz\/index.php?rest_route=\/wp\/v2\/posts"}],"about":[{"href":"https:\/\/www.invarena.cz\/index.php?rest_route=\/wp\/v2\/types\/post"}],"author":[{"embeddable":true,"href":"https:\/\/www.invarena.cz\/index.php?rest_route=\/wp\/v2\/users\/1"}],"replies":[{"embeddable":true,"href":"https:\/\/www.invarena.cz\/index.php?rest_route=%2Fwp%2Fv2%2Fcomments&post=23945"}],"version-history":[{"count":0,"href":"https:\/\/www.invarena.cz\/index.php?rest_route=\/wp\/v2\/posts\/23945\/revisions"}],"wp:featuredmedia":[{"embeddable":true,"href":"https:\/\/www.invarena.cz\/index.php?rest_route=\/wp\/v2\/media\/6815"}],"wp:attachment":[{"href":"https:\/\/www.invarena.cz\/index.php?rest_route=%2Fwp%2Fv2%2Fmedia&parent=23945"}],"wp:term":[{"taxonomy":"category","embeddable":true,"href":"https:\/\/www.invarena.cz\/index.php?rest_route=%2Fwp%2Fv2%2Fcategories&post=23945"},{"taxonomy":"post_tag","embeddable":true,"href":"https:\/\/www.invarena.cz\/index.php?rest_route=%2Fwp%2Fv2%2Ftags&post=23945"}],"curies":[{"name":"wp","href":"https:\/\/api.w.org\/{rel}","templated":true}]}}