{"id":23956,"date":"2015-12-28T07:20:41","date_gmt":"2015-12-28T06:20:41","guid":{"rendered":"http:\/\/www.invarena.cz\/?p=23956"},"modified":"2015-12-28T07:20:41","modified_gmt":"2015-12-28T06:20:41","slug":"okradla-postizeneho-pribuzneho","status":"publish","type":"post","link":"https:\/\/www.invarena.cz\/?p=23956","title":{"rendered":"Okradla posti\u017een\u00e9ho p\u0159\u00edbuzn\u00e9ho"},"content":{"rendered":"<p><strong>Kdy\u017e v\u00e1s okrade ciz\u00ed zlod\u011bj na ulici, je to smutn\u00e9. Kdy\u017e v\u00e1s ale okrade va\u0161e vlastn\u00ed rodina, je l\u00edtost jen jedn\u00edm z mnoha pocit\u016f, kter\u00e9 m\u00e1te.<\/strong><!--more--><\/p>\n<p>Tv Barrandov<\/p>\n<p>A bohu\u017eel p\u0159esn\u011b tak dopadl mu\u017e z Teplic, kter\u00e9ho okradla jeho p\u0159\u00edbuzn\u00e1 opatrovnice. S\u00e1m by si toho pravd\u011bpodobn\u011b nev\u0161iml a s t\u00edm \u017eena tak\u00e9 nejsp\u00ed\u0161 po\u010d\u00edtala.<\/p>\n<p>Kdy\u017e d\u011b\u010d\u00ednsk\u00fd okresn\u00ed soud rozhodoval o opatrovnictv\u00ed nesv\u00e9pr\u00e1vn\u00e9ho mu\u017ee z Teplic, sv\u011b\u0159ili jeho \u017eivot do rukou p\u0159\u00edbuzn\u00e9. V tu chv\u00edli je\u0161t\u011b nikdo netu\u0161il, \u017ee ho \u017eena, kter\u00e1 se o n\u011bj m\u011bla starat, nakonec okrade. Opatrovnice toti\u017e zneu\u017eila mu\u017eovy nesv\u00e9pr\u00e1vnosti a p\u0159edev\u0161\u00edm d\u016fv\u011b\u0159ivosti. Kdy\u017e pak u n\u011bj doma na\u0161la vkladn\u00ed kn\u00ed\u017eku, vybrala z n\u00ed po\u0159\u00e1dn\u00fd bal\u00edk pen\u011bz.<\/p>\n<p>Daniel V\u00cdTEK, mluv\u010d\u00ed teplick\u00e9 policie:<br \/>\nJe podez\u0159el\u00e1, \u017ee mu z vkladn\u00ed kn\u00ed\u017eky postupn\u011b vybrala devades\u00e1t tis\u00edc korun, kter\u00e9 pot\u00e9 p\u0159evedla na \u00fa\u010det a utratila.<\/p>\n<p>Cel\u00e9 t\u0159i roky se \u017eena vyh\u00fdbala spravedlnosti, nakonec ale zas\u00e1hl op\u011bt d\u011b\u010d\u00ednsk\u00fd soud, kter\u00fd v r\u00e1mci dohledov\u00e9 \u010dinnosti kontroloval jej\u00ed hospoda\u0159en\u00ed s mu\u017eov\u00fdm majetkem.<\/p>\n<p>redaktor \/citace: Martin JAKUB; mluv\u010d\u00ed Okresn\u00edho soudu v D\u011b\u010d\u00edn\u011b\/:<br \/>\nZ p\u0159edlo\u017een\u00e9ho vy\u00fa\u010dtov\u00e1n\u00ed soud zjistil v\u00fdznamn\u00e9 nesrovnalosti, pokud jde o hospoda\u0159en\u00ed s prost\u0159edky na vkladn\u00ed kn\u00ed\u017ece opatrovance, proto se obr\u00e1til na Okresn\u00ed st\u00e1tn\u00ed zastupitelstv\u00ed v Teplic\u00edch.<\/p>\n<p>\u017denu soud okam\u017eit\u011b zbavil jej\u00ed povinnosti a posti\u017een\u00e9mu mu\u017ei ustanovil n\u00e1hradn\u00edho opatrovn\u00edka.<\/p>\n<p>Daniel V\u00cdTEK, mluv\u010d\u00ed teplick\u00e9 policie:<br \/>\n\u017den\u011b hroz\u00ed v p\u0159\u00edpad\u011b uzn\u00e1n\u00ed viny a\u017e osmilet\u00fd trest odn\u011bt\u00ed svobody.<\/p>\n<p>Vype\u010den\u00e1 opatrovnice nakonec policii dolo\u017eila \u0161edes\u00e1titis\u00edcov\u00e9 \u00fa\u010dty, o dal\u0161\u00edch t\u0159iceti tis\u00edc\u00edch pr\u00fd ale nic nev\u00ed.<\/p>\n<p>Tv Barrandov<\/p>\n","protected":false},"excerpt":{"rendered":"<div class=\"mh-excerpt\"><p>Kdy\u017e v\u00e1s okrade ciz\u00ed zlod\u011bj na ulici, je to smutn\u00e9. Kdy\u017e v\u00e1s ale okrade va\u0161e vlastn\u00ed rodina, je l\u00edtost jen jedn\u00edm z mnoha pocit\u016f, kter\u00e9 <a class=\"mh-excerpt-more\" href=\"https:\/\/www.invarena.cz\/?p=23956\" title=\"Okradla posti\u017een\u00e9ho p\u0159\u00edbuzn\u00e9ho\">[&#8230;]<\/a><\/p>\n<\/div>","protected":false},"author":1,"featured_media":7832,"comment_status":"open","ping_status":"closed","sticky":false,"template":"","format":"standard","meta":{"footnotes":""},"categories":[9],"tags":[],"class_list":["post-23956","post","type-post","status-publish","format-standard","has-post-thumbnail","hentry","category-zpravy"],"_links":{"self":[{"href":"https:\/\/www.invarena.cz\/index.php?rest_route=\/wp\/v2\/posts\/23956","targetHints":{"allow":["GET"]}}],"collection":[{"href":"https:\/\/www.invarena.cz\/index.php?rest_route=\/wp\/v2\/posts"}],"about":[{"href":"https:\/\/www.invarena.cz\/index.php?rest_route=\/wp\/v2\/types\/post"}],"author":[{"embeddable":true,"href":"https:\/\/www.invarena.cz\/index.php?rest_route=\/wp\/v2\/users\/1"}],"replies":[{"embeddable":true,"href":"https:\/\/www.invarena.cz\/index.php?rest_route=%2Fwp%2Fv2%2Fcomments&post=23956"}],"version-history":[{"count":0,"href":"https:\/\/www.invarena.cz\/index.php?rest_route=\/wp\/v2\/posts\/23956\/revisions"}],"wp:featuredmedia":[{"embeddable":true,"href":"https:\/\/www.invarena.cz\/index.php?rest_route=\/wp\/v2\/media\/7832"}],"wp:attachment":[{"href":"https:\/\/www.invarena.cz\/index.php?rest_route=%2Fwp%2Fv2%2Fmedia&parent=23956"}],"wp:term":[{"taxonomy":"category","embeddable":true,"href":"https:\/\/www.invarena.cz\/index.php?rest_route=%2Fwp%2Fv2%2Fcategories&post=23956"},{"taxonomy":"post_tag","embeddable":true,"href":"https:\/\/www.invarena.cz\/index.php?rest_route=%2Fwp%2Fv2%2Ftags&post=23956"}],"curies":[{"name":"wp","href":"https:\/\/api.w.org\/{rel}","templated":true}]}}