{"id":23961,"date":"2015-12-28T07:08:51","date_gmt":"2015-12-28T06:08:51","guid":{"rendered":"http:\/\/www.invarena.cz\/?p=23961"},"modified":"2015-12-28T07:08:51","modified_gmt":"2015-12-28T06:08:51","slug":"evropska-komise-pozaduje-levnejsi-vodu-na-letistich","status":"publish","type":"post","link":"https:\/\/www.invarena.cz\/?p=23961","title":{"rendered":"Evropsk\u00e1 komise po\u017eaduje levn\u011bj\u0161\u00ed vodu na leti\u0161t\u00edch"},"content":{"rendered":"<p>Evropsk\u00e1 komise chce p\u0159im\u011bt provozovatele leti\u0161\u0165, aby cestuj\u00edc\u00edm po bezpe\u010dnostn\u00edch kontrol\u00e1ch umo\u017enily n\u00e1kup levn\u011bj\u0161\u00ed balen\u00e9 vody.<!--more--><\/p>\n<p> Den\u00edku Welt am Sonntag to dnes \u0159ekla komisa\u0159ka pro dopravu Violeta Bulcov\u00e1. Evropsk\u00e1 leti\u0161t\u011b by m\u011bla podle n\u00ed nab\u00edzet balenou vodu zhruba za jedno euro (27 K\u010d).<\/p>\n<p>&#8222;Vedeme intenzivn\u00ed rozhovory s asociac\u00ed leti\u0161\u0165 o tom, jak m\u016f\u017eeme zm\u011bnit praxi, \u017ee po bezpe\u010dnostn\u00edch kontrol\u00e1ch je voda prod\u00e1van\u00e1 cestuj\u00edc\u00edm v\u00fdrazn\u011b dra\u017e\u0161\u00ed ne\u017e p\u0159ed nimi,&#8220; uvedla Bulcov\u00e1. D\u016fvodem, pro\u010d se rozhodla t\u00e9matu v\u011bnovat je pr\u00fd mimo jin\u00e9 zdrav\u00ed pasa\u017e\u00e9r\u016f.<\/p>\n<p>Dosud se rozhodlo nab\u00edzet balenou vodu za jedno euro 126 evropsk\u00fdch leti\u0161\u0165, kter\u00e9 odbav\u00ed zhruba 50 procent cestuj\u00edc\u00edch leteck\u00e9 dopravy nad kontinentem, uvedla Bulcov\u00e1. &#8222;To ale ani zdaleka nesta\u010d\u00ed. Na\u0161\u00edm c\u00edlem je, aby to tak d\u011blala v\u0161echna leti\u0161t\u011b. V\u0161echna leti\u0161t\u011b v Evrop\u011b by m\u011bla nab\u00edzet vodu za euro,&#8220; uvedla slovinsk\u00e1 politi\u010dka. Zat\u00edm pr\u00fd budou prob\u00edhat jedn\u00e1n\u00ed, s p\u0159\u00edpadnou pr\u00e1vn\u00ed \u00fapravou chce Bulcov\u00e1 vy\u010dkat.<\/p>\n<p>L\u00e9ka\u0159i doporu\u010duj\u00ed p\u0159ed a b\u011bhem cesty letadlem hodn\u011b p\u00edt mimo jin\u00e9 proto, aby se p\u0159ede\u0161lo vzniku \u017eiln\u00ed tromb\u00f3zy. Jej\u00ed riziko zvy\u0161uje pr\u00e1v\u011b dehydratace a tak\u00e9 nedostatek pohybu. St\u00e1le v\u00edce aerolinek p\u0159itom pod\u00e1n\u00ed n\u00e1poje b\u011bhem letu zpoplat\u0148uje. V leti\u0161tn\u00edm prostoru za bezpe\u010dnostn\u00edmi kontrolami pak voda stoj\u00ed \u010dasto i n\u011bkolikan\u00e1sobek b\u011b\u017en\u00e9 ceny. Z bezpe\u010dnostn\u00edch d\u016fvod\u016f si p\u0159itom cestuj\u00edc\u00ed se sebou na palubu letadla vlastn\u00ed tekutiny v l\u00e1hv\u00edch o objemu v\u011bt\u0161\u00edm ne\u017e 100 mililitr\u016f br\u00e1t nemohou.<\/p>\n","protected":false},"excerpt":{"rendered":"<div class=\"mh-excerpt\"><p>Evropsk\u00e1 komise chce p\u0159im\u011bt provozovatele leti\u0161\u0165, aby cestuj\u00edc\u00edm po bezpe\u010dnostn\u00edch kontrol\u00e1ch umo\u017enily n\u00e1kup levn\u011bj\u0161\u00ed balen\u00e9 vody.<\/p>\n<\/div>","protected":false},"author":1,"featured_media":0,"comment_status":"open","ping_status":"closed","sticky":false,"template":"","format":"standard","meta":{"footnotes":""},"categories":[9],"tags":[],"class_list":["post-23961","post","type-post","status-publish","format-standard","hentry","category-zpravy"],"_links":{"self":[{"href":"https:\/\/www.invarena.cz\/index.php?rest_route=\/wp\/v2\/posts\/23961","targetHints":{"allow":["GET"]}}],"collection":[{"href":"https:\/\/www.invarena.cz\/index.php?rest_route=\/wp\/v2\/posts"}],"about":[{"href":"https:\/\/www.invarena.cz\/index.php?rest_route=\/wp\/v2\/types\/post"}],"author":[{"embeddable":true,"href":"https:\/\/www.invarena.cz\/index.php?rest_route=\/wp\/v2\/users\/1"}],"replies":[{"embeddable":true,"href":"https:\/\/www.invarena.cz\/index.php?rest_route=%2Fwp%2Fv2%2Fcomments&post=23961"}],"version-history":[{"count":0,"href":"https:\/\/www.invarena.cz\/index.php?rest_route=\/wp\/v2\/posts\/23961\/revisions"}],"wp:attachment":[{"href":"https:\/\/www.invarena.cz\/index.php?rest_route=%2Fwp%2Fv2%2Fmedia&parent=23961"}],"wp:term":[{"taxonomy":"category","embeddable":true,"href":"https:\/\/www.invarena.cz\/index.php?rest_route=%2Fwp%2Fv2%2Fcategories&post=23961"},{"taxonomy":"post_tag","embeddable":true,"href":"https:\/\/www.invarena.cz\/index.php?rest_route=%2Fwp%2Fv2%2Ftags&post=23961"}],"curies":[{"name":"wp","href":"https:\/\/api.w.org\/{rel}","templated":true}]}}