{"id":23969,"date":"2015-12-29T20:55:50","date_gmt":"2015-12-29T19:55:50","guid":{"rendered":"http:\/\/www.invarena.cz\/?p=23969"},"modified":"2015-12-29T21:02:55","modified_gmt":"2015-12-29T20:02:55","slug":"klimkovice-chteji-studii-ktera-vyhodnoti-intenzivni-rehabilitace","status":"publish","type":"post","link":"https:\/\/www.invarena.cz\/?p=23969","title":{"rendered":"Klimkovice cht\u011bj\u00ed studii, kter\u00e1 vyhodnot\u00ed intenzivn\u00ed rehabilitace"},"content":{"rendered":"<p><strong>Sanatoria Klimkovice chystaj\u00ed studii, kter\u00e1 m\u00e1 ov\u011b\u0159it \u00fasp\u011b\u0161nost jejich l\u00e9\u010dby d\u011bt\u00ed s mozkovou obrnou a posti\u017een\u00edmi mozku. L\u00e1zn\u011b t\u011bmto pacient\u016fm ordinuj\u00ed intenzivn\u011bj\u0161\u00ed rehabilitace, ne\u017e je klasick\u00e1 terapie, kterou hrad\u00ed zdravotn\u00ed poji\u0161\u0165ovny. <\/strong><!--more--><\/p>\n<p>Pokud studie prok\u00e1\u017ee, \u017ee intenzivn\u00ed neurofyzik\u00e1ln\u00ed rehabilitace je smyslupln\u00e1, mohlo by to v\u00e9st ke zm\u011bn\u011b metodiky rehabilitace, ale tak\u00e9 pomoci p\u0159i jedn\u00e1n\u00ed s ministerstvem zdravotnictv\u00ed a poji\u0161\u0165ovnami o financov\u00e1n\u00ed t\u00e9to l\u00e9\u010dby. Novin\u00e1\u0159\u016fm to \u0159ekli z\u00e1stupci klimkovick\u00fdch sanatori\u00ed.<\/p>\n<p>&#8222;\u017de je intenzivn\u00ed l\u00e9\u010dba \u00fasp\u011b\u0161n\u011bj\u0161\u00ed, se potvrzuje. V tom nen\u00ed co \u0159e\u0161it. My to pot\u0159ebujeme d\u00e1t jenom do u\u010desan\u00e9 statistick\u00e9 formy, aby to bylo validn\u00ed, aby to nikdo nemohl napadnout,&#8220; \u0159ekl garant projektu Zden\u011bk Mach\u00e1lek. Prokurista sanatori\u00ed Jozef Dej\u010d\u00edk \u0159ekl, \u017ee ov\u011b\u0159en\u00e9 v\u00fdsledky l\u00e1zn\u011b pot\u0159ebuj\u00ed pro odbornou ve\u0159ejnost, revizn\u00ed l\u00e9ka\u0159e poji\u0161\u0165oven a d\u011btsk\u00e9 l\u00e9ka\u0159e.<\/p>\n<p>Do studie cht\u011bj\u00ed sanatoria zapojit 30 d\u011bt\u00ed ve v\u011bku od dvou do \u0161esti let, kter\u00e9 dosud intenzivn\u00ed rehabilitac\u00ed nepro\u0161ly. Rozd\u011bleny budou do dvou skupin po 15. V obou skupin\u00e1ch by m\u011bly b\u00fdt d\u011bti stejn\u011b star\u00e9 a zhruba na stejn\u00e9 \u00farovni, aby byly v\u00fdsledky co nejl\u00e9pe srovnateln\u00e9.<\/p>\n<p>&#8222;Patn\u00e1ct d\u011bt\u00ed podstoup\u00ed intenzivn\u00ed rehabilitaci dvakr\u00e1t za rok po m\u011bs\u00edci ve srovn\u00e1n\u00ed s klasick\u00fdm vzorkem 15 d\u011bt\u00ed, kter\u00e9 budou m\u00edt rehabilitaci tak, jak je v sou\u010dasn\u00e9 dob\u011b hrazena zdravotn\u00edmi poji\u0161\u0165ovnami, to znamen\u00e1 jeden m\u011bs\u00edc v roce,&#8220; \u0159ekl Dej\u010d\u00edk. Krom\u011b toho bude rehabilitace u prvn\u00ed skupiny d\u011bt\u00ed del\u0161\u00ed i v jednotliv\u00fdch dnech. &#8222;Intenzivn\u00ed rehabilitace trv\u00e1 \u010dty\u0159i a\u017e p\u011bt hodin denn\u011b. V b\u011b\u017en\u00e9 skupin\u011b se nerehabilituje tak intenzivn\u011b a je to \u0159\u00e1dov\u011b hodinu, hodinu a p\u016fl,&#8220; \u0159ekl Mach\u00e1lek. Po ukon\u010den\u00ed rehabilitace by s d\u011btmi m\u011bli cvi\u010dit doma rodi\u010de, kter\u00e9 tomu v l\u00e1zn\u00edch odborn\u00edci nau\u010d\u00ed.<\/p>\n<p>Zakladatel Asociace rodi\u010d\u016f d\u011bt\u00ed s d\u011btskou mozkovou obrnou Milo\u0161 Svoboda \u0159ekl, \u017ee rodi\u010de na v\u00fdsledky takov\u00e9ho v\u00fdzkumu zoufale \u010dekaj\u00ed. &#8222;Na\u0161e d\u011bti jezd\u00ed za r\u016fzn\u00fdmi intenzivn\u00edmi rehabilitacemi na celou \u0159adu specializovan\u00fdch rehabilita\u010dn\u00edch pracovi\u0161\u0165. Abychom z\u00edskali prost\u0159edky na jejich \u00fahradu, mnohdy mus\u00edme potupn\u011b sb\u00edrat plastov\u00e1 v\u00ed\u010dka,&#8220; \u0159ekl Svoboda.<\/p>\n<p>Vypracov\u00e1n\u00ed studie p\u0159ijde zhruba na t\u0159i miliony korun. L\u00e1zn\u011b na ni sh\u00e1n\u011bj\u00ed finan\u010dn\u00ed podporu z ve\u0159ejn\u00fdch zdroj\u016f. Pokud ji z\u00edskaj\u00ed, mohlo by zpracov\u00e1n\u00ed studie trvat asi rok a p\u016fl, v opa\u010dn\u00e9m p\u0159\u00edpad\u011b se nat\u00e1hne a\u017e na t\u0159i roky. Jde o pilotn\u00ed projekt, Dej\u010d\u00edk \u0159ekl, \u017ee smysl by m\u011blo ud\u011blat i studii pro v\u011bkovou kategorii d\u011bt\u00ed od \u0161esti do 15 let.<\/p>\n","protected":false},"excerpt":{"rendered":"<div class=\"mh-excerpt\"><p>Sanatoria Klimkovice chystaj\u00ed studii, kter\u00e1 m\u00e1 ov\u011b\u0159it \u00fasp\u011b\u0161nost jejich l\u00e9\u010dby d\u011bt\u00ed s mozkovou obrnou a posti\u017een\u00edmi mozku. L\u00e1zn\u011b t\u011bmto pacient\u016fm ordinuj\u00ed intenzivn\u011bj\u0161\u00ed rehabilitace, ne\u017e je <a class=\"mh-excerpt-more\" href=\"https:\/\/www.invarena.cz\/?p=23969\" title=\"Klimkovice cht\u011bj\u00ed studii, kter\u00e1 vyhodnot\u00ed intenzivn\u00ed rehabilitace\">[&#8230;]<\/a><\/p>\n<\/div>","protected":false},"author":1,"featured_media":23972,"comment_status":"open","ping_status":"closed","sticky":false,"template":"","format":"standard","meta":{"footnotes":""},"categories":[11],"tags":[],"class_list":["post-23969","post","type-post","status-publish","format-standard","has-post-thumbnail","hentry","category-zdravi"],"_links":{"self":[{"href":"https:\/\/www.invarena.cz\/index.php?rest_route=\/wp\/v2\/posts\/23969","targetHints":{"allow":["GET"]}}],"collection":[{"href":"https:\/\/www.invarena.cz\/index.php?rest_route=\/wp\/v2\/posts"}],"about":[{"href":"https:\/\/www.invarena.cz\/index.php?rest_route=\/wp\/v2\/types\/post"}],"author":[{"embeddable":true,"href":"https:\/\/www.invarena.cz\/index.php?rest_route=\/wp\/v2\/users\/1"}],"replies":[{"embeddable":true,"href":"https:\/\/www.invarena.cz\/index.php?rest_route=%2Fwp%2Fv2%2Fcomments&post=23969"}],"version-history":[{"count":0,"href":"https:\/\/www.invarena.cz\/index.php?rest_route=\/wp\/v2\/posts\/23969\/revisions"}],"wp:featuredmedia":[{"embeddable":true,"href":"https:\/\/www.invarena.cz\/index.php?rest_route=\/wp\/v2\/media\/23972"}],"wp:attachment":[{"href":"https:\/\/www.invarena.cz\/index.php?rest_route=%2Fwp%2Fv2%2Fmedia&parent=23969"}],"wp:term":[{"taxonomy":"category","embeddable":true,"href":"https:\/\/www.invarena.cz\/index.php?rest_route=%2Fwp%2Fv2%2Fcategories&post=23969"},{"taxonomy":"post_tag","embeddable":true,"href":"https:\/\/www.invarena.cz\/index.php?rest_route=%2Fwp%2Fv2%2Ftags&post=23969"}],"curies":[{"name":"wp","href":"https:\/\/api.w.org\/{rel}","templated":true}]}}