{"id":23976,"date":"2015-12-30T07:13:52","date_gmt":"2015-12-30T06:13:52","guid":{"rendered":"http:\/\/www.invarena.cz\/?p=23976"},"modified":"2015-12-30T07:13:52","modified_gmt":"2015-12-30T06:13:52","slug":"nakaza-praseci-chripkou-zabila-od-listopadu-v-iranu-112-lidi","status":"publish","type":"post","link":"https:\/\/www.invarena.cz\/?p=23976","title":{"rendered":"N\u00e1kaza prase\u010d\u00ed ch\u0159ipkou zabila od listopadu v \u00cdr\u00e1nu 112 lid\u00ed"},"content":{"rendered":"<p>N\u00e1kaza prase\u010d\u00ed ch\u0159ipkou usmrtila od poloviny listopadu v \u00cdr\u00e1nu ji\u017e 112 lid\u00ed, informovala dnes tamn\u00ed m\u00e9dia. Onemocn\u011bn\u00ed podlehl i prvn\u00ed zdravotn\u00edk. Dal\u0161\u00edch 1190 osob, u kter\u00fdch l\u00e9ka\u0159i zjistili p\u0159\u00edtomnosti viru H1N1, skon\u010dilo v nemocnici.<!--more--><\/p>\n<p>&#8222;Vakc\u00edny i laboratorn\u00ed vybaven\u00ed pro ur\u010den\u00ed diagn\u00f3zy jsou 24 hodin k dispozici po cel\u00e9 zemi,&#8220; citovala agentura AFP z\u00e1stupce \u00edr\u00e1nsk\u00e9ho ministerstva zdravotnictv\u00ed Mohammada Mahd\u00edho G\u00faju. N\u00e1kaza je pr\u00fd pod kontrolou a jej\u00ed &#8222;prvn\u00ed a v\u00e1\u017en\u011bj\u0161\u00ed vlna&#8220; by m\u011bla v p\u0159\u00ed\u0161t\u00edch dnech opadnout.<\/p>\n<p>K v\u011bt\u0161in\u011b \u00famrt\u00ed do\u0161lo na jihov\u00fdchod\u011b zem\u011b, ostatn\u00ed provincie byly n\u00e1kazou zasa\u017eeny jen ojedin\u011ble. Prvn\u00edm zdravotn\u00edkem, kter\u00fd zem\u0159el, kdy\u017e se nakazil od pacient\u016f, se stala zdravotn\u00ed sestra v severov\u00fdchodn\u00edm m\u011bst\u011b N\u00ed\u0161\u00e1p\u00far. \u00cdr\u00e1nsk\u00e9 \u00fa\u0159ady ji\u017e d\u0159\u00edve varovaly, \u017ee se prase\u010d\u00ed ch\u0159ipka m\u016f\u017ee roz\u0161\u00ed\u0159it i do Teher\u00e1nu a do dal\u0161\u00edch provinci\u00ed na severu a z\u00e1pad\u011b zem\u011b.<\/p>\n<p>Virus H1N1, kter\u00fd vznikl sm\u00ed\u0161en\u00edm vir\u016f prase\u010d\u00ed, lidsk\u00e9 a pta\u010d\u00ed ch\u0159ipky, se objevil p\u0159ed \u0161esti lety. \u0160\u00ed\u0159\u00ed se vzduchem a napad\u00e1 d\u00fdchac\u00ed \u00fastroj\u00ed \u010dlov\u011bka. Naka\u017een\u00ed pak trp\u00ed r\u00fdmou, ka\u0161lem, bolestmi hlavy a krku, maj\u00ed vysok\u00e9 hore\u010dky; \u010dastou komplikac\u00ed m\u016f\u017ee b\u00fdt i z\u00e1pal plic.<\/p>\n<p>V \u010dervnu 2009 byla vyhl\u00e1\u0161ena pandemie prase\u010d\u00ed ch\u0159ipky, celosv\u011btov\u011b j\u00ed podlehlo na 18.500 lid\u00ed. V \u010cesk\u00e9 republice se touto ch\u0159ipkou nakazilo celkem 2477 osob a do b\u0159ezna 2010 na ni 102 lid\u00ed zem\u0159elo. Pandemie skon\u010dila v srpnu 2010.<\/p>\n","protected":false},"excerpt":{"rendered":"<div class=\"mh-excerpt\"><p>N\u00e1kaza prase\u010d\u00ed ch\u0159ipkou usmrtila od poloviny listopadu v \u00cdr\u00e1nu ji\u017e 112 lid\u00ed, informovala dnes tamn\u00ed m\u00e9dia. Onemocn\u011bn\u00ed podlehl i prvn\u00ed zdravotn\u00edk. Dal\u0161\u00edch 1190 osob, u <a class=\"mh-excerpt-more\" href=\"https:\/\/www.invarena.cz\/?p=23976\" title=\"N\u00e1kaza prase\u010d\u00ed ch\u0159ipkou zabila od listopadu v \u00cdr\u00e1nu 112 lid\u00ed\">[&#8230;]<\/a><\/p>\n<\/div>","protected":false},"author":1,"featured_media":0,"comment_status":"open","ping_status":"closed","sticky":false,"template":"","format":"standard","meta":{"footnotes":""},"categories":[9],"tags":[],"class_list":["post-23976","post","type-post","status-publish","format-standard","hentry","category-zpravy"],"_links":{"self":[{"href":"https:\/\/www.invarena.cz\/index.php?rest_route=\/wp\/v2\/posts\/23976","targetHints":{"allow":["GET"]}}],"collection":[{"href":"https:\/\/www.invarena.cz\/index.php?rest_route=\/wp\/v2\/posts"}],"about":[{"href":"https:\/\/www.invarena.cz\/index.php?rest_route=\/wp\/v2\/types\/post"}],"author":[{"embeddable":true,"href":"https:\/\/www.invarena.cz\/index.php?rest_route=\/wp\/v2\/users\/1"}],"replies":[{"embeddable":true,"href":"https:\/\/www.invarena.cz\/index.php?rest_route=%2Fwp%2Fv2%2Fcomments&post=23976"}],"version-history":[{"count":0,"href":"https:\/\/www.invarena.cz\/index.php?rest_route=\/wp\/v2\/posts\/23976\/revisions"}],"wp:attachment":[{"href":"https:\/\/www.invarena.cz\/index.php?rest_route=%2Fwp%2Fv2%2Fmedia&parent=23976"}],"wp:term":[{"taxonomy":"category","embeddable":true,"href":"https:\/\/www.invarena.cz\/index.php?rest_route=%2Fwp%2Fv2%2Fcategories&post=23976"},{"taxonomy":"post_tag","embeddable":true,"href":"https:\/\/www.invarena.cz\/index.php?rest_route=%2Fwp%2Fv2%2Ftags&post=23976"}],"curies":[{"name":"wp","href":"https:\/\/api.w.org\/{rel}","templated":true}]}}